{"id":40120,"date":"2023-09-10T13:43:10","date_gmt":"2023-09-10T13:43:10","guid":{"rendered":"https:\/\/armstrongyregion.com.ar\/diario\/?p=40120"},"modified":"2023-09-10T13:48:58","modified_gmt":"2023-09-10T13:48:58","slug":"con-gran-expectativa-comenzaron-los-comicios-en-santa-fe","status":"publish","type":"post","link":"https:\/\/armstrongyregion.com.ar\/diario\/con-gran-expectativa-comenzaron-los-comicios-en-santa-fe\/","title":{"rendered":"Con gran expectativa comenzaron los comicios en Santa Fe."},"content":{"rendered":"\n<figure class=\"wp-block-image size-full\"><a href=\"http:\/\/armstrongyregion.com.ar\/diario\/wp-content\/uploads\/2021\/07\/elecciones-PASO-legislativas-2017-1920-28.jpg\"><img loading=\"lazy\" decoding=\"async\" width=\"610\" height=\"343\" src=\"http:\/\/armstrongyregion.com.ar\/diario\/wp-content\/uploads\/2021\/07\/elecciones-PASO-legislativas-2017-1920-28.jpg\" alt=\"\" class=\"wp-image-31036\" srcset=\"https:\/\/armstrongyregion.com.ar\/diario\/wp-content\/uploads\/2021\/07\/elecciones-PASO-legislativas-2017-1920-28.jpg 610w, https:\/\/armstrongyregion.com.ar\/diario\/wp-content\/uploads\/2021\/07\/elecciones-PASO-legislativas-2017-1920-28-300x169.jpg 300w\" sizes=\"auto, (max-width: 610px) 100vw, 610px\" \/><\/a><\/figure>\n\n\n\n<p>La jornada electoral ya se lleva adelante en la provincia de Santa Fe, donde los ciudadanos  votan para definir al pr\u00f3ximo gobernador y vice,\u00a0como tambi\u00e9n diputados provinciales, senadores departamentales, intendentes, concejales y autoridades de comunas.<br>El ex ministro de Seguridad provincial\u00a0Maximiliano Pullaro, de Juntos por el Cambio, se perfila como el gran favorito para suceder en la Gobernaci\u00f3n a Omar Perotti, mientras que el senador nacional\u00a0Marcelo Lewandowski busca retener la conducci\u00f3n de la provincia para el peronismo.<br><br>Los santafesinos m\u00e1s madrugadores ya se han acercando a las escuelas para sufragar en una jornada que amaneci\u00f3 con 10 grados en la ciudad de Armstrong y que prev\u00e9 alcanzar los 26 grados durante la tarde.<br>Los otros dos postulantes a gobernador que compiten por la Casa Gris (sede del gobierno santafesino), son Carla Deiana (Frente de Izquierda y de los Trabajadores) y Edelvino Bodoira (Viva la Libertad), este \u00faltimo de un espacio libertario que no cuenta con el padrinazgo de Milei.<br>La campa\u00f1a de los candidatos estuvo centrada en propuestas en torno a la seguridad, ya que los hechos de violencia, sobre todo en Rosario, por el accionar de bandas ligadas al narcotr\u00e1fico, son una de las principales preocupaciones de los santafesinos.<br>En la provincia se vota a trav\u00e9s del sistema de boleta \u00fanica de papel en cinco categor\u00edas: f\u00f3rmula para la gobernaci\u00f3n, 19 bancasen la C\u00e1mara alta, 50 bancas en la C\u00e1mara baja, la gran mayor\u00eda de las intendencias y presidencias comunales de los 365 municipios y comunas y la mitad de los concejos municipales.<br>Santa Fe representa es el tercer distrito con mayor peso electoral de la Argentina (casi el 8 por ciento del padr\u00f3n nacional),\u00a0con 2,8 millones de personas en condiciones de votar, por lo que estos comicios son seguidos muy de cerca por el resto del pa\u00eds.<\/p>\n\n\n\n<p><\/p>\n","protected":false},"excerpt":{"rendered":"<p>La jornada electoral ya se lleva adelante en la provincia de Santa Fe, donde los ciudadanos votan para definir al pr\u00f3ximo gobernador y vice,\u00a0como tambi\u00e9n diputados provinciales, senadores departamentales, intendentes, concejales y autoridades de comunas.El ex ministro de Seguridad provincial\u00a0Maximiliano Pullaro, de Juntos por el Cambio, se perfila como el gran favorito para suceder en <a href=\"https:\/\/armstrongyregion.com.ar\/diario\/con-gran-expectativa-comenzaron-los-comicios-en-santa-fe\/\" title=\"Read more\" >&#8230;<\/a><\/p>\n","protected":false},"author":1,"featured_media":31013,"comment_status":"open","ping_status":"open","sticky":false,"template":"","format":"image","meta":{"_jetpack_memberships_contains_paid_content":false,"footnotes":"","jetpack_publicize_message":"","jetpack_publicize_feature_enabled":true,"jetpack_social_post_already_shared":true,"jetpack_social_options":{"image_generator_settings":{"template":"highway","default_image_id":0,"enabled":false},"version":2}},"categories":[8,1,2,7,3],"tags":[701,9267,9781,8495,9771],"class_list":["post-40120","post","type-post","status-publish","format-image","has-post-thumbnail","hentry","category-deliberando","category-diario-armstrong","category-locales","category-politica","category-region","tag-comenzaron","tag-comicios","tag-con-gran","tag-elecciones-2","tag-expectativa","post_format-post-format-image"],"jetpack_publicize_connections":[],"jetpack_featured_media_url":"https:\/\/armstrongyregion.com.ar\/diario\/wp-content\/uploads\/2021\/07\/elecciones-armstrong.jpg","jetpack_shortlink":"https:\/\/wp.me\/p62QDO-ar6","jetpack_sharing_enabled":true,"amp_enabled":true,"_links":{"self":[{"href":"https:\/\/armstrongyregion.com.ar\/diario\/wp-json\/wp\/v2\/posts\/40120","targetHints":{"allow":["GET"]}}],"collection":[{"href":"https:\/\/armstrongyregion.com.ar\/diario\/wp-json\/wp\/v2\/posts"}],"about":[{"href":"https:\/\/armstrongyregion.com.ar\/diario\/wp-json\/wp\/v2\/types\/post"}],"author":[{"embeddable":true,"href":"https:\/\/armstrongyregion.com.ar\/diario\/wp-json\/wp\/v2\/users\/1"}],"replies":[{"embeddable":true,"href":"https:\/\/armstrongyregion.com.ar\/diario\/wp-json\/wp\/v2\/comments?post=40120"}],"version-history":[{"count":1,"href":"https:\/\/armstrongyregion.com.ar\/diario\/wp-json\/wp\/v2\/posts\/40120\/revisions"}],"predecessor-version":[{"id":40121,"href":"https:\/\/armstrongyregion.com.ar\/diario\/wp-json\/wp\/v2\/posts\/40120\/revisions\/40121"}],"wp:featuredmedia":[{"embeddable":true,"href":"https:\/\/armstrongyregion.com.ar\/diario\/wp-json\/wp\/v2\/media\/31013"}],"wp:attachment":[{"href":"https:\/\/armstrongyregion.com.ar\/diario\/wp-json\/wp\/v2\/media?parent=40120"}],"wp:term":[{"taxonomy":"category","embeddable":true,"href":"https:\/\/armstrongyregion.com.ar\/diario\/wp-json\/wp\/v2\/categories?post=40120"},{"taxonomy":"post_tag","embeddable":true,"href":"https:\/\/armstrongyregion.com.ar\/diario\/wp-json\/wp\/v2\/tags?post=40120"}],"curies":[{"name":"wp","href":"https:\/\/api.w.org\/{rel}","templated":true}]}}