{"id":40104,"date":"2023-09-08T03:26:49","date_gmt":"2023-09-08T03:26:49","guid":{"rendered":"https:\/\/armstrongyregion.com.ar\/diario\/?p=40104"},"modified":"2023-09-08T03:26:52","modified_gmt":"2023-09-08T03:26:52","slug":"junto-a-pullaro-y-scaglia-vamos-a-motorizar-un-cambio-profundo-en-santa-fe","status":"publish","type":"post","link":"https:\/\/armstrongyregion.com.ar\/diario\/junto-a-pullaro-y-scaglia-vamos-a-motorizar-un-cambio-profundo-en-santa-fe\/","title":{"rendered":"\u201cJunto a Pullaro y Scaglia vamos a motorizar un cambio profundo en Santa Fe\u201d."},"content":{"rendered":"\n<figure class=\"wp-block-image size-full\"><a href=\"http:\/\/armstrongyregion.com.ar\/diario\/wp-content\/uploads\/2023\/09\/CLARI-MAXI-SCAGLIA-.jpg\"><img loading=\"lazy\" decoding=\"async\" width=\"480\" height=\"320\" src=\"http:\/\/armstrongyregion.com.ar\/diario\/wp-content\/uploads\/2023\/09\/CLARI-MAXI-SCAGLIA-.jpg\" alt=\"\" class=\"wp-image-40105\" srcset=\"https:\/\/armstrongyregion.com.ar\/diario\/wp-content\/uploads\/2023\/09\/CLARI-MAXI-SCAGLIA-.jpg 480w, https:\/\/armstrongyregion.com.ar\/diario\/wp-content\/uploads\/2023\/09\/CLARI-MAXI-SCAGLIA--300x200.jpg 300w\" sizes=\"auto, (max-width: 480px) 100vw, 480px\" \/><\/a><\/figure>\n\n\n\n<h2 class=\"wp-block-heading\"><em>La primera candidata diputada confi\u00f3 en el triunfo de la lista que encabeza y en la conformaci\u00f3n de una nueva mayor\u00eda en el Senado para que el pr\u00f3ximo gobierno \u201cdeje atr\u00e1s una gesti\u00f3n que solo signific\u00f3 cuatro a\u00f1os perdidos para los santafesinos\u201d.<\/em><\/h2>\n\n\n\n<p>La primera candidata diputada provincial por Unidos para cambiar Santa Fe, Clara Garc\u00eda, asegur\u00f3 que la lista que encabeza \u201cest\u00e1 preparada para el desaf\u00edo y la responsabilidad de votar las leyes del cambio y la transformaci\u00f3n que se iniciar\u00e1 con el futuro gobierno de Maximiliano Pullaro. Desde este domingo empezamos a dejar atr\u00e1s una gesti\u00f3n que solo signific\u00f3 cuatro a\u00f1os perdidos para los santafesinos\u201d, asever\u00f3. &nbsp;<\/p>\n\n\n\n<p>En tal sentido, el propio Pullaro se\u00f1al\u00f3 que \u201cla victoria de Clara Garc\u00eda es clave para iniciar una nueva etapa en la C\u00e1mara de Diputadas y Diputados, de mucho trabajo y mucho di\u00e1logo con el Ejecutivo para concretar proyectos decisivos para Santa Fe\u201d, recalc\u00f3.<\/p>\n\n\n\n<p>En t\u00e9rminos similares, Garc\u00eda marc\u00f3 la importancia de alcanzar la mayor\u00eda en la C\u00e1mara de Diputados: \u201cMaxi va a necesitar legisladores y legisladoras que defiendan su proyecto de gobierno y lo ayuden en su gesti\u00f3n con la aprobaci\u00f3n de las leyes necesarias. Lo haremos en conjunto con la futura vicegobernadora Gisela Scaglia, y con esa nueva mayor\u00eda que seguramente tendremos en el Senado provincial\u201d, vaticin\u00f3, en relaci\u00f3n a las posibilidades de que varios candidatos a senadores de Unidos se impongan en sus respectivos departamentos. \u201cSomos un equipo s\u00f3lido y comprometido, y tenemos una gran oportunidad por delante\u201d, dijo en declaraciones period\u00edsticas.&nbsp;<\/p>\n\n\n\n<p>En tono cr\u00edtico hacia el gobernador Omar Perotti, Garc\u00eda anunci\u00f3 que \u201cse terminan la trampa visitar obras que no est\u00e1n terminadas, el disciplinamiento pol\u00edtico a los municipios y comunas para asignarles obras y recursos, la enorme ineficiencia para asistir a los productores ante una sequ\u00eda sin precedentes, la ausencia de una pol\u00edtica educativa, el descuido de la salud p\u00fablica\u201d, enumer\u00f3.<\/p>\n\n\n\n<p>\u201cY sobre todo \u2013resalt\u00f3 la candidata de Unidos- se termina la desidia y la incompetencia para hacer frente a la cuesti\u00f3n m\u00e1s grave, que es la inseguridad. Impulsaremos la ley para combatir el narcomenudeo que propone Maxi para atacar los puntos de venta en los barrios\u201d, afirm\u00f3. En este punto, tambi\u00e9n se refiri\u00f3 al tema de la justicia: \u201cVamos a reforzar la justicia penal desde el primer d\u00eda de gesti\u00f3n y no como este gobernador, que reci\u00e9n se acord\u00f3 de mandar pliegos para la designaci\u00f3n de nuevos jueces y fiscales quince d\u00edas antes de elegir a su sucesor\u201d.<\/p>\n\n\n\n<p>\u201cTambi\u00e9n vamos a votar la ley de educaci\u00f3n que a Perotti nunca le interes\u00f3 y que a\u00fan teniendo media sanci\u00f3n, el Senado cajone\u00f3 durante todo este per\u00edodo; ser\u00e1 una ley que brinde a nuestros ni\u00f1os y ni\u00f1as los mejores aprendizajes; y a nuestros adolescentes y j\u00f3venes las herramientas para puedan construir un proyecto de vida\u201d, describi\u00f3.&nbsp;<\/p>\n\n\n\n<p>\u201cVamos a votar leyes de presupuesto para que las obras de infraestructura lleguen a toda la provincia de manera justa y transparente; y tambi\u00e9n aquellas que den apoyo y previsibilidad a la producci\u00f3n, contemplando la diversidad de sectores en esta provincia tan rica\u201d, continu\u00f3.<\/p>\n","protected":false},"excerpt":{"rendered":"<p>La primera candidata diputada confi\u00f3 en el triunfo de la lista que encabeza y en la conformaci\u00f3n de una nueva mayor\u00eda en el Senado para que el pr\u00f3ximo gobierno \u201cdeje atr\u00e1s una gesti\u00f3n que solo signific\u00f3 cuatro a\u00f1os perdidos para los santafesinos\u201d. La primera candidata diputada provincial por Unidos para cambiar Santa Fe, Clara Garc\u00eda, <a href=\"https:\/\/armstrongyregion.com.ar\/diario\/junto-a-pullaro-y-scaglia-vamos-a-motorizar-un-cambio-profundo-en-santa-fe\/\" title=\"Read more\" >&#8230;<\/a><\/p>\n","protected":false},"author":1,"featured_media":40105,"comment_status":"open","ping_status":"open","sticky":false,"template":"","format":"image","meta":{"_jetpack_memberships_contains_paid_content":false,"footnotes":"","jetpack_publicize_message":"","jetpack_publicize_feature_enabled":true,"jetpack_social_post_already_shared":true,"jetpack_social_options":{"image_generator_settings":{"template":"highway","default_image_id":0,"enabled":false},"version":2}},"categories":[8,1,2,7,3],"tags":[9623,9777,9609],"class_list":["post-40104","post","type-post","status-publish","format-image","has-post-thumbnail","hentry","category-deliberando","category-diario-armstrong","category-locales","category-politica","category-region","tag-clara-garcia-2","tag-clari","tag-maximiliano-pullaro","post_format-post-format-image"],"jetpack_publicize_connections":[],"jetpack_featured_media_url":"https:\/\/armstrongyregion.com.ar\/diario\/wp-content\/uploads\/2023\/09\/CLARI-MAXI-SCAGLIA-.jpg","jetpack_shortlink":"https:\/\/wp.me\/p62QDO-aqQ","jetpack_sharing_enabled":true,"amp_enabled":true,"_links":{"self":[{"href":"https:\/\/armstrongyregion.com.ar\/diario\/wp-json\/wp\/v2\/posts\/40104","targetHints":{"allow":["GET"]}}],"collection":[{"href":"https:\/\/armstrongyregion.com.ar\/diario\/wp-json\/wp\/v2\/posts"}],"about":[{"href":"https:\/\/armstrongyregion.com.ar\/diario\/wp-json\/wp\/v2\/types\/post"}],"author":[{"embeddable":true,"href":"https:\/\/armstrongyregion.com.ar\/diario\/wp-json\/wp\/v2\/users\/1"}],"replies":[{"embeddable":true,"href":"https:\/\/armstrongyregion.com.ar\/diario\/wp-json\/wp\/v2\/comments?post=40104"}],"version-history":[{"count":1,"href":"https:\/\/armstrongyregion.com.ar\/diario\/wp-json\/wp\/v2\/posts\/40104\/revisions"}],"predecessor-version":[{"id":40106,"href":"https:\/\/armstrongyregion.com.ar\/diario\/wp-json\/wp\/v2\/posts\/40104\/revisions\/40106"}],"wp:featuredmedia":[{"embeddable":true,"href":"https:\/\/armstrongyregion.com.ar\/diario\/wp-json\/wp\/v2\/media\/40105"}],"wp:attachment":[{"href":"https:\/\/armstrongyregion.com.ar\/diario\/wp-json\/wp\/v2\/media?parent=40104"}],"wp:term":[{"taxonomy":"category","embeddable":true,"href":"https:\/\/armstrongyregion.com.ar\/diario\/wp-json\/wp\/v2\/categories?post=40104"},{"taxonomy":"post_tag","embeddable":true,"href":"https:\/\/armstrongyregion.com.ar\/diario\/wp-json\/wp\/v2\/tags?post=40104"}],"curies":[{"name":"wp","href":"https:\/\/api.w.org\/{rel}","templated":true}]}}