{"id":40100,"date":"2023-09-08T02:44:25","date_gmt":"2023-09-08T02:44:25","guid":{"rendered":"https:\/\/armstrongyregion.com.ar\/diario\/?p=40100"},"modified":"2023-09-08T02:44:28","modified_gmt":"2023-09-08T02:44:28","slug":"cornaglia-solicito-que-se-habilite-como-acompanantes-de-personas-con-discapacidad-a-profesionales-de-la-salud-y-la-educacion","status":"publish","type":"post","link":"https:\/\/armstrongyregion.com.ar\/diario\/cornaglia-solicito-que-se-habilite-como-acompanantes-de-personas-con-discapacidad-a-profesionales-de-la-salud-y-la-educacion\/","title":{"rendered":"Cornaglia solicit\u00f3 que se habilite como acompa\u00f1antes de personas con discapacidad a profesionales de la salud y la educaci\u00f3n."},"content":{"rendered":"\n<figure class=\"wp-block-image size-full\"><a href=\"http:\/\/armstrongyregion.com.ar\/diario\/wp-content\/uploads\/2023\/09\/GC-2023-09-07-Cornaglia-Acompanantes-Discapacidad.jpg\"><img loading=\"lazy\" decoding=\"async\" width=\"480\" height=\"270\" src=\"http:\/\/armstrongyregion.com.ar\/diario\/wp-content\/uploads\/2023\/09\/GC-2023-09-07-Cornaglia-Acompanantes-Discapacidad.jpg\" alt=\"\" class=\"wp-image-40101\" srcset=\"https:\/\/armstrongyregion.com.ar\/diario\/wp-content\/uploads\/2023\/09\/GC-2023-09-07-Cornaglia-Acompanantes-Discapacidad.jpg 480w, https:\/\/armstrongyregion.com.ar\/diario\/wp-content\/uploads\/2023\/09\/GC-2023-09-07-Cornaglia-Acompanantes-Discapacidad-300x169.jpg 300w\" sizes=\"auto, (max-width: 480px) 100vw, 480px\" \/><\/a><\/figure>\n\n\n\n<h2 class=\"wp-block-heading\"><strong>La ley actual solo permite que sean acompa\u00f1antes de personas con discapacidad psic\u00f3logos y psicopedagogos, excluyendo a profesiones dentro del \u00e1mbito de la salud y la educaci\u00f3n que por sus incumbencias y saberes est\u00e1n en condiciones de asumir esta tarea.<\/strong><\/h2>\n\n\n\n<p>El senador provincial Guillermo Cornaglia solicita al Gobierno de Santa Fe que habilite a profesionales con competencias y saberes afines a disciplinas de la Salud y la Educaci\u00f3n para ser acompa\u00f1antes de personas con discapacidad a fin de lograr la integraci\u00f3n interinstitucional de ni\u00f1as, ni\u00f1os, adolescentes y j\u00f3venes.<\/p>\n\n\n\n<p>Cornaglia ingres\u00f3 este pedido a la C\u00e1mara de Senadores a trav\u00e9s de un Proyecto de Comunicaci\u00f3n, cuya elaboraci\u00f3n fue resultado de diferentes reuniones con madres, padres y familiares de ni\u00f1as, ni\u00f1os, adolescentes y j\u00f3venes con discapacidad del departamento Belgrano. La solicitud tiene como objetivo la modificaci\u00f3n del Decreto N\u00b0 2703\/10, el cual establece que los profesionales habilitados como acompa\u00f1antes de las personas con discapacidad s\u00f3lo ser\u00e1n profesionales incluidos en el servicio psicopedag\u00f3gico, es decir, psic\u00f3logos y psicopedagogos.<\/p>\n\n\n\n<p>\u201cLa cantidad de ni\u00f1as, ni\u00f1os, adolescentes y j\u00f3venes con discapacidad que requieren de una o un acompa\u00f1ante id\u00f3neo para su tr\u00e1nsito por instituciones formativas y educativas excede ampliamente la disponibilidad de las y los profesionales de la psicolog\u00eda y de la psicopedagog\u00eda\u201d, fundament\u00f3 el senador Cornaglia, y agreg\u00f3: \u201cExisten otras profesiones dentro del \u00e1mbito de la salud y de la educaci\u00f3n, que por sus incumbencias y saberes, est\u00e1n en condiciones de asumir la tarea de acompa\u00f1amiento de manera id\u00f3nea y amorosa; pero que no pueden hacerlo debido al impedimento legal\u201d.<\/p>\n\n\n\n<p>A principios de julio el senador Cornaglia recibi\u00f3 a un grupo autoconvocado de familiares de personas con discapacidad de Las Parejas para escuchar sus necesidades y preocupaciones. Luego de ese encuentro, comenzaron a trabajar en conjunto y ampliaron la convocatoria a todo el departamento Belgrano. En este sentido, el subsecretario de Inclusi\u00f3n para Personas con Discapacidad de Santa Fe, Patricio Huerga, brind\u00f3 una charla abierta sobre discapacidad e inclusi\u00f3n, oportunidad donde adem\u00e1s respondi\u00f3 consultas de las personas que asistieron y recolect\u00f3 la demanda de familiares, docentes y profesionales de la salud.<\/p>\n\n\n\n<p>Recientemente Guillermo Cornaglia se reuni\u00f3 con familiares de personas con discapacidad de Armstrong, instancia que culmin\u00f3 con la posibilidad de un encuentro virtual con Patricio Huerga y el equipo legislativo del senador Cornaglia, representado en esta oportunidad por la abogada parlamentarista Fabiana Malatesta y el psic\u00f3logo Juan Ignacio Agugliaro. Todo ese trabajo realizado en los \u00faltimos meses permiti\u00f3 elaborar el proyecto que fue ingresado esta semana en la Legislatura santafesina.<\/p>\n","protected":false},"excerpt":{"rendered":"<p>La ley actual solo permite que sean acompa\u00f1antes de personas con discapacidad psic\u00f3logos y psicopedagogos, excluyendo a profesiones dentro del \u00e1mbito de la salud y la educaci\u00f3n que por sus incumbencias y saberes est\u00e1n en condiciones de asumir esta tarea. El senador provincial Guillermo Cornaglia solicita al Gobierno de Santa Fe que habilite a profesionales <a href=\"https:\/\/armstrongyregion.com.ar\/diario\/cornaglia-solicito-que-se-habilite-como-acompanantes-de-personas-con-discapacidad-a-profesionales-de-la-salud-y-la-educacion\/\" title=\"Read more\" >&#8230;<\/a><\/p>\n","protected":false},"author":1,"featured_media":40101,"comment_status":"open","ping_status":"open","sticky":false,"template":"","format":"image","meta":{"_jetpack_memberships_contains_paid_content":false,"footnotes":"","jetpack_publicize_message":"","jetpack_publicize_feature_enabled":true,"jetpack_social_post_already_shared":true,"jetpack_social_options":{"image_generator_settings":{"template":"highway","default_image_id":0,"enabled":false},"version":2}},"categories":[8,1,2,7,3],"tags":[9776,572,1324,9775,108,86,2732],"class_list":["post-40100","post","type-post","status-publish","format-image","has-post-thumbnail","hentry","category-deliberando","category-diario-armstrong","category-locales","category-politica","category-region","tag-acompanantes","tag-como","tag-cornaglia","tag-habilite","tag-que","tag-se","tag-solicito","post_format-post-format-image"],"jetpack_publicize_connections":[],"jetpack_featured_media_url":"https:\/\/armstrongyregion.com.ar\/diario\/wp-content\/uploads\/2023\/09\/GC-2023-09-07-Cornaglia-Acompanantes-Discapacidad.jpg","jetpack_shortlink":"https:\/\/wp.me\/p62QDO-aqM","jetpack_sharing_enabled":true,"amp_enabled":true,"_links":{"self":[{"href":"https:\/\/armstrongyregion.com.ar\/diario\/wp-json\/wp\/v2\/posts\/40100","targetHints":{"allow":["GET"]}}],"collection":[{"href":"https:\/\/armstrongyregion.com.ar\/diario\/wp-json\/wp\/v2\/posts"}],"about":[{"href":"https:\/\/armstrongyregion.com.ar\/diario\/wp-json\/wp\/v2\/types\/post"}],"author":[{"embeddable":true,"href":"https:\/\/armstrongyregion.com.ar\/diario\/wp-json\/wp\/v2\/users\/1"}],"replies":[{"embeddable":true,"href":"https:\/\/armstrongyregion.com.ar\/diario\/wp-json\/wp\/v2\/comments?post=40100"}],"version-history":[{"count":1,"href":"https:\/\/armstrongyregion.com.ar\/diario\/wp-json\/wp\/v2\/posts\/40100\/revisions"}],"predecessor-version":[{"id":40103,"href":"https:\/\/armstrongyregion.com.ar\/diario\/wp-json\/wp\/v2\/posts\/40100\/revisions\/40103"}],"wp:featuredmedia":[{"embeddable":true,"href":"https:\/\/armstrongyregion.com.ar\/diario\/wp-json\/wp\/v2\/media\/40101"}],"wp:attachment":[{"href":"https:\/\/armstrongyregion.com.ar\/diario\/wp-json\/wp\/v2\/media?parent=40100"}],"wp:term":[{"taxonomy":"category","embeddable":true,"href":"https:\/\/armstrongyregion.com.ar\/diario\/wp-json\/wp\/v2\/categories?post=40100"},{"taxonomy":"post_tag","embeddable":true,"href":"https:\/\/armstrongyregion.com.ar\/diario\/wp-json\/wp\/v2\/tags?post=40100"}],"curies":[{"name":"wp","href":"https:\/\/api.w.org\/{rel}","templated":true}]}}