{"id":40097,"date":"2023-09-08T01:14:04","date_gmt":"2023-09-08T01:14:04","guid":{"rendered":"https:\/\/armstrongyregion.com.ar\/diario\/?p=40097"},"modified":"2023-09-08T01:14:06","modified_gmt":"2023-09-08T01:14:06","slug":"martorano-recorrio-la-unidad-de-terapia-intensiva-del-hospital-de-canada-de-gomez","status":"publish","type":"post","link":"https:\/\/armstrongyregion.com.ar\/diario\/martorano-recorrio-la-unidad-de-terapia-intensiva-del-hospital-de-canada-de-gomez\/","title":{"rendered":"Martorano recorri\u00f3 la Unidad de Terapia Intensiva del Hospital de Ca\u00f1ada de G\u00f3mez."},"content":{"rendered":"\n<figure class=\"wp-block-image size-full\"><a href=\"http:\/\/armstrongyregion.com.ar\/diario\/wp-content\/uploads\/2023\/09\/MARTORANO-CANADA-.jpg\"><img loading=\"lazy\" decoding=\"async\" width=\"642\" height=\"360\" src=\"http:\/\/armstrongyregion.com.ar\/diario\/wp-content\/uploads\/2023\/09\/MARTORANO-CANADA-.jpg\" alt=\"\" class=\"wp-image-40098\" srcset=\"https:\/\/armstrongyregion.com.ar\/diario\/wp-content\/uploads\/2023\/09\/MARTORANO-CANADA-.jpg 642w, https:\/\/armstrongyregion.com.ar\/diario\/wp-content\/uploads\/2023\/09\/MARTORANO-CANADA--300x168.jpg 300w\" sizes=\"auto, (max-width: 642px) 100vw, 642px\" \/><\/a><\/figure>\n\n\n\n<h2 class=\"wp-block-heading\">Este \u00e1rea cuenta con 5 camas el\u00e9ctricas completamente equipadas.<\/h2>\n\n\n\n<p>La ministra de Salud provincial, Sonia Martorano, recorri\u00f3 este jueves las instalaciones de la Unidad de Terapia Intensiva (UTI) de alta complejidad de la localidad de Ca\u00f1ada de G\u00f3mez.<\/p>\n\n\n\n<p>En la oportunidad, Martorano sostuvo que \u201cla UTI del hospital San Jos\u00e9 se viene fortaleciendo con el paso del tiempo. Recordemos que comenz\u00f3 teniendo una sola cama y hoy cuenta con 5, todas nuevas, el\u00e9ctricas, con respirador y con monitores multiparam\u00e9tricos. Con esto vemos que tenemos una UTI de alta complejidad y, aqu\u00ed en la localidad, de cercan\u00eda\u201d.<\/p>\n\n\n\n<p>\u201cAdem\u00e1s esto no es solo para los pacientes, sino tambi\u00e9n para los trabajadores y trabajadoras de la salud porque de esta manera desempe\u00f1an sus actividades en condiciones adecuadas. Por ejemplo, cuentan con una cama que pueden elevarla el\u00e9ctricamente a la altura que se precisa, pudiendo hacer una intubaci\u00f3n como corresponde, poder ingresar al paciente que lo requiera en asistencia respiratoria mec\u00e1nica en un aparato nuevo, que tenga alto flujo\u201d, continu\u00f3.<\/p>\n\n\n\n<p>Asimismo, la titular de la cartera sanitaria mencion\u00f3 que \u201ctambi\u00e9n es un motivo de gran alegr\u00eda el pase a planta permanente, tanto de profesionales como no profesionales, cumpliendo con el compromiso asumido ante tanta gente que trabaj\u00f3, puso el cuerpo, esfuerzo, dedicaci\u00f3n, vocaci\u00f3n y pasi\u00f3n durante la pandemia que nos toc\u00f3 atravesar. Por eso hay que recordar y reconocer a estas trabajadoras y trabajadores con la estabilidad laboral que se merecen. Este hospital de Ca\u00f1ada de G\u00f3mez qued\u00f3 con una situaci\u00f3n de mayor estabilidad laboral pero tambi\u00e9n con una gran mejor\u00eda de las instalaciones y equipamiento\u201d.<\/p>\n\n\n\n<p>Por otro lado, la funcionaria resalt\u00f3 el rumbo que tomaron las escuelas de enfermer\u00eda en la provincia, destacando que \u201ctodas eran a ciclos cerrados, eso quiere decir que comienzan a estudiar y cuando cierran ese ciclo reci\u00e9n ingresan a cursar. Ahora, por una pol\u00edtica de Estado, ingresan todos los a\u00f1os, permitiendo que tengamos una gran cantidad de enfermeros y enfermeras que salen de cualquiera de las escuelas de la provincia\u201d.<\/p>\n\n\n\n<p>Finalmente, la ministra de Salud expres\u00f3 que \u201clo importante son los equipos que quedan conformados, porque m\u00e1s all\u00e1 de los funcionarios, todos estos trabajadores y trabajadoras quedan y son ellos los que tienen que tener las mejores condiciones laborales y los mejores elementos para poder desempe\u00f1ar sus tareas en pos de los vecinos y vecinas de la localidad\u201d.<\/p>\n\n\n\n<p>\u201cA eso apuntamos, aqu\u00ed y en toda la provincia, a una salud m\u00e1s cercana, que no tengamos que estar derivando a los pacientes. Tener m\u00e1s complejidad y m\u00e1s camas es muy bueno por el talento humano lo tenemos\u201d, concluy\u00f3 Martorano.<\/p>\n\n\n\n<p>Por su parte, la intendenta local, Stella Clerici, destac\u00f3 que \u201cesta es una labor cotidiana en conjunto con el equipo del hospital y del Ministerio de Salud\u201d, afirm\u00f3 y detall\u00f3 que pasaron \u201cde tener un edificio de maternidad abandonado a tener un edificio modelo, donde hoy funciona la escuela de enfermer\u00eda; de tener una cama en la UTI a tener 5 de \u00faltima generaci\u00f3n y con todo el equipamiento necesario; la digitalizaci\u00f3n del servicio de radiolog\u00eda; lo nombramientos, que son muy importante porque sabemos que nuestro hospital le faltaba mucha gente, durante la pandemia se incorpor\u00f3 personal y son ellos a los que hoy se los est\u00e1 reconociendo con su pase a planta permanente por su gran labor durante la pandemia\u201d.<\/p>\n\n\n\n<p>\u201cHay que destacar este trabajo en equipo, el crecimiento y seguir fortalecimiento a Ca\u00f1ada de G\u00f3mez como un polo educativo y, ahora, sanitario. Siempre hay mucho por hacer y para ello tenemos que seguir trabajando en equipo para ir resolviendo los inconvenientes que se puedan presentar a futuro\u201d, cerr\u00f3 Clerici.<\/p>\n\n\n\n<p>Por \u00faltimo, el director del hospital de Ca\u00f1ada de G\u00f3mez, Gonzalo Rodr\u00edguez, agradeci\u00f3 y expres\u00f3 que \u201cver este hospital como est\u00e1 hoy, como hemos reforzado no solo la terapia sino los centros de salud que tenemos a nuestro cargo, se debe a este trabajo de equipo que durante todo el a\u00f1o se esforz\u00f3 para que nos encontremos hoy as\u00ed\u201d.<\/p>\n\n\n\n<p><strong>OBRAS EN EL HOSPITAL DE CA\u00d1ADA DE G\u00d3MEZ<\/strong><\/p>\n\n\n\n<p>M\u00e1s all\u00e1 de la ampliaci\u00f3n de la sala de terapia intensiva, el efector logr\u00f3 la recuperaci\u00f3n del edificio hist\u00f3rico de la maternidad para el traslado de la Escuela de Enfermer\u00eda y el Servicio de Kinesiolog\u00eda, como as\u00ed tambi\u00e9n, de espacios para el traslado de vacunatorio, direcci\u00f3n y fonoaudiologia. Incorpor\u00f3 un equipo de digitalizaci\u00f3n de im\u00e1genes radiol\u00f3gicas.<\/p>\n\n\n\n<p>Al mismo tiempo sum\u00f3 una ambulancia de \u00faltima generaci\u00f3n que funciona en la localidad, pero tambi\u00e9n cubre la demanda de la regi\u00f3n.<\/p>\n","protected":false},"excerpt":{"rendered":"<p>Este \u00e1rea cuenta con 5 camas el\u00e9ctricas completamente equipadas. La ministra de Salud provincial, Sonia Martorano, recorri\u00f3 este jueves las instalaciones de la Unidad de Terapia Intensiva (UTI) de alta complejidad de la localidad de Ca\u00f1ada de G\u00f3mez. En la oportunidad, Martorano sostuvo que \u201cla UTI del hospital San Jos\u00e9 se viene fortaleciendo con el <a href=\"https:\/\/armstrongyregion.com.ar\/diario\/martorano-recorrio-la-unidad-de-terapia-intensiva-del-hospital-de-canada-de-gomez\/\" title=\"Read more\" >&#8230;<\/a><\/p>\n","protected":false},"author":1,"featured_media":40098,"comment_status":"open","ping_status":"open","sticky":false,"template":"","format":"image","meta":{"_jetpack_memberships_contains_paid_content":false,"footnotes":"","jetpack_publicize_message":"","jetpack_publicize_feature_enabled":true,"jetpack_social_post_already_shared":true,"jetpack_social_options":{"image_generator_settings":{"template":"highway","default_image_id":0,"enabled":false},"version":2}},"categories":[8,1,7,3],"tags":[9737,19,3880,8846,9018,3879],"class_list":["post-40097","post","type-post","status-publish","format-image","has-post-thumbnail","hentry","category-deliberando","category-diario-armstrong","category-politica","category-region","tag-canada-de-gomez-4","tag-de","tag-intensiva","tag-martorano","tag-recorrio-2","tag-terapia","post_format-post-format-image"],"jetpack_publicize_connections":[],"jetpack_featured_media_url":"https:\/\/armstrongyregion.com.ar\/diario\/wp-content\/uploads\/2023\/09\/MARTORANO-CANADA-.jpg","jetpack_shortlink":"https:\/\/wp.me\/p62QDO-aqJ","jetpack_sharing_enabled":true,"amp_enabled":true,"_links":{"self":[{"href":"https:\/\/armstrongyregion.com.ar\/diario\/wp-json\/wp\/v2\/posts\/40097","targetHints":{"allow":["GET"]}}],"collection":[{"href":"https:\/\/armstrongyregion.com.ar\/diario\/wp-json\/wp\/v2\/posts"}],"about":[{"href":"https:\/\/armstrongyregion.com.ar\/diario\/wp-json\/wp\/v2\/types\/post"}],"author":[{"embeddable":true,"href":"https:\/\/armstrongyregion.com.ar\/diario\/wp-json\/wp\/v2\/users\/1"}],"replies":[{"embeddable":true,"href":"https:\/\/armstrongyregion.com.ar\/diario\/wp-json\/wp\/v2\/comments?post=40097"}],"version-history":[{"count":1,"href":"https:\/\/armstrongyregion.com.ar\/diario\/wp-json\/wp\/v2\/posts\/40097\/revisions"}],"predecessor-version":[{"id":40099,"href":"https:\/\/armstrongyregion.com.ar\/diario\/wp-json\/wp\/v2\/posts\/40097\/revisions\/40099"}],"wp:featuredmedia":[{"embeddable":true,"href":"https:\/\/armstrongyregion.com.ar\/diario\/wp-json\/wp\/v2\/media\/40098"}],"wp:attachment":[{"href":"https:\/\/armstrongyregion.com.ar\/diario\/wp-json\/wp\/v2\/media?parent=40097"}],"wp:term":[{"taxonomy":"category","embeddable":true,"href":"https:\/\/armstrongyregion.com.ar\/diario\/wp-json\/wp\/v2\/categories?post=40097"},{"taxonomy":"post_tag","embeddable":true,"href":"https:\/\/armstrongyregion.com.ar\/diario\/wp-json\/wp\/v2\/tags?post=40097"}],"curies":[{"name":"wp","href":"https:\/\/api.w.org\/{rel}","templated":true}]}}