{"id":40092,"date":"2023-09-07T23:36:47","date_gmt":"2023-09-07T23:36:47","guid":{"rendered":"https:\/\/armstrongyregion.com.ar\/diario\/?p=40092"},"modified":"2023-09-07T23:36:49","modified_gmt":"2023-09-07T23:36:49","slug":"convocatoria-asociacion-bomberos-voluntarios-de-armstrong","status":"publish","type":"post","link":"https:\/\/armstrongyregion.com.ar\/diario\/convocatoria-asociacion-bomberos-voluntarios-de-armstrong\/","title":{"rendered":"CONVOCATORIA: Asociaci\u00f3n Bomberos voluntarios de Armstrong."},"content":{"rendered":"\n<figure class=\"wp-block-image size-full\"><a href=\"http:\/\/armstrongyregion.com.ar\/diario\/wp-content\/uploads\/2023\/04\/bomberos-logo.jpg\"><img loading=\"lazy\" decoding=\"async\" width=\"768\" height=\"768\" src=\"http:\/\/armstrongyregion.com.ar\/diario\/wp-content\/uploads\/2023\/04\/bomberos-logo.jpg\" alt=\"\" class=\"wp-image-38283\" srcset=\"https:\/\/armstrongyregion.com.ar\/diario\/wp-content\/uploads\/2023\/04\/bomberos-logo.jpg 768w, https:\/\/armstrongyregion.com.ar\/diario\/wp-content\/uploads\/2023\/04\/bomberos-logo-300x300.jpg 300w, https:\/\/armstrongyregion.com.ar\/diario\/wp-content\/uploads\/2023\/04\/bomberos-logo-150x150.jpg 150w\" sizes=\"auto, (max-width: 768px) 100vw, 768px\" \/><\/a><\/figure>\n\n\n\n<p><strong>Se convoca a los se\u00f1ores asociados a Asamblea General Ordinaria conforme al art\u00edculo 27 y<br>28, a celebrarse el d\u00eda 17 de Septiembre de 2023, a las 20:00 hs en primera convocatoria y a las<br>21:00hs en segunda convocatoria, en el sal\u00f3n de reuniones de la Asociaci\u00f3n de Bomberos<br>Voluntarios en Bv. Sanguinetti n\u00ba 1927 de la ciudad de Armstrong, Departamento Belgrano, Provincia<br>de Santa Fe para tratar el siguiente:<\/strong><\/p>\n\n\n\n<p>ORDEN DEL DIA:<br>1) Elecci\u00f3n de un socio para que presida la Asamblea.<br>2) Designaci\u00f3n de dos asamble\u00edstas para que conjuntamente con el presidente y secretario<br>aprueben y firmen el Acta de Asamblea. \u2013<br>3) Consideraci\u00f3n de la Memoria Anual, Balance General e Informe del Sindico correspondiente<br>al ejercicio N\u00b0 49, finalizado al 4 de mayo de 2023.-<br>4) Renovaci\u00f3n parcial del Consejo Directivo: Designaci\u00f3n de un (1) presidente. (1)<br>vicepresidente. (1) secretario. (1) Tesorero. Elecci\u00f3n de dos (2) Vocales Titulares. Elecci\u00f3n<br>de un (1) Vocal Suplente. S\u00edndico titular (1). &#8211;<\/p>\n","protected":false},"excerpt":{"rendered":"<p>Se convoca a los se\u00f1ores asociados a Asamblea General Ordinaria conforme al art\u00edculo 27 y28, a celebrarse el d\u00eda 17 de Septiembre de 2023, a las 20:00 hs en primera convocatoria y a las21:00hs en segunda convocatoria, en el sal\u00f3n de reuniones de la Asociaci\u00f3n de BomberosVoluntarios en Bv. Sanguinetti n\u00ba 1927 de la ciudad <a href=\"https:\/\/armstrongyregion.com.ar\/diario\/convocatoria-asociacion-bomberos-voluntarios-de-armstrong\/\" title=\"Read more\" >&#8230;<\/a><\/p>\n","protected":false},"author":1,"featured_media":38283,"comment_status":"open","ping_status":"open","sticky":false,"template":"","format":"image","meta":{"_jetpack_memberships_contains_paid_content":false,"footnotes":"","jetpack_publicize_message":"","jetpack_publicize_feature_enabled":true,"jetpack_social_post_already_shared":true,"jetpack_social_options":{"image_generator_settings":{"template":"highway","default_image_id":0,"enabled":false},"version":2}},"categories":[8,1,2,3],"tags":[20,352,451,353],"class_list":["post-40092","post","type-post","status-publish","format-image","has-post-thumbnail","hentry","category-deliberando","category-diario-armstrong","category-locales","category-region","tag-armstrong","tag-bomberos","tag-convocatoria","tag-voluntarios","post_format-post-format-image"],"jetpack_publicize_connections":[],"jetpack_featured_media_url":"https:\/\/armstrongyregion.com.ar\/diario\/wp-content\/uploads\/2023\/04\/bomberos-logo.jpg","jetpack_shortlink":"https:\/\/wp.me\/p62QDO-aqE","jetpack_sharing_enabled":true,"amp_enabled":true,"_links":{"self":[{"href":"https:\/\/armstrongyregion.com.ar\/diario\/wp-json\/wp\/v2\/posts\/40092","targetHints":{"allow":["GET"]}}],"collection":[{"href":"https:\/\/armstrongyregion.com.ar\/diario\/wp-json\/wp\/v2\/posts"}],"about":[{"href":"https:\/\/armstrongyregion.com.ar\/diario\/wp-json\/wp\/v2\/types\/post"}],"author":[{"embeddable":true,"href":"https:\/\/armstrongyregion.com.ar\/diario\/wp-json\/wp\/v2\/users\/1"}],"replies":[{"embeddable":true,"href":"https:\/\/armstrongyregion.com.ar\/diario\/wp-json\/wp\/v2\/comments?post=40092"}],"version-history":[{"count":1,"href":"https:\/\/armstrongyregion.com.ar\/diario\/wp-json\/wp\/v2\/posts\/40092\/revisions"}],"predecessor-version":[{"id":40093,"href":"https:\/\/armstrongyregion.com.ar\/diario\/wp-json\/wp\/v2\/posts\/40092\/revisions\/40093"}],"wp:featuredmedia":[{"embeddable":true,"href":"https:\/\/armstrongyregion.com.ar\/diario\/wp-json\/wp\/v2\/media\/38283"}],"wp:attachment":[{"href":"https:\/\/armstrongyregion.com.ar\/diario\/wp-json\/wp\/v2\/media?parent=40092"}],"wp:term":[{"taxonomy":"category","embeddable":true,"href":"https:\/\/armstrongyregion.com.ar\/diario\/wp-json\/wp\/v2\/categories?post=40092"},{"taxonomy":"post_tag","embeddable":true,"href":"https:\/\/armstrongyregion.com.ar\/diario\/wp-json\/wp\/v2\/tags?post=40092"}],"curies":[{"name":"wp","href":"https:\/\/api.w.org\/{rel}","templated":true}]}}