{"id":40049,"date":"2023-09-04T19:06:10","date_gmt":"2023-09-04T19:06:10","guid":{"rendered":"https:\/\/armstrongyregion.com.ar\/diario\/?p=40049"},"modified":"2023-09-04T19:08:21","modified_gmt":"2023-09-04T19:08:21","slug":"apertura-de-sobres-licitacion-n-09-2023","status":"publish","type":"post","link":"https:\/\/armstrongyregion.com.ar\/diario\/apertura-de-sobres-licitacion-n-09-2023\/","title":{"rendered":"Apertura de sobres Licitaci\u00f3n N\u00b0 09\/2023"},"content":{"rendered":"\n<p>El d\u00eda viernes 1 de septiembre en dependencias de la Municipalidad de Armstrong se procedi\u00f3 a la apertura de sobres correspondiente al Llamado a Licitaci\u00f3n P\u00fablica N\u00b0 09\/2023 para la provisi\u00f3n de mano de obra, materiales y equipos para la ejecuci\u00f3n de cord\u00f3n cuneta en callejuela Brasil. <\/p>\n\n\n\n<p>Participaron del acto los Secretarios de Gobierno Daniela P\u00e9rez, de Hacienda y Finanzas CPN Franco Sterrantino, y de Obras P\u00fablicas Ing. Natalia Mart\u00ednez, y la Dra. Natalia C\u00f3rdoba a cargo del Departamento Legales.<\/p>\n\n\n\n<p>En la oportunidad se recepcionaron 3 ofertas de las siguientes firmas: RABER S.R.L. quien cotiza la suma de $ 20.061.457,11 IVA incluido; MEROCHENICH S.R.L. cotiza $ 21.777.368,56 IVA incluido; MDC Constructora S.R.L. cotiza $ 13.427.000 IVA incluido. Las 3 empresas con domicilio en la ciudad de Armstrong.<\/p>\n\n\n\n<p>Previa lectura y ratificaci\u00f3n se firm\u00f3 el acta correspondiente. De acuerdo a uno de los puntos previstos en el Pliego de bases y condiciones, las autoridades se reservan el derecho de aceptar o rechazar en forma total y\/o parcial las propuestas recibidas, sin derecho a reclamo alguno por parte de los oferentes.<\/p>\n","protected":false},"excerpt":{"rendered":"<p>El d\u00eda viernes 1 de septiembre en dependencias de la Municipalidad de Armstrong se procedi\u00f3 a la apertura de sobres correspondiente al Llamado a Licitaci\u00f3n P\u00fablica N\u00b0 09\/2023 para la provisi\u00f3n de mano de obra, materiales y equipos para la ejecuci\u00f3n de cord\u00f3n cuneta en callejuela Brasil. Participaron del acto los Secretarios de Gobierno Daniela <a href=\"https:\/\/armstrongyregion.com.ar\/diario\/apertura-de-sobres-licitacion-n-09-2023\/\" title=\"Read more\" >&#8230;<\/a><\/p>\n","protected":false},"author":2,"featured_media":40050,"comment_status":"open","ping_status":"open","sticky":false,"template":"","format":"image","meta":{"_jetpack_memberships_contains_paid_content":false,"footnotes":"","jetpack_publicize_message":"","jetpack_publicize_feature_enabled":true,"jetpack_social_post_already_shared":true,"jetpack_social_options":{"image_generator_settings":{"template":"highway","default_image_id":0,"enabled":false},"version":2}},"categories":[1,7],"tags":[9765,20,9764],"class_list":["post-40049","post","type-post","status-publish","format-image","has-post-thumbnail","hentry","category-diario-armstrong","category-politica","tag-apertura-de-sobres","tag-armstrong","tag-licitacion-n-09-2023","post_format-post-format-image"],"jetpack_publicize_connections":[],"jetpack_featured_media_url":"https:\/\/armstrongyregion.com.ar\/diario\/wp-content\/uploads\/2023\/09\/apertura_de_ofertas_licitacion.jpg","jetpack_shortlink":"https:\/\/wp.me\/p62QDO-apX","jetpack_sharing_enabled":true,"amp_enabled":true,"_links":{"self":[{"href":"https:\/\/armstrongyregion.com.ar\/diario\/wp-json\/wp\/v2\/posts\/40049","targetHints":{"allow":["GET"]}}],"collection":[{"href":"https:\/\/armstrongyregion.com.ar\/diario\/wp-json\/wp\/v2\/posts"}],"about":[{"href":"https:\/\/armstrongyregion.com.ar\/diario\/wp-json\/wp\/v2\/types\/post"}],"author":[{"embeddable":true,"href":"https:\/\/armstrongyregion.com.ar\/diario\/wp-json\/wp\/v2\/users\/2"}],"replies":[{"embeddable":true,"href":"https:\/\/armstrongyregion.com.ar\/diario\/wp-json\/wp\/v2\/comments?post=40049"}],"version-history":[{"count":3,"href":"https:\/\/armstrongyregion.com.ar\/diario\/wp-json\/wp\/v2\/posts\/40049\/revisions"}],"predecessor-version":[{"id":40054,"href":"https:\/\/armstrongyregion.com.ar\/diario\/wp-json\/wp\/v2\/posts\/40049\/revisions\/40054"}],"wp:featuredmedia":[{"embeddable":true,"href":"https:\/\/armstrongyregion.com.ar\/diario\/wp-json\/wp\/v2\/media\/40050"}],"wp:attachment":[{"href":"https:\/\/armstrongyregion.com.ar\/diario\/wp-json\/wp\/v2\/media?parent=40049"}],"wp:term":[{"taxonomy":"category","embeddable":true,"href":"https:\/\/armstrongyregion.com.ar\/diario\/wp-json\/wp\/v2\/categories?post=40049"},{"taxonomy":"post_tag","embeddable":true,"href":"https:\/\/armstrongyregion.com.ar\/diario\/wp-json\/wp\/v2\/tags?post=40049"}],"curies":[{"name":"wp","href":"https:\/\/api.w.org\/{rel}","templated":true}]}}