{"id":40015,"date":"2023-09-02T17:21:27","date_gmt":"2023-09-02T17:21:27","guid":{"rendered":"https:\/\/armstrongyregion.com.ar\/diario\/?p=40015"},"modified":"2023-09-02T17:21:29","modified_gmt":"2023-09-02T17:21:29","slug":"facundo-amil-somos-los-unicos-que-podemos-cambiar-algo-de-esta-politica","status":"publish","type":"post","link":"https:\/\/armstrongyregion.com.ar\/diario\/facundo-amil-somos-los-unicos-que-podemos-cambiar-algo-de-esta-politica\/","title":{"rendered":"Facundo Amil: \u00abSomos los \u00fanicos que podemos cambiar algo de esta pol\u00edtica\u00bb."},"content":{"rendered":"\n<figure class=\"wp-block-image size-full\"><a href=\"http:\/\/armstrongyregion.com.ar\/diario\/wp-content\/uploads\/2023\/07\/FACU-AMIL-5-7-23-.jpg\"><img loading=\"lazy\" decoding=\"async\" width=\"424\" height=\"435\" src=\"http:\/\/armstrongyregion.com.ar\/diario\/wp-content\/uploads\/2023\/07\/FACU-AMIL-5-7-23-.jpg\" alt=\"\" class=\"wp-image-39298\" srcset=\"https:\/\/armstrongyregion.com.ar\/diario\/wp-content\/uploads\/2023\/07\/FACU-AMIL-5-7-23-.jpg 424w, https:\/\/armstrongyregion.com.ar\/diario\/wp-content\/uploads\/2023\/07\/FACU-AMIL-5-7-23--292x300.jpg 292w\" sizes=\"auto, (max-width: 424px) 100vw, 424px\" \/><\/a><\/figure>\n\n\n\n<p>Facundo Amil, quien encabea su lista en di\u00e1logo con www.armstrongyregion.com.ar expres\u00f3: \u00abEl partido local, Somos Armstrong ha mostrado un crecimiento excepcional en muy poco tiempo, eso habla de la aceptaci\u00f3n de nuestra propuesta. Estamos en tiempos de cambio y eso incluye principalmente a los dirigentes pol\u00edticos\u00bb.<\/p>\n\n\n\n<p>Amil a\u00f1adi\u00f3: \u00abVenimos a ofrecer una opci\u00f3n distinta, aportando sentido com\u00fan, ideas y proyectos para acompa\u00f1ar al crecimiento de la ciudad\u00bb.<\/p>\n","protected":false},"excerpt":{"rendered":"<p>Facundo Amil, quien encabea su lista en di\u00e1logo con www.armstrongyregion.com.ar expres\u00f3: \u00abEl partido local, Somos Armstrong ha mostrado un crecimiento excepcional en muy poco tiempo, eso habla de la aceptaci\u00f3n de nuestra propuesta. Estamos en tiempos de cambio y eso incluye principalmente a los dirigentes pol\u00edticos\u00bb. Amil a\u00f1adi\u00f3: \u00abVenimos a ofrecer una opci\u00f3n distinta, aportando <a href=\"https:\/\/armstrongyregion.com.ar\/diario\/facundo-amil-somos-los-unicos-que-podemos-cambiar-algo-de-esta-politica\/\" title=\"Read more\" >&#8230;<\/a><\/p>\n","protected":false},"author":1,"featured_media":39298,"comment_status":"open","ping_status":"open","sticky":false,"template":"","format":"image","meta":{"_jetpack_memberships_contains_paid_content":false,"footnotes":"","jetpack_publicize_message":"","jetpack_publicize_feature_enabled":true,"jetpack_social_post_already_shared":true,"jetpack_social_options":{"image_generator_settings":{"template":"highway","default_image_id":0,"enabled":false},"version":2}},"categories":[8,1,2,7],"tags":[8601,8781,31,42,9760,9761,108,9759],"class_list":["post-40015","post","type-post","status-publish","format-image","has-post-thumbnail","hentry","category-deliberando","category-diario-armstrong","category-locales","category-politica","tag-amil","tag-cambiar","tag-la","tag-los","tag-podemos-2","tag-politica-3","tag-que","tag-unicos-2","post_format-post-format-image"],"jetpack_publicize_connections":[],"jetpack_featured_media_url":"https:\/\/armstrongyregion.com.ar\/diario\/wp-content\/uploads\/2023\/07\/FACU-AMIL-5-7-23-.jpg","jetpack_shortlink":"https:\/\/wp.me\/p62QDO-app","jetpack_sharing_enabled":true,"amp_enabled":true,"_links":{"self":[{"href":"https:\/\/armstrongyregion.com.ar\/diario\/wp-json\/wp\/v2\/posts\/40015","targetHints":{"allow":["GET"]}}],"collection":[{"href":"https:\/\/armstrongyregion.com.ar\/diario\/wp-json\/wp\/v2\/posts"}],"about":[{"href":"https:\/\/armstrongyregion.com.ar\/diario\/wp-json\/wp\/v2\/types\/post"}],"author":[{"embeddable":true,"href":"https:\/\/armstrongyregion.com.ar\/diario\/wp-json\/wp\/v2\/users\/1"}],"replies":[{"embeddable":true,"href":"https:\/\/armstrongyregion.com.ar\/diario\/wp-json\/wp\/v2\/comments?post=40015"}],"version-history":[{"count":1,"href":"https:\/\/armstrongyregion.com.ar\/diario\/wp-json\/wp\/v2\/posts\/40015\/revisions"}],"predecessor-version":[{"id":40016,"href":"https:\/\/armstrongyregion.com.ar\/diario\/wp-json\/wp\/v2\/posts\/40015\/revisions\/40016"}],"wp:featuredmedia":[{"embeddable":true,"href":"https:\/\/armstrongyregion.com.ar\/diario\/wp-json\/wp\/v2\/media\/39298"}],"wp:attachment":[{"href":"https:\/\/armstrongyregion.com.ar\/diario\/wp-json\/wp\/v2\/media?parent=40015"}],"wp:term":[{"taxonomy":"category","embeddable":true,"href":"https:\/\/armstrongyregion.com.ar\/diario\/wp-json\/wp\/v2\/categories?post=40015"},{"taxonomy":"post_tag","embeddable":true,"href":"https:\/\/armstrongyregion.com.ar\/diario\/wp-json\/wp\/v2\/tags?post=40015"}],"curies":[{"name":"wp","href":"https:\/\/api.w.org\/{rel}","templated":true}]}}