{"id":40005,"date":"2023-09-02T15:34:01","date_gmt":"2023-09-02T15:34:01","guid":{"rendered":"https:\/\/armstrongyregion.com.ar\/diario\/?p=40005"},"modified":"2023-09-02T15:34:02","modified_gmt":"2023-09-02T15:34:02","slug":"representantes-del-directorio-de-la-epe-participaron-de-un-encuentro-con-cooperativas-electricas-de-la-provincia","status":"publish","type":"post","link":"https:\/\/armstrongyregion.com.ar\/diario\/representantes-del-directorio-de-la-epe-participaron-de-un-encuentro-con-cooperativas-electricas-de-la-provincia\/","title":{"rendered":"Representantes del directorio de la EPE participaron de un encuentro con cooperativas el\u00e9ctricas de la provincia."},"content":{"rendered":"\n<figure class=\"wp-block-image size-full\"><a href=\"http:\/\/armstrongyregion.com.ar\/diario\/wp-content\/uploads\/2023\/09\/COOP-PCIA-.jpg\"><img loading=\"lazy\" decoding=\"async\" width=\"632\" height=\"285\" src=\"http:\/\/armstrongyregion.com.ar\/diario\/wp-content\/uploads\/2023\/09\/COOP-PCIA-.jpg\" alt=\"\" class=\"wp-image-40006\" srcset=\"https:\/\/armstrongyregion.com.ar\/diario\/wp-content\/uploads\/2023\/09\/COOP-PCIA-.jpg 632w, https:\/\/armstrongyregion.com.ar\/diario\/wp-content\/uploads\/2023\/09\/COOP-PCIA--300x135.jpg 300w\" sizes=\"auto, (max-width: 632px) 100vw, 632px\" \/><\/a><\/figure>\n\n\n\n<h2 class=\"wp-block-heading\">En la oportunidad, se resalt\u00f3 el acompa\u00f1amiento del gobierno provincial a las entidades.<\/h2>\n\n\n\n<figure class=\"wp-block-table\"><table><tbody><tr><td><br>&nbsp;La directora Cooperativa de la Empresa Provincial de la Energ\u00eda (EPE), Gisela Wild, particip\u00f3 del encuentro de cooperativas el\u00e9ctricas de la provincia de Santa Fe, nucleadas en la Federaci\u00f3n Santafesina de Cooperativas de Obras y Servicios Publicos (FESCOE), y repas\u00f3 las principales medidas adoptadas por la EPE tendientes a equiparar las inequidades entre los usuarios de la empresa y los socios de las 64 distribuidoras el\u00e9ctricas cooperativas de la provincia.Al respecto, Wild indic\u00f3 que se \u201cacompa\u00f1\u00f3 cada una de las demandas del sector cooperativo, siguiendo las instrucciones del Gobernador Omar Perotti de construir una EPE m\u00e1s cerca de la gente y trabajar con compromiso para disminuir las hist\u00f3ricas iniquidades territoriales\u00bb.En tanto, las entidades del sector valoraron el acompa\u00f1amiento econ\u00f3mico de la gesti\u00f3n provincial, que a lo largo de los \u00faltimos a\u00f1os viene inyectando alrededor de 3.000 millones de pesos a trav\u00e9s del traslado de beneficios nacionales, siendo la \u00fanica provincia que concret\u00f3 estas medidas, lo que permiti\u00f3 a las entidades cooperativas mantener los niveles de inversi\u00f3n en infraestructura y generar pol\u00edticas de contenci\u00f3n a trav\u00e9s de planes de pago hacia sus asociados.<\/td><\/tr><\/tbody><\/table><\/figure>\n","protected":false},"excerpt":{"rendered":"<p>En la oportunidad, se resalt\u00f3 el acompa\u00f1amiento del gobierno provincial a las entidades. &nbsp;La directora Cooperativa de la Empresa Provincial de la Energ\u00eda (EPE), Gisela Wild, particip\u00f3 del encuentro de cooperativas el\u00e9ctricas de la provincia de Santa Fe, nucleadas en la Federaci\u00f3n Santafesina de Cooperativas de Obras y Servicios Publicos (FESCOE), y repas\u00f3 las principales <a href=\"https:\/\/armstrongyregion.com.ar\/diario\/representantes-del-directorio-de-la-epe-participaron-de-un-encuentro-con-cooperativas-electricas-de-la-provincia\/\" title=\"Read more\" >&#8230;<\/a><\/p>\n","protected":false},"author":1,"featured_media":40006,"comment_status":"open","ping_status":"open","sticky":false,"template":"","format":"image","meta":{"_jetpack_memberships_contains_paid_content":false,"footnotes":"","jetpack_publicize_message":"","jetpack_publicize_feature_enabled":true,"jetpack_social_post_already_shared":true,"jetpack_social_options":{"image_generator_settings":{"template":"highway","default_image_id":0,"enabled":false},"version":2}},"categories":[8,1,2,7,3],"tags":[100,9334,9755,63,9756,1522,859],"class_list":["post-40005","post","type-post","status-publish","format-image","has-post-thumbnail","hentry","category-deliberando","category-diario-armstrong","category-locales","category-politica","category-region","tag-con","tag-cooperativas","tag-directorio","tag-encuentro","tag-epe-2","tag-participan","tag-representantes","post_format-post-format-image"],"jetpack_publicize_connections":[],"jetpack_featured_media_url":"https:\/\/armstrongyregion.com.ar\/diario\/wp-content\/uploads\/2023\/09\/COOP-PCIA-.jpg","jetpack_shortlink":"https:\/\/wp.me\/p62QDO-apf","jetpack_sharing_enabled":true,"amp_enabled":true,"_links":{"self":[{"href":"https:\/\/armstrongyregion.com.ar\/diario\/wp-json\/wp\/v2\/posts\/40005","targetHints":{"allow":["GET"]}}],"collection":[{"href":"https:\/\/armstrongyregion.com.ar\/diario\/wp-json\/wp\/v2\/posts"}],"about":[{"href":"https:\/\/armstrongyregion.com.ar\/diario\/wp-json\/wp\/v2\/types\/post"}],"author":[{"embeddable":true,"href":"https:\/\/armstrongyregion.com.ar\/diario\/wp-json\/wp\/v2\/users\/1"}],"replies":[{"embeddable":true,"href":"https:\/\/armstrongyregion.com.ar\/diario\/wp-json\/wp\/v2\/comments?post=40005"}],"version-history":[{"count":1,"href":"https:\/\/armstrongyregion.com.ar\/diario\/wp-json\/wp\/v2\/posts\/40005\/revisions"}],"predecessor-version":[{"id":40007,"href":"https:\/\/armstrongyregion.com.ar\/diario\/wp-json\/wp\/v2\/posts\/40005\/revisions\/40007"}],"wp:featuredmedia":[{"embeddable":true,"href":"https:\/\/armstrongyregion.com.ar\/diario\/wp-json\/wp\/v2\/media\/40006"}],"wp:attachment":[{"href":"https:\/\/armstrongyregion.com.ar\/diario\/wp-json\/wp\/v2\/media?parent=40005"}],"wp:term":[{"taxonomy":"category","embeddable":true,"href":"https:\/\/armstrongyregion.com.ar\/diario\/wp-json\/wp\/v2\/categories?post=40005"},{"taxonomy":"post_tag","embeddable":true,"href":"https:\/\/armstrongyregion.com.ar\/diario\/wp-json\/wp\/v2\/tags?post=40005"}],"curies":[{"name":"wp","href":"https:\/\/api.w.org\/{rel}","templated":true}]}}