{"id":40003,"date":"2023-09-02T15:31:00","date_gmt":"2023-09-02T15:31:00","guid":{"rendered":"https:\/\/armstrongyregion.com.ar\/diario\/?p=40003"},"modified":"2023-09-02T15:31:02","modified_gmt":"2023-09-02T15:31:02","slug":"armstrong-se-declaro-de-interes-municipal-el-1-festival-33-cine","status":"publish","type":"post","link":"https:\/\/armstrongyregion.com.ar\/diario\/armstrong-se-declaro-de-interes-municipal-el-1-festival-33-cine\/","title":{"rendered":"Armstrong. Se declar\u00f3 de inter\u00e9s municipal el 1\u00b0 Festival 33 Cine."},"content":{"rendered":"\n<figure class=\"wp-block-image size-full\"><a href=\"http:\/\/armstrongyregion.com.ar\/diario\/wp-content\/uploads\/2023\/08\/ALE-PERTU.jpg\"><img loading=\"lazy\" decoding=\"async\" width=\"400\" height=\"295\" src=\"http:\/\/armstrongyregion.com.ar\/diario\/wp-content\/uploads\/2023\/08\/ALE-PERTU.jpg\" alt=\"\" class=\"wp-image-39647\" srcset=\"https:\/\/armstrongyregion.com.ar\/diario\/wp-content\/uploads\/2023\/08\/ALE-PERTU.jpg 400w, https:\/\/armstrongyregion.com.ar\/diario\/wp-content\/uploads\/2023\/08\/ALE-PERTU-300x221.jpg 300w\" sizes=\"auto, (max-width: 400px) 100vw, 400px\" \/><\/a><\/figure>\n\n\n\n<p>En una resoluci\u00f3n presentada por el bloque del Prof. Alejandro Pertusati y el Ing. Guillermo Luzzi, el cuerpo legislativo declar\u00f3 de Inter\u00e9s Municipal el 1\u00b0 Festival 33 Cine, donde el 18 de agosto se llev\u00f3 a cabo la Premier y el estreno de los tres cortometrajes en Sala Iris Marga del C.A.N.de esta manera el p\u00fablico pudo disfrutar de \u201cHay alguien ah\u00ed\u201d (3er a\u00f1o); \u201cPresagio\u201d (4to a\u00f1o) y \u201cEl cine est\u00e1 primero\u201d (5to a\u00f1o).<\/p>\n\n\n\n<p>El concejal Alejandro Pertusati expres\u00f3: \u201cEl Festival 33 Cine tiene como objetivo la formaci\u00f3n creativa y social de los estudiantes que se vieron sumergidos en un ambiente donde la creatividad; la predisposici\u00f3n y el trabajo en equipo son la clave para llegar a buen puerto. Desde este concejo elevamos el reconocimiento a los alumnos, profesores, equipo directivo, cooperadores y familias que colaboraron en este gran proyecto y obviamente vamos a que seguir apoyando\u201d.<\/p>\n","protected":false},"excerpt":{"rendered":"<p>En una resoluci\u00f3n presentada por el bloque del Prof. Alejandro Pertusati y el Ing. Guillermo Luzzi, el cuerpo legislativo declar\u00f3 de Inter\u00e9s Municipal el 1\u00b0 Festival 33 Cine, donde el 18 de agosto se llev\u00f3 a cabo la Premier y el estreno de los tres cortometrajes en Sala Iris Marga del C.A.N.de esta manera el <a href=\"https:\/\/armstrongyregion.com.ar\/diario\/armstrong-se-declaro-de-interes-municipal-el-1-festival-33-cine\/\" title=\"Read more\" >&#8230;<\/a><\/p>\n","protected":false},"author":1,"featured_media":39647,"comment_status":"open","ping_status":"open","sticky":false,"template":"","format":"image","meta":{"_jetpack_memberships_contains_paid_content":false,"footnotes":"","jetpack_publicize_message":"","jetpack_publicize_feature_enabled":true,"jetpack_social_post_already_shared":true,"jetpack_social_options":{"image_generator_settings":{"template":"highway","default_image_id":0,"enabled":false},"version":2}},"categories":[6,8,1,2,7,3],"tags":[],"class_list":["post-40003","post","type-post","status-publish","format-image","has-post-thumbnail","hentry","category-cultura-entretenimiento","category-deliberando","category-diario-armstrong","category-locales","category-politica","category-region","post_format-post-format-image"],"jetpack_publicize_connections":[],"jetpack_featured_media_url":"https:\/\/armstrongyregion.com.ar\/diario\/wp-content\/uploads\/2023\/08\/ALE-PERTU.jpg","jetpack_shortlink":"https:\/\/wp.me\/p62QDO-apd","jetpack_sharing_enabled":true,"amp_enabled":true,"_links":{"self":[{"href":"https:\/\/armstrongyregion.com.ar\/diario\/wp-json\/wp\/v2\/posts\/40003","targetHints":{"allow":["GET"]}}],"collection":[{"href":"https:\/\/armstrongyregion.com.ar\/diario\/wp-json\/wp\/v2\/posts"}],"about":[{"href":"https:\/\/armstrongyregion.com.ar\/diario\/wp-json\/wp\/v2\/types\/post"}],"author":[{"embeddable":true,"href":"https:\/\/armstrongyregion.com.ar\/diario\/wp-json\/wp\/v2\/users\/1"}],"replies":[{"embeddable":true,"href":"https:\/\/armstrongyregion.com.ar\/diario\/wp-json\/wp\/v2\/comments?post=40003"}],"version-history":[{"count":1,"href":"https:\/\/armstrongyregion.com.ar\/diario\/wp-json\/wp\/v2\/posts\/40003\/revisions"}],"predecessor-version":[{"id":40004,"href":"https:\/\/armstrongyregion.com.ar\/diario\/wp-json\/wp\/v2\/posts\/40003\/revisions\/40004"}],"wp:featuredmedia":[{"embeddable":true,"href":"https:\/\/armstrongyregion.com.ar\/diario\/wp-json\/wp\/v2\/media\/39647"}],"wp:attachment":[{"href":"https:\/\/armstrongyregion.com.ar\/diario\/wp-json\/wp\/v2\/media?parent=40003"}],"wp:term":[{"taxonomy":"category","embeddable":true,"href":"https:\/\/armstrongyregion.com.ar\/diario\/wp-json\/wp\/v2\/categories?post=40003"},{"taxonomy":"post_tag","embeddable":true,"href":"https:\/\/armstrongyregion.com.ar\/diario\/wp-json\/wp\/v2\/tags?post=40003"}],"curies":[{"name":"wp","href":"https:\/\/api.w.org\/{rel}","templated":true}]}}