{"id":39981,"date":"2023-08-31T23:38:35","date_gmt":"2023-08-31T23:38:35","guid":{"rendered":"https:\/\/armstrongyregion.com.ar\/diario\/?p=39981"},"modified":"2023-08-31T23:38:37","modified_gmt":"2023-08-31T23:38:37","slug":"energia-para-educar-la-epe-visito-escuelas-de-canada-de-gomez-bustinza-y-villa-eloisa","status":"publish","type":"post","link":"https:\/\/armstrongyregion.com.ar\/diario\/energia-para-educar-la-epe-visito-escuelas-de-canada-de-gomez-bustinza-y-villa-eloisa\/","title":{"rendered":"Energ\u00eda para Educar: La EPE visit\u00f3 escuelas de Ca\u00f1ada de G\u00f3mez, Bustinza y Villa Eloisa."},"content":{"rendered":"\n<figure class=\"wp-block-image size-full\"><a href=\"http:\/\/armstrongyregion.com.ar\/diario\/wp-content\/uploads\/2023\/08\/BUSTINZA.jpg\"><img loading=\"lazy\" decoding=\"async\" width=\"512\" height=\"384\" src=\"http:\/\/armstrongyregion.com.ar\/diario\/wp-content\/uploads\/2023\/08\/BUSTINZA.jpg\" alt=\"\" class=\"wp-image-39982\" srcset=\"https:\/\/armstrongyregion.com.ar\/diario\/wp-content\/uploads\/2023\/08\/BUSTINZA.jpg 512w, https:\/\/armstrongyregion.com.ar\/diario\/wp-content\/uploads\/2023\/08\/BUSTINZA-300x225.jpg 300w\" sizes=\"auto, (max-width: 512px) 100vw, 512px\" \/><\/a><\/figure>\n\n\n\n<h2 class=\"wp-block-heading\">La campa\u00f1a educativa, destinada a alumnos de 6\u00b0 y 7\u00b0 grados, tiene por objetivo concientizar respecto del uso responsable de la electricidad.<\/h2>\n\n\n\n<figure class=\"wp-block-table\"><table><tbody><tr><td>La Empresa Provincial de la Energ\u00eda (EPE) continu\u00f3 esta semana con la presentaci\u00f3n de la campa\u00f1a educativa Energ\u00eda para Educar, destinada a alumnos de 6\u00b0 y 7\u00b0 grados, en las localidades de Ca\u00f1ada de G\u00f3mez, Bustinza y Villa Eloisa.En la oportunidad se visitaron las escuelas N\u00b0 494 \u201cAlmafuerte\u201d, de Ca\u00f1ada de G\u00f3mez; N\u00b0 255 \u201c9 de Julio\u201d, de Bustinza; y N\u00b0 252 \u201cDomingo F. Sarmiento\u201d, de Villa Eloisa.El presidente de la EPE, Mauricio Caussi, destac\u00f3 que \u201cla comunicaci\u00f3n con alumnas y alumnos de 6\u00b0 y 7\u00b0 grados se realiza a trav\u00e9s de conceptos b\u00e1sicos sobre el uso inteligente de los recursos energ\u00e9ticos. Estas experiencias nos marcan y son una inversi\u00f3n a futuro. Hablamos sobre las conductas y nuestra relaci\u00f3n con la energ\u00eda el\u00e9ctrica, ya que no hay pr\u00e1cticamente actividad que no dependa de la distribuci\u00f3n de este recurso\u201d.\u201cEs trascendente trabajar en esta etapa de la escolaridad primaria, trasladando lo fundamental que es tener los recaudos indispensables en la utilizaci\u00f3n de los artefactos ligados a la energ\u00eda el\u00e9ctrica y realizar un consumo eficiente de este recurso\u201d, complet\u00f3 Caussi.<br><strong>PLATAFORMA VIRTUAL PARA DOCENTES Y ALUMNOS<\/strong><br>La EPE recuerda la vigencia de la plataforma virtual para docentes y alumnos, con el desarrollo de los temas de la campa\u00f1a \u201cEnerg\u00eda para Educar\u201d, con el fin de que llegue a una mayor cantidad de estudiantes y docentes.Se trata de la producci\u00f3n de videos breves, sobre informaci\u00f3n asociada a la energ\u00eda el\u00e9ctrica, entre los que sobresalen \u201cqu\u00e9 es la energ\u00eda\u201d, \u201cqu\u00e9 es la EPE\u201d, \u201cc\u00f3mo llega la energ\u00eda a nuestro hogar\u201d, \u201cmateriales conductores de electricidad\u201d, \u201ccuidados en el hogar\u201d, \u201cprevenci\u00f3n en la v\u00eda p\u00fablica\u201d y \u201ccuidar los recursos energ\u00e9ticos\u201d.A los videos educativos se puede acceder a trav\u00e9s del aula virtual EPE, ingresando\u00a0<a rel=\"noreferrer noopener\" href=\"https:\/\/capacitacion.epe.santafe.gov.ar\/\" target=\"_blank\">aqu\u00ed<\/a>.<\/td><td>&nbsp;<\/td><\/tr><\/tbody><\/table><\/figure>\n","protected":false},"excerpt":{"rendered":"<p>La campa\u00f1a educativa, destinada a alumnos de 6\u00b0 y 7\u00b0 grados, tiene por objetivo concientizar respecto del uso responsable de la electricidad. La Empresa Provincial de la Energ\u00eda (EPE) continu\u00f3 esta semana con la presentaci\u00f3n de la campa\u00f1a educativa Energ\u00eda para Educar, destinada a alumnos de 6\u00b0 y 7\u00b0 grados, en las localidades de Ca\u00f1ada <a href=\"https:\/\/armstrongyregion.com.ar\/diario\/energia-para-educar-la-epe-visito-escuelas-de-canada-de-gomez-bustinza-y-villa-eloisa\/\" title=\"Read more\" >&#8230;<\/a><\/p>\n","protected":false},"author":1,"featured_media":39982,"comment_status":"open","ping_status":"open","sticky":false,"template":"","format":"image","meta":{"_jetpack_memberships_contains_paid_content":false,"footnotes":"","jetpack_publicize_message":"","jetpack_publicize_feature_enabled":true,"jetpack_social_post_already_shared":true,"jetpack_social_options":{"image_generator_settings":{"template":"highway","default_image_id":0,"enabled":false},"version":2}},"categories":[6,8,1,2,7,3],"tags":[],"class_list":["post-39981","post","type-post","status-publish","format-image","has-post-thumbnail","hentry","category-cultura-entretenimiento","category-deliberando","category-diario-armstrong","category-locales","category-politica","category-region","post_format-post-format-image"],"jetpack_publicize_connections":[],"jetpack_featured_media_url":"https:\/\/armstrongyregion.com.ar\/diario\/wp-content\/uploads\/2023\/08\/BUSTINZA.jpg","jetpack_shortlink":"https:\/\/wp.me\/p62QDO-aoR","jetpack_sharing_enabled":true,"amp_enabled":true,"_links":{"self":[{"href":"https:\/\/armstrongyregion.com.ar\/diario\/wp-json\/wp\/v2\/posts\/39981","targetHints":{"allow":["GET"]}}],"collection":[{"href":"https:\/\/armstrongyregion.com.ar\/diario\/wp-json\/wp\/v2\/posts"}],"about":[{"href":"https:\/\/armstrongyregion.com.ar\/diario\/wp-json\/wp\/v2\/types\/post"}],"author":[{"embeddable":true,"href":"https:\/\/armstrongyregion.com.ar\/diario\/wp-json\/wp\/v2\/users\/1"}],"replies":[{"embeddable":true,"href":"https:\/\/armstrongyregion.com.ar\/diario\/wp-json\/wp\/v2\/comments?post=39981"}],"version-history":[{"count":2,"href":"https:\/\/armstrongyregion.com.ar\/diario\/wp-json\/wp\/v2\/posts\/39981\/revisions"}],"predecessor-version":[{"id":39984,"href":"https:\/\/armstrongyregion.com.ar\/diario\/wp-json\/wp\/v2\/posts\/39981\/revisions\/39984"}],"wp:featuredmedia":[{"embeddable":true,"href":"https:\/\/armstrongyregion.com.ar\/diario\/wp-json\/wp\/v2\/media\/39982"}],"wp:attachment":[{"href":"https:\/\/armstrongyregion.com.ar\/diario\/wp-json\/wp\/v2\/media?parent=39981"}],"wp:term":[{"taxonomy":"category","embeddable":true,"href":"https:\/\/armstrongyregion.com.ar\/diario\/wp-json\/wp\/v2\/categories?post=39981"},{"taxonomy":"post_tag","embeddable":true,"href":"https:\/\/armstrongyregion.com.ar\/diario\/wp-json\/wp\/v2\/tags?post=39981"}],"curies":[{"name":"wp","href":"https:\/\/api.w.org\/{rel}","templated":true}]}}