{"id":39978,"date":"2023-08-31T23:35:32","date_gmt":"2023-08-31T23:35:32","guid":{"rendered":"https:\/\/armstrongyregion.com.ar\/diario\/?p=39978"},"modified":"2023-08-31T23:35:34","modified_gmt":"2023-08-31T23:35:34","slug":"pullaro-y-clara-garcia-vamos-a-dejar-atras-la-improvisacion-y-el-populismo-de-perotti","status":"publish","type":"post","link":"https:\/\/armstrongyregion.com.ar\/diario\/pullaro-y-clara-garcia-vamos-a-dejar-atras-la-improvisacion-y-el-populismo-de-perotti\/","title":{"rendered":"Pullaro y Clara Garc\u00eda: \u201cVamos a dejar atr\u00e1s la improvisaci\u00f3n y el populismo de Perotti\u201d."},"content":{"rendered":"\n<figure class=\"wp-block-image size-full\"><a href=\"http:\/\/armstrongyregion.com.ar\/diario\/wp-content\/uploads\/2023\/08\/PULLARO-CLARITA-31-8-23-.jpg\"><img loading=\"lazy\" decoding=\"async\" width=\"375\" height=\"250\" src=\"http:\/\/armstrongyregion.com.ar\/diario\/wp-content\/uploads\/2023\/08\/PULLARO-CLARITA-31-8-23-.jpg\" alt=\"\" class=\"wp-image-39979\" srcset=\"https:\/\/armstrongyregion.com.ar\/diario\/wp-content\/uploads\/2023\/08\/PULLARO-CLARITA-31-8-23-.jpg 375w, https:\/\/armstrongyregion.com.ar\/diario\/wp-content\/uploads\/2023\/08\/PULLARO-CLARITA-31-8-23--300x200.jpg 300w\" sizes=\"auto, (max-width: 375px) 100vw, 375px\" \/><\/a><\/figure>\n\n\n\n<h2 class=\"wp-block-heading\"><em>El candidato a gobernador y la primera postulante a diputada provincial de Unidos coincidieron en que \u201ces muy importante obtener la mayor\u00eda en la C\u00e1mara baja para que el pr\u00f3ximo gobierno cuente con las leyes que necesita para combatir la inseguridad y jerarquizar la educaci\u00f3n\u201d.<\/em><\/h2>\n\n\n\n<p>El candidato a gobernador Maximiliano Pullaro y qui\u00e9n encabeza la lista de diputadas y diputados provinciales, Clara Garc\u00eda (Unidos para cambiar Santa Fe), coincidieron en se\u00f1alar que \u201ccon el gobierno de Omar Perotti, la provincia retrocedi\u00f3 en todas las \u00e1reas. Nunca fij\u00f3 un plan de gobierno y por eso termin\u00f3 recurriendo a medidas populistas de cara a las elecciones\u201d. En este sentido, ambos resaltaron \u201cla importancia de que Unidos ponga en marcha desde el primer d\u00eda de gesti\u00f3n un programa concreto de gobierno\u201d y tambi\u00e9n cuente con \u201cla mayor\u00eda de representantes en la C\u00e1mara Diputados\u00bb para avanzar, por ejemplo, con la sanci\u00f3n de leyes que combatan la inseguridad y jerarquicen la educaci\u00f3n\u00bb.&nbsp;<\/p>\n\n\n\n<p>En declaraciones period\u00edsticas compartidas con Garc\u00eda, Pullaro afirm\u00f3 que el gobierno actual \u201cprefiri\u00f3 hacer populismo y ocultar los datos de la crisis del sistema educativo. La no-repitencia establecida en el nivel secundario por Perotti iguala para abajo; da lo mismo que los chicos aprendan o no, que vayan a la escuela o no. En lugar de pensar en una pol\u00edtica p\u00fablica opt\u00f3 por informar a Naci\u00f3n que todos pasan de a\u00f1o\u201d, cuestion\u00f3. Tambi\u00e9n anunci\u00f3 que devolver\u00e1 a los docentes \u201cel derecho de evaluar, para que no tengan que consensuar una nota entre asignaturas como lengua y educaci\u00f3n f\u00edsica, como sucede hoy\u201d.<\/p>\n\n\n\n<p>Garc\u00eda, por su parte, le enrostr\u00f3 a Perotti \u201cel d\u00e9ficit en infraestructura. Hoy vemos obradores vac\u00edos porque este gobierno dej\u00f3 de pagarles a las empresas constructoras y est\u00e1 cancelando contratos. Eso impacta en el empleo y en la calidad de vida de la gente que se queda sin las obras. El rol inteligente del Estado deber\u00eda ser reforzar la inversi\u00f3n y no repartir plata de manera populista a cambio de un resultado electoral inmediato\u201d, se\u00f1al\u00f3.<\/p>\n\n\n\n<p>La candidata insisti\u00f3 en que \u201ces muy importante ganar en la categor\u00eda de diputados porque significa obtener la mayor\u00eda de los representantes en la C\u00e1mara baja y que el pr\u00f3ximo gobierno cuente con las leyes necesarias para transformar Santa Fe\u201d. En ese orden, Pullaro mencion\u00f3 la necesidad de \u201cherramientas para combatir a las bandas que se dedican al narcomenudeo en los barrios de las ciudades y poder atacar los puntos de venta\u201d, describi\u00f3 el ex ministro de Seguridad del gobierno de Miguel Lifschitz.<\/p>\n\n\n\n<p>&nbsp;\u201cHoy tenemos que pediir autorizaci\u00f3n a la justicia federal, que arma causas que no se definen nunca y mientras tanto en Santa Fe no tenemos medios para actuar r\u00e1pidamente. El kirchnerismo siempre se opuso a esa ley; nosotros la vamos a impulsar apenas asumamos y por eso es fundamental el triunfo de la lista que encabeza Clara\u201d, asegur\u00f3.<\/p>\n","protected":false},"excerpt":{"rendered":"<p>El candidato a gobernador y la primera postulante a diputada provincial de Unidos coincidieron en que \u201ces muy importante obtener la mayor\u00eda en la C\u00e1mara baja para que el pr\u00f3ximo gobierno cuente con las leyes que necesita para combatir la inseguridad y jerarquizar la educaci\u00f3n\u201d. El candidato a gobernador Maximiliano Pullaro y qui\u00e9n encabeza la <a href=\"https:\/\/armstrongyregion.com.ar\/diario\/pullaro-y-clara-garcia-vamos-a-dejar-atras-la-improvisacion-y-el-populismo-de-perotti\/\" title=\"Read more\" >&#8230;<\/a><\/p>\n","protected":false},"author":1,"featured_media":39979,"comment_status":"open","ping_status":"open","sticky":false,"template":"","format":"image","meta":{"_jetpack_memberships_contains_paid_content":false,"footnotes":"","jetpack_publicize_message":"","jetpack_publicize_feature_enabled":true,"jetpack_social_post_already_shared":true,"jetpack_social_options":{"image_generator_settings":{"template":"highway","default_image_id":0,"enabled":false},"version":2}},"categories":[8,1,2,7,3],"tags":[],"class_list":["post-39978","post","type-post","status-publish","format-image","has-post-thumbnail","hentry","category-deliberando","category-diario-armstrong","category-locales","category-politica","category-region","post_format-post-format-image"],"jetpack_publicize_connections":[],"jetpack_featured_media_url":"https:\/\/armstrongyregion.com.ar\/diario\/wp-content\/uploads\/2023\/08\/PULLARO-CLARITA-31-8-23-.jpg","jetpack_shortlink":"https:\/\/wp.me\/p62QDO-aoO","jetpack_sharing_enabled":true,"amp_enabled":true,"_links":{"self":[{"href":"https:\/\/armstrongyregion.com.ar\/diario\/wp-json\/wp\/v2\/posts\/39978","targetHints":{"allow":["GET"]}}],"collection":[{"href":"https:\/\/armstrongyregion.com.ar\/diario\/wp-json\/wp\/v2\/posts"}],"about":[{"href":"https:\/\/armstrongyregion.com.ar\/diario\/wp-json\/wp\/v2\/types\/post"}],"author":[{"embeddable":true,"href":"https:\/\/armstrongyregion.com.ar\/diario\/wp-json\/wp\/v2\/users\/1"}],"replies":[{"embeddable":true,"href":"https:\/\/armstrongyregion.com.ar\/diario\/wp-json\/wp\/v2\/comments?post=39978"}],"version-history":[{"count":1,"href":"https:\/\/armstrongyregion.com.ar\/diario\/wp-json\/wp\/v2\/posts\/39978\/revisions"}],"predecessor-version":[{"id":39980,"href":"https:\/\/armstrongyregion.com.ar\/diario\/wp-json\/wp\/v2\/posts\/39978\/revisions\/39980"}],"wp:featuredmedia":[{"embeddable":true,"href":"https:\/\/armstrongyregion.com.ar\/diario\/wp-json\/wp\/v2\/media\/39979"}],"wp:attachment":[{"href":"https:\/\/armstrongyregion.com.ar\/diario\/wp-json\/wp\/v2\/media?parent=39978"}],"wp:term":[{"taxonomy":"category","embeddable":true,"href":"https:\/\/armstrongyregion.com.ar\/diario\/wp-json\/wp\/v2\/categories?post=39978"},{"taxonomy":"post_tag","embeddable":true,"href":"https:\/\/armstrongyregion.com.ar\/diario\/wp-json\/wp\/v2\/tags?post=39978"}],"curies":[{"name":"wp","href":"https:\/\/api.w.org\/{rel}","templated":true}]}}