{"id":39975,"date":"2023-08-31T01:55:01","date_gmt":"2023-08-31T01:55:01","guid":{"rendered":"https:\/\/armstrongyregion.com.ar\/diario\/?p=39975"},"modified":"2023-08-31T01:55:04","modified_gmt":"2023-08-31T01:55:04","slug":"renovacion-por-armstrong-presento-una-respuesta-a-la-adquisicion-critica-de-terrenos","status":"publish","type":"post","link":"https:\/\/armstrongyregion.com.ar\/diario\/renovacion-por-armstrong-presento-una-respuesta-a-la-adquisicion-critica-de-terrenos\/","title":{"rendered":"Renovaci\u00f3n por Armstrong present\u00f3 una respuesta a la adquisici\u00f3n cr\u00edtica de terrenos."},"content":{"rendered":"\n<figure class=\"wp-block-image size-full\"><a href=\"http:\/\/armstrongyregion.com.ar\/diario\/wp-content\/uploads\/2023\/08\/EMI-GRAMIGNA-29-9-23.jpg\"><img loading=\"lazy\" decoding=\"async\" width=\"369\" height=\"366\" src=\"http:\/\/armstrongyregion.com.ar\/diario\/wp-content\/uploads\/2023\/08\/EMI-GRAMIGNA-29-9-23.jpg\" alt=\"\" class=\"wp-image-39976\" srcset=\"https:\/\/armstrongyregion.com.ar\/diario\/wp-content\/uploads\/2023\/08\/EMI-GRAMIGNA-29-9-23.jpg 369w, https:\/\/armstrongyregion.com.ar\/diario\/wp-content\/uploads\/2023\/08\/EMI-GRAMIGNA-29-9-23-300x298.jpg 300w, https:\/\/armstrongyregion.com.ar\/diario\/wp-content\/uploads\/2023\/08\/EMI-GRAMIGNA-29-9-23-150x150.jpg 150w\" sizes=\"auto, (max-width: 369px) 100vw, 369px\" \/><\/a><\/figure>\n\n\n\n<h2 class=\"wp-block-heading\">En la \u00faltima sesi\u00f3n de concejo y porque perdi\u00f3 estado parlamentario, el bloque volvi\u00f3 a presentar la ordenanza que le da la facultad al ejecutivo municipal para poder hacer frente a la problem\u00e1tica del acceso a un terreno por parte de cualquier armstronense. La misma consiste en la creaci\u00f3n de un fondo espec\u00edfico y que se limite \u00fanicamente su uso a la compra de futuros terrenos que ser\u00e1n utilizados para loteos municipales, consider\u00e1ndose as\u00ed una herramienta m\u00e1s para que el sue\u00f1o de la casa propia de cada vecino sea una realidad concreta.<\/h2>\n\n\n\n<p>\u00abSabemos que este beneficio no solo le dar\u00e1 utilidad a aquellos futuros beneficiarios, sino que tambi\u00e9n, ser\u00e1 de gran contribuci\u00f3n para la baja del costo del valor de los terrenos que se maneja exclusivamente en nuestra ciudad y que desde el municipio no se hizo nada para revertirlo.\u00bb Afirm\u00f3 el concejal Emiliano Gramigna.<\/p>\n\n\n\n<p>Y agreg\u00f3; \u00abEntendemos por lo que cada vecino nos comenta en el cara a cara, que para esta gesti\u00f3n el terreno y la vivienda no son una prioridad, y que como consecuencia de su inacci\u00f3n en este tema muchos trabajadores y j\u00f3venes que dan sus primeros pasos de emancipaci\u00f3n se ven obligados a pagar sumas exorbitantes en alquileres o peor a\u00fan, proyectar su futuro fuera de nuestra ciudad, buscando alternativas m\u00e1s econ\u00f3micas en localidades aleda\u00f1as.\u00bb<\/p>\n\n\n\n<p>\u00abLa funci\u00f3n desde el concejo es seguir dotando de recursos al ejecutivo para que esta situaci\u00f3n que atraviesan tanto inquilinos como aquellos que desean adquirir un lote, definitivamente sea una soluci\u00f3n, no solo para los que hoy lo necesitan, sino tambi\u00e9n para las generaciones futuras, convirtiendo este proyecto en una pol\u00edtica de estado de manera transversal y que se ejecute independientemente del color pol\u00edtico de turno que le toque gobernar\u00bb. Finali\u00f3 Gramigna.<\/p>\n","protected":false},"excerpt":{"rendered":"<p>En la \u00faltima sesi\u00f3n de concejo y porque perdi\u00f3 estado parlamentario, el bloque volvi\u00f3 a presentar la ordenanza que le da la facultad al ejecutivo municipal para poder hacer frente a la problem\u00e1tica del acceso a un terreno por parte de cualquier armstronense. La misma consiste en la creaci\u00f3n de un fondo espec\u00edfico y que <a href=\"https:\/\/armstrongyregion.com.ar\/diario\/renovacion-por-armstrong-presento-una-respuesta-a-la-adquisicion-critica-de-terrenos\/\" title=\"Read more\" >&#8230;<\/a><\/p>\n","protected":false},"author":1,"featured_media":39976,"comment_status":"open","ping_status":"open","sticky":false,"template":"","format":"image","meta":{"_jetpack_memberships_contains_paid_content":false,"footnotes":"","jetpack_publicize_message":"","jetpack_publicize_feature_enabled":true,"jetpack_social_post_already_shared":true,"jetpack_social_options":{"image_generator_settings":{"template":"highway","default_image_id":0,"enabled":false},"version":2}},"categories":[8,1,2,7],"tags":[9754,20,60,9498,639,9450,1926],"class_list":["post-39975","post","type-post","status-publish","format-image","has-post-thumbnail","hentry","category-deliberando","category-diario-armstrong","category-locales","category-politica","tag-adquisicion-2","tag-armstrong","tag-por","tag-presento-2","tag-proyecto","tag-renovacion-2","tag-terrenos","post_format-post-format-image"],"jetpack_publicize_connections":[],"jetpack_featured_media_url":"https:\/\/armstrongyregion.com.ar\/diario\/wp-content\/uploads\/2023\/08\/EMI-GRAMIGNA-29-9-23.jpg","jetpack_shortlink":"https:\/\/wp.me\/p62QDO-aoL","jetpack_sharing_enabled":true,"amp_enabled":true,"_links":{"self":[{"href":"https:\/\/armstrongyregion.com.ar\/diario\/wp-json\/wp\/v2\/posts\/39975","targetHints":{"allow":["GET"]}}],"collection":[{"href":"https:\/\/armstrongyregion.com.ar\/diario\/wp-json\/wp\/v2\/posts"}],"about":[{"href":"https:\/\/armstrongyregion.com.ar\/diario\/wp-json\/wp\/v2\/types\/post"}],"author":[{"embeddable":true,"href":"https:\/\/armstrongyregion.com.ar\/diario\/wp-json\/wp\/v2\/users\/1"}],"replies":[{"embeddable":true,"href":"https:\/\/armstrongyregion.com.ar\/diario\/wp-json\/wp\/v2\/comments?post=39975"}],"version-history":[{"count":1,"href":"https:\/\/armstrongyregion.com.ar\/diario\/wp-json\/wp\/v2\/posts\/39975\/revisions"}],"predecessor-version":[{"id":39977,"href":"https:\/\/armstrongyregion.com.ar\/diario\/wp-json\/wp\/v2\/posts\/39975\/revisions\/39977"}],"wp:featuredmedia":[{"embeddable":true,"href":"https:\/\/armstrongyregion.com.ar\/diario\/wp-json\/wp\/v2\/media\/39976"}],"wp:attachment":[{"href":"https:\/\/armstrongyregion.com.ar\/diario\/wp-json\/wp\/v2\/media?parent=39975"}],"wp:term":[{"taxonomy":"category","embeddable":true,"href":"https:\/\/armstrongyregion.com.ar\/diario\/wp-json\/wp\/v2\/categories?post=39975"},{"taxonomy":"post_tag","embeddable":true,"href":"https:\/\/armstrongyregion.com.ar\/diario\/wp-json\/wp\/v2\/tags?post=39975"}],"curies":[{"name":"wp","href":"https:\/\/api.w.org\/{rel}","templated":true}]}}