{"id":3997,"date":"2015-09-10T11:20:09","date_gmt":"2015-09-10T11:20:09","guid":{"rendered":"https:\/\/armstrongyregion.com.ar\/diario\/?p=3997"},"modified":"2015-09-10T11:20:09","modified_gmt":"2015-09-10T11:20:09","slug":"feria-mensual-de-sabores-y-colores-locales-septiembre-2015","status":"publish","type":"post","link":"https:\/\/armstrongyregion.com.ar\/diario\/feria-mensual-de-sabores-y-colores-locales-septiembre-2015\/","title":{"rendered":"Feria mensual de Sabores y Colores Locales septiembre 2015."},"content":{"rendered":"<p><a href=\"http:\/\/armstrongyregion.com.ar\/diario\/wp-content\/uploads\/2015\/09\/saboresycoloresseptiembre.jpg\"><img loading=\"lazy\" decoding=\"async\" class=\"alignnone size-medium wp-image-3998\" src=\"http:\/\/armstrongyregion.com.ar\/diario\/wp-content\/uploads\/2015\/09\/saboresycoloresseptiembre-300x207.jpg\" alt=\"saboresycoloresseptiembre\" width=\"300\" height=\"207\" srcset=\"https:\/\/armstrongyregion.com.ar\/diario\/wp-content\/uploads\/2015\/09\/saboresycoloresseptiembre-300x207.jpg 300w, https:\/\/armstrongyregion.com.ar\/diario\/wp-content\/uploads\/2015\/09\/saboresycoloresseptiembre-1024x708.jpg 1024w\" sizes=\"auto, (max-width: 300px) 100vw, 300px\" \/><\/a>La Municipalidad de Armstrong por intermedio de la Secretar\u00eda de Desarrollo Econ\u00f3mico y Productivo invita a toda la comunidad a la feria mensual de Sabores y Colores Locales que se realizar\u00e1 el domingo 13 de septiembre desde las 14 hs. en el predio Bracito Fuerte.<\/p>\n<p>Se presentar\u00e1n con sus stands los integrantes de esta feria mostrando sus producciones de artesan\u00edas en todo tipo de material, panificaci\u00f3n y muchas novedades que estar\u00e1n a disposici\u00f3n para que el p\u00fablico pueda adquirirlas, fortaleciendo as\u00ed el consumo local.<\/p>\n<p>Como en cada oportunidad, habr\u00e1 muchos sorteos entre los visitantes, y en esta edici\u00f3n se ofrecer\u00e1 tambi\u00e9n una clase abierta gratuita de zumba a cargo de la profesora Romina Carrillo.<\/p>\n<p>En caso de lluvia, el evento se suspender\u00e1 hasta nuevo aviso.<\/p>\n","protected":false},"excerpt":{"rendered":"<p>La Municipalidad de Armstrong por intermedio de la Secretar\u00eda de Desarrollo Econ\u00f3mico y Productivo invita a toda la comunidad a la feria mensual de Sabores y Colores Locales que se realizar\u00e1 el domingo 13 de septiembre desde las 14 hs. en el predio Bracito Fuerte. Se presentar\u00e1n con sus stands los integrantes de esta feria <a href=\"https:\/\/armstrongyregion.com.ar\/diario\/feria-mensual-de-sabores-y-colores-locales-septiembre-2015\/\" title=\"Read more\" >&#8230;<\/a><\/p>\n","protected":false},"author":2,"featured_media":3998,"comment_status":"open","ping_status":"open","sticky":false,"template":"","format":"standard","meta":{"_jetpack_memberships_contains_paid_content":false,"footnotes":"","jetpack_publicize_message":"","jetpack_publicize_feature_enabled":true,"jetpack_social_post_already_shared":false,"jetpack_social_options":{"image_generator_settings":{"template":"highway","default_image_id":0,"enabled":false},"version":2}},"categories":[1,2],"tags":[306,1336,19,1725,2320,1726,1335,2628,13],"class_list":["post-3997","post","type-post","status-publish","format-standard","has-post-thumbnail","hentry","category-diario-armstrong","category-locales","tag-306","tag-colores","tag-de","tag-feria","tag-locales","tag-mensual","tag-sabores","tag-septiembre","tag-y"],"jetpack_publicize_connections":[],"jetpack_featured_media_url":"https:\/\/armstrongyregion.com.ar\/diario\/wp-content\/uploads\/2015\/09\/saboresycoloresseptiembre.jpg","jetpack_shortlink":"https:\/\/wp.me\/p62QDO-12t","jetpack_sharing_enabled":true,"amp_enabled":true,"_links":{"self":[{"href":"https:\/\/armstrongyregion.com.ar\/diario\/wp-json\/wp\/v2\/posts\/3997","targetHints":{"allow":["GET"]}}],"collection":[{"href":"https:\/\/armstrongyregion.com.ar\/diario\/wp-json\/wp\/v2\/posts"}],"about":[{"href":"https:\/\/armstrongyregion.com.ar\/diario\/wp-json\/wp\/v2\/types\/post"}],"author":[{"embeddable":true,"href":"https:\/\/armstrongyregion.com.ar\/diario\/wp-json\/wp\/v2\/users\/2"}],"replies":[{"embeddable":true,"href":"https:\/\/armstrongyregion.com.ar\/diario\/wp-json\/wp\/v2\/comments?post=3997"}],"version-history":[{"count":0,"href":"https:\/\/armstrongyregion.com.ar\/diario\/wp-json\/wp\/v2\/posts\/3997\/revisions"}],"wp:featuredmedia":[{"embeddable":true,"href":"https:\/\/armstrongyregion.com.ar\/diario\/wp-json\/wp\/v2\/media\/3998"}],"wp:attachment":[{"href":"https:\/\/armstrongyregion.com.ar\/diario\/wp-json\/wp\/v2\/media?parent=3997"}],"wp:term":[{"taxonomy":"category","embeddable":true,"href":"https:\/\/armstrongyregion.com.ar\/diario\/wp-json\/wp\/v2\/categories?post=3997"},{"taxonomy":"post_tag","embeddable":true,"href":"https:\/\/armstrongyregion.com.ar\/diario\/wp-json\/wp\/v2\/tags?post=3997"}],"curies":[{"name":"wp","href":"https:\/\/api.w.org\/{rel}","templated":true}]}}