{"id":39967,"date":"2023-08-30T00:23:40","date_gmt":"2023-08-30T00:23:40","guid":{"rendered":"https:\/\/armstrongyregion.com.ar\/diario\/?p=39967"},"modified":"2023-08-30T00:23:43","modified_gmt":"2023-08-30T00:23:43","slug":"joven-parejense-en-busca-de-sus-suenos","status":"publish","type":"post","link":"https:\/\/armstrongyregion.com.ar\/diario\/joven-parejense-en-busca-de-sus-suenos\/","title":{"rendered":"Joven parejense en busca de sus sue\u00f1os."},"content":{"rendered":"\n<figure class=\"wp-block-image size-full\"><a href=\"http:\/\/armstrongyregion.com.ar\/diario\/wp-content\/uploads\/2023\/08\/paez-2.jpg\"><img loading=\"lazy\" decoding=\"async\" width=\"293\" height=\"400\" src=\"http:\/\/armstrongyregion.com.ar\/diario\/wp-content\/uploads\/2023\/08\/paez-2.jpg\" alt=\"\" class=\"wp-image-39968\" srcset=\"https:\/\/armstrongyregion.com.ar\/diario\/wp-content\/uploads\/2023\/08\/paez-2.jpg 293w, https:\/\/armstrongyregion.com.ar\/diario\/wp-content\/uploads\/2023\/08\/paez-2-220x300.jpg 220w\" sizes=\"auto, (max-width: 293px) 100vw, 293px\" \/><\/a><\/figure>\n\n\n\n<p>Se trata de M\u00e1ximo Paez, nacido el 28 de octubre de 2007, 1,75 mt. de estatura, quien este mi\u00e9rcoles 30 de agosto tomar\u00e1 un avi\u00f3n hacia sus sue\u00f1os.<\/p>\n\n\n\n<figure class=\"wp-block-image size-full\"><a href=\"http:\/\/armstrongyregion.com.ar\/diario\/wp-content\/uploads\/2023\/08\/paez-1.jpg\"><img loading=\"lazy\" decoding=\"async\" width=\"286\" height=\"400\" src=\"http:\/\/armstrongyregion.com.ar\/diario\/wp-content\/uploads\/2023\/08\/paez-1.jpg\" alt=\"\" class=\"wp-image-39969\" srcset=\"https:\/\/armstrongyregion.com.ar\/diario\/wp-content\/uploads\/2023\/08\/paez-1.jpg 286w, https:\/\/armstrongyregion.com.ar\/diario\/wp-content\/uploads\/2023\/08\/paez-1-215x300.jpg 215w\" sizes=\"auto, (max-width: 286px) 100vw, 286px\" \/><\/a><\/figure>\n\n\n\n<p>Desde que ten\u00eda 7 a\u00f1os, y luego de experimentar con otros deportes, prefiri\u00f3 jugar al b\u00e1squet.<\/p>\n\n\n\n<figure class=\"wp-block-image size-full\"><a href=\"http:\/\/armstrongyregion.com.ar\/diario\/wp-content\/uploads\/2023\/08\/paez-3.jpg\"><img loading=\"lazy\" decoding=\"async\" width=\"272\" height=\"400\" src=\"http:\/\/armstrongyregion.com.ar\/diario\/wp-content\/uploads\/2023\/08\/paez-3.jpg\" alt=\"\" class=\"wp-image-39970\" srcset=\"https:\/\/armstrongyregion.com.ar\/diario\/wp-content\/uploads\/2023\/08\/paez-3.jpg 272w, https:\/\/armstrongyregion.com.ar\/diario\/wp-content\/uploads\/2023\/08\/paez-3-204x300.jpg 204w\" sizes=\"auto, (max-width: 272px) 100vw, 272px\" \/><\/a><\/figure>\n\n\n\n<p>Tal vez porque lo lleva en la sangre por su abuelo paterno y su padre, ya a esa edad y en la segunda pr\u00e1ctica le pregunt\u00f3 a su pap\u00e1 si alguna vez ir\u00eda a jugar a otra cancha en el exterior.<\/p>\n\n\n\n<p>Excelente estudiante en el nivel secundario de la Escuela Dante Alighieri y jugador hasta la actualidad del Sportivo Atl\u00e9tico Club Las Parejas, con capacitaciones y pr\u00e1cticas especiales en diferentes ciudades y provincias, y con una vasta experiencia en equipos.<\/p>\n\n\n\n<p>En medio de unas vacaciones en Italia durante el pasado mes de mayo, fue invitado a participar de un entrenamiento en un club de la localidad de Fasano, al que accedi\u00f3 con gran entusiasmo.<\/p>\n\n\n\n<p>Con el acompa\u00f1amiento incondicional de sus padres y el contacto con entrenadores argentinos radicados en ese pa\u00eds, a unos d\u00edas de su regreso a Argentina, es requerido para integrar las filas del Dom\u00e9nico Savio de la ciudad de Messina (Sicilia), convocatoria en perspectiva dada su temprana edad.<\/p>\n\n\n\n<p>El entrenador de esta instituci\u00f3n deportiva buscaba un atleta con sus caracter\u00edsticas. M\u00e1ximo ser\u00e1 \u00fatil no solo en la Serie C, sino tambi\u00e9n en la Under 17 Eccellenza, campeonato que ser\u00e1 muy competitivo.<\/p>\n\n\n\n<p>Por el t\u00e9rmino de 2 a\u00f1os vestir\u00e1 la camiseta N\u00b0 2 sirviendo de base en diferentes equipos del club y, sin dudas, es el inicio de concretar su gran anhelo de hacer lo que siempre so\u00f1\u00f3: Jugar al B\u00e1squet profesionalmente, en otra cancha, y en el exterior.<\/p>\n","protected":false},"excerpt":{"rendered":"<p>Se trata de M\u00e1ximo Paez, nacido el 28 de octubre de 2007, 1,75 mt. de estatura, quien este mi\u00e9rcoles 30 de agosto tomar\u00e1 un avi\u00f3n hacia sus sue\u00f1os. Desde que ten\u00eda 7 a\u00f1os, y luego de experimentar con otros deportes, prefiri\u00f3 jugar al b\u00e1squet. Tal vez porque lo lleva en la sangre por su abuelo <a href=\"https:\/\/armstrongyregion.com.ar\/diario\/joven-parejense-en-busca-de-sus-suenos\/\" title=\"Read more\" >&#8230;<\/a><\/p>\n","protected":false},"author":1,"featured_media":39968,"comment_status":"open","ping_status":"open","sticky":false,"template":"","format":"image","meta":{"_jetpack_memberships_contains_paid_content":false,"footnotes":"","jetpack_publicize_message":"","jetpack_publicize_feature_enabled":true,"jetpack_social_post_already_shared":true,"jetpack_social_options":{"image_generator_settings":{"template":"highway","default_image_id":0,"enabled":false},"version":2}},"categories":[8,5,1,3],"tags":[548,15,688,9752,8768,9751,127],"class_list":["post-39967","post","type-post","status-publish","format-image","has-post-thumbnail","hentry","category-deliberando","category-deportes","category-diario-armstrong","category-region","tag-busca","tag-en","tag-joven","tag-maximo","tag-paez","tag-suenos-2","tag-sus","post_format-post-format-image"],"jetpack_publicize_connections":[],"jetpack_featured_media_url":"https:\/\/armstrongyregion.com.ar\/diario\/wp-content\/uploads\/2023\/08\/paez-2.jpg","jetpack_shortlink":"https:\/\/wp.me\/p62QDO-aoD","jetpack_sharing_enabled":true,"amp_enabled":true,"_links":{"self":[{"href":"https:\/\/armstrongyregion.com.ar\/diario\/wp-json\/wp\/v2\/posts\/39967","targetHints":{"allow":["GET"]}}],"collection":[{"href":"https:\/\/armstrongyregion.com.ar\/diario\/wp-json\/wp\/v2\/posts"}],"about":[{"href":"https:\/\/armstrongyregion.com.ar\/diario\/wp-json\/wp\/v2\/types\/post"}],"author":[{"embeddable":true,"href":"https:\/\/armstrongyregion.com.ar\/diario\/wp-json\/wp\/v2\/users\/1"}],"replies":[{"embeddable":true,"href":"https:\/\/armstrongyregion.com.ar\/diario\/wp-json\/wp\/v2\/comments?post=39967"}],"version-history":[{"count":1,"href":"https:\/\/armstrongyregion.com.ar\/diario\/wp-json\/wp\/v2\/posts\/39967\/revisions"}],"predecessor-version":[{"id":39971,"href":"https:\/\/armstrongyregion.com.ar\/diario\/wp-json\/wp\/v2\/posts\/39967\/revisions\/39971"}],"wp:featuredmedia":[{"embeddable":true,"href":"https:\/\/armstrongyregion.com.ar\/diario\/wp-json\/wp\/v2\/media\/39968"}],"wp:attachment":[{"href":"https:\/\/armstrongyregion.com.ar\/diario\/wp-json\/wp\/v2\/media?parent=39967"}],"wp:term":[{"taxonomy":"category","embeddable":true,"href":"https:\/\/armstrongyregion.com.ar\/diario\/wp-json\/wp\/v2\/categories?post=39967"},{"taxonomy":"post_tag","embeddable":true,"href":"https:\/\/armstrongyregion.com.ar\/diario\/wp-json\/wp\/v2\/tags?post=39967"}],"curies":[{"name":"wp","href":"https:\/\/api.w.org\/{rel}","templated":true}]}}