{"id":39960,"date":"2023-08-29T23:16:52","date_gmt":"2023-08-29T23:16:52","guid":{"rendered":"https:\/\/armstrongyregion.com.ar\/diario\/?p=39960"},"modified":"2023-08-29T23:16:55","modified_gmt":"2023-08-29T23:16:55","slug":"bullrich-en-rosario-con-pullaro-y-javkin-con-nosotros-el-delito-la-va-a-pasar-mal","status":"publish","type":"post","link":"https:\/\/armstrongyregion.com.ar\/diario\/bullrich-en-rosario-con-pullaro-y-javkin-con-nosotros-el-delito-la-va-a-pasar-mal\/","title":{"rendered":"<strong>Bullrich en Rosario con Pullaro y Javkin: \u201cCon nosotros el delito la va a pasar mal\u201d<\/strong>"},"content":{"rendered":"\n<figure class=\"wp-block-image size-full\"><a href=\"http:\/\/armstrongyregion.com.ar\/diario\/wp-content\/uploads\/2023\/08\/PATRICIA-EN-ROSARIO.jpg\"><img loading=\"lazy\" decoding=\"async\" width=\"286\" height=\"244\" src=\"http:\/\/armstrongyregion.com.ar\/diario\/wp-content\/uploads\/2023\/08\/PATRICIA-EN-ROSARIO.jpg\" alt=\"\" class=\"wp-image-39961\"\/><\/a><\/figure>\n\n\n\n<h2 class=\"wp-block-heading\">EN ROSARIO, BULLRICH ANUNCI\u00d3 PARTE DE SU PLAN DE SEGURIDAD: BAJA DE IMPUTABILIDAD, C\u00c1RCEL DE ALTA SEGURIDAD SIN CONTACTO CON EL EXTERIOR Y DESPLIEGUE DE 5 MIL EFECTIVOS.<\/h2>\n\n\n\n<p>La candidata a presidenta de Juntos por el Cambio, Patricia Bullrich, estuvo en Rosario y expres\u00f3 que \u201cel 10 de diciembre aqu\u00ed y en Santa Fe, junto al gobernador, vamos a desplegar 5.000 efectivos federales para controlar los movimientos de todas las bandas, una por una. Pondremos en marcha el Comit\u00e9 de Emergencia. No hay una banda que no sepamos d\u00f3nde est\u00e1 instalada. Si no se hace inteligencia criminal, aqu\u00ed es porque no se quiere\u201d.<\/p>\n\n\n\n<p>Luego, en conferencia de prensa junto a su vice, Luis Petri; el candidato a gobernador de Juntos por el Cambio, Maximiliano Pullaro, el intendente de Rosario Pablo Javkin, la presidenta del Concejo Municipal de Rosario, Mar\u00eda Eugenia Schmuck y Nestor Roncaglia, ex Jefe de la Polic\u00eda Federal, se explay\u00f3 sobre su plan en el que detall\u00f3 -entre otras cuestiones- \u201cvamos a trabajar para proteger a los j\u00f3venes, pero necesitamos protegerlos de dos maneras: proteger a los j\u00f3venes que entran al consumo y para eso necesitamos acci\u00f3n social, salud y lugares donde puedan estar; pero tambi\u00e9n vamos a bajar la edad de imputabilidad para aquellos que asesinan y matan gente, porque aquel que asesina no puede volver a su casa como si nada pasara\u201d, remarc\u00f3.<\/p>\n\n\n\n<p>Al mismo tiempo, agreg\u00f3 que \u201cconstruiremos, junto al sistema federal y el sistema provincial, una c\u00e1rcel de alta seguridad en zonas alejadas para narcotraficantes y delincuentes que han sido part\u00edcipes del narcotr\u00e1fico, porque tambi\u00e9n est\u00e1n los que lavan la plata, los que generan las condiciones para que el narcotr\u00e1fico se instale en una ciudad tan importante para el pa\u00eds como es Rosario. Estas instalaciones carcelarias no van a tener ning\u00fan tipo de control externo, no van a poder tener ni comunicaciones, ni internet, ni ninguna posibilidad de que sean centros de delito\u201d, subray\u00f3 Bullrich, que lleg\u00f3 acompa\u00f1ada desde Buenos Aires por Dami\u00e1n Arabia, coordinador pol\u00edtico del interior y precandidato a diputado nacional.<\/p>\n\n\n\n<p>\u201cEs necesario rodear ese 12% de la ciudad de Rosario donde se cometen los cr\u00edmenes. Necesitamos generar un cord\u00f3n de seguridad para todos los rosarinos e ir cerr\u00e1ndoles el camino a los que andan armados en motos, matando gente como si fuese una cacer\u00eda por las calles\u201d, precis\u00f3 la exministra de Seguridad. Y agreg\u00f3 que \u201cvamos a trabajar para buscar a todos y cada uno de los pr\u00f3fugos del narcotr\u00e1fico, aqu\u00ed y en todo el pa\u00eds. Hay 45 mil pr\u00f3fugos. Nosotros hab\u00edamos rescatado 10 mil pr\u00f3fugos y vuelto a la c\u00e1rcel. Ahora los dejaron de nuevo liberados. Tenemos que ir a buscar uno por uno porque aquel que est\u00e1 pr\u00f3fugo, que ya fue parte del delito, como narcotraficante, vuelve a cometerlo\u201d.<\/p>\n\n\n\n<p>Por \u00faltimo, la candidata a presidenta -que tambi\u00e9n recorri\u00f3 la peatonal y di\u00e1logo con vecinos y comerciantes- se reuni\u00f3 a solas con Jes\u00fas, un profesor de f\u00fatbol que debi\u00f3 abandonar las instalaciones de su club porque hace 3 a\u00f1os -y a ra\u00edz de un tiroteo entre bandas narcos-, debi\u00f3 abandonar el lugar porque una bala perdida le quit\u00f3 la vida a un ni\u00f1o que practicaba deportes ah\u00ed. Desde entonces, Jes\u00fas los entrena a pulm\u00f3n y en una plaza barrial con los elementos que tiene a mano.<\/p>\n\n\n\n<p><\/p>\n","protected":false},"excerpt":{"rendered":"<p>EN ROSARIO, BULLRICH ANUNCI\u00d3 PARTE DE SU PLAN DE SEGURIDAD: BAJA DE IMPUTABILIDAD, C\u00c1RCEL DE ALTA SEGURIDAD SIN CONTACTO CON EL EXTERIOR Y DESPLIEGUE DE 5 MIL EFECTIVOS. La candidata a presidenta de Juntos por el Cambio, Patricia Bullrich, estuvo en Rosario y expres\u00f3 que \u201cel 10 de diciembre aqu\u00ed y en Santa Fe, junto <a href=\"https:\/\/armstrongyregion.com.ar\/diario\/bullrich-en-rosario-con-pullaro-y-javkin-con-nosotros-el-delito-la-va-a-pasar-mal\/\" title=\"Read more\" >&#8230;<\/a><\/p>\n","protected":false},"author":1,"featured_media":39961,"comment_status":"open","ping_status":"open","sticky":false,"template":"","format":"image","meta":{"_jetpack_memberships_contains_paid_content":false,"footnotes":"","jetpack_publicize_message":"","jetpack_publicize_feature_enabled":true,"jetpack_social_post_already_shared":true,"jetpack_social_options":{"image_generator_settings":{"template":"highway","default_image_id":0,"enabled":false},"version":2}},"categories":[8,1,2,7,3],"tags":[9519,100,15,9749,2846,8588,13],"class_list":["post-39960","post","type-post","status-publish","format-image","has-post-thumbnail","hentry","category-deliberando","category-diario-armstrong","category-locales","category-politica","category-region","tag-bullrich","tag-con","tag-en","tag-javkin","tag-pullaro","tag-rosario-2","tag-y","post_format-post-format-image"],"jetpack_publicize_connections":[],"jetpack_featured_media_url":"https:\/\/armstrongyregion.com.ar\/diario\/wp-content\/uploads\/2023\/08\/PATRICIA-EN-ROSARIO.jpg","jetpack_shortlink":"https:\/\/wp.me\/p62QDO-aow","jetpack_sharing_enabled":true,"amp_enabled":true,"_links":{"self":[{"href":"https:\/\/armstrongyregion.com.ar\/diario\/wp-json\/wp\/v2\/posts\/39960","targetHints":{"allow":["GET"]}}],"collection":[{"href":"https:\/\/armstrongyregion.com.ar\/diario\/wp-json\/wp\/v2\/posts"}],"about":[{"href":"https:\/\/armstrongyregion.com.ar\/diario\/wp-json\/wp\/v2\/types\/post"}],"author":[{"embeddable":true,"href":"https:\/\/armstrongyregion.com.ar\/diario\/wp-json\/wp\/v2\/users\/1"}],"replies":[{"embeddable":true,"href":"https:\/\/armstrongyregion.com.ar\/diario\/wp-json\/wp\/v2\/comments?post=39960"}],"version-history":[{"count":1,"href":"https:\/\/armstrongyregion.com.ar\/diario\/wp-json\/wp\/v2\/posts\/39960\/revisions"}],"predecessor-version":[{"id":39962,"href":"https:\/\/armstrongyregion.com.ar\/diario\/wp-json\/wp\/v2\/posts\/39960\/revisions\/39962"}],"wp:featuredmedia":[{"embeddable":true,"href":"https:\/\/armstrongyregion.com.ar\/diario\/wp-json\/wp\/v2\/media\/39961"}],"wp:attachment":[{"href":"https:\/\/armstrongyregion.com.ar\/diario\/wp-json\/wp\/v2\/media?parent=39960"}],"wp:term":[{"taxonomy":"category","embeddable":true,"href":"https:\/\/armstrongyregion.com.ar\/diario\/wp-json\/wp\/v2\/categories?post=39960"},{"taxonomy":"post_tag","embeddable":true,"href":"https:\/\/armstrongyregion.com.ar\/diario\/wp-json\/wp\/v2\/tags?post=39960"}],"curies":[{"name":"wp","href":"https:\/\/api.w.org\/{rel}","templated":true}]}}