{"id":39951,"date":"2023-08-29T02:46:37","date_gmt":"2023-08-29T02:46:37","guid":{"rendered":"https:\/\/armstrongyregion.com.ar\/diario\/?p=39951"},"modified":"2023-08-29T02:46:40","modified_gmt":"2023-08-29T02:46:40","slug":"este-martes-en-deliberando-los-tres-candidatos-a-la-senaduria-por-el-departamento-belgrano-hablaran-sobre-las-elecciones-del-10-de-septiembre","status":"publish","type":"post","link":"https:\/\/armstrongyregion.com.ar\/diario\/este-martes-en-deliberando-los-tres-candidatos-a-la-senaduria-por-el-departamento-belgrano-hablaran-sobre-las-elecciones-del-10-de-septiembre\/","title":{"rendered":"Este martes en DELIBERANDO, los tres candidatos a la senadur\u00eda por el departamento Belgrano hablar\u00e1n sobre las elecciones del 10 de septiembre."},"content":{"rendered":"\n<figure class=\"wp-block-image size-full\"><a href=\"http:\/\/armstrongyregion.com.ar\/diario\/wp-content\/uploads\/2023\/08\/DELIBERANDO-SENADORES-28-8-23.jpg\"><img loading=\"lazy\" decoding=\"async\" width=\"360\" height=\"360\" src=\"http:\/\/armstrongyregion.com.ar\/diario\/wp-content\/uploads\/2023\/08\/DELIBERANDO-SENADORES-28-8-23.jpg\" alt=\"\" class=\"wp-image-39952\" srcset=\"https:\/\/armstrongyregion.com.ar\/diario\/wp-content\/uploads\/2023\/08\/DELIBERANDO-SENADORES-28-8-23.jpg 360w, https:\/\/armstrongyregion.com.ar\/diario\/wp-content\/uploads\/2023\/08\/DELIBERANDO-SENADORES-28-8-23-300x300.jpg 300w, https:\/\/armstrongyregion.com.ar\/diario\/wp-content\/uploads\/2023\/08\/DELIBERANDO-SENADORES-28-8-23-150x150.jpg 150w\" sizes=\"auto, (max-width: 360px) 100vw, 360px\" \/><\/a><\/figure>\n\n\n\n<p>Guillermo Cornaglia que va por la reelecci\u00f3n, Alberto Crosetti, que buscar\u00e1 volver a la c\u00e1mara alta de la provincia y el intendente de Armstrong Dr. Pablo Verdecchia, desarrollaran desde sus puntos de vista las razones por las cuales intentan representar al departamento en la legislatura provincial.<\/p>\n\n\n\n<p>Las acciones en favor del departamento, la relaci\u00f3n con los intendentes y presidentes comunales, los puntos b\u00e1sicos en las primeras gestiones en caso de llegar a la banca, ser\u00e1n parte del temario que desarrollar\u00e1n en forma individual.<\/p>\n\n\n\n<p>Todo este martes en DELIBERANDO, con la conducci\u00f3n de la licenciada Graciela de la Casa y Oscar Crispino. 21hs. Por Cable Imagen Armstrong.<\/p>\n\n\n\n<p><\/p>\n","protected":false},"excerpt":{"rendered":"<p>Guillermo Cornaglia que va por la reelecci\u00f3n, Alberto Crosetti, que buscar\u00e1 volver a la c\u00e1mara alta de la provincia y el intendente de Armstrong Dr. Pablo Verdecchia, desarrollaran desde sus puntos de vista las razones por las cuales intentan representar al departamento en la legislatura provincial. Las acciones en favor del departamento, la relaci\u00f3n con <a href=\"https:\/\/armstrongyregion.com.ar\/diario\/este-martes-en-deliberando-los-tres-candidatos-a-la-senaduria-por-el-departamento-belgrano-hablaran-sobre-las-elecciones-del-10-de-septiembre\/\" title=\"Read more\" >&#8230;<\/a><\/p>\n","protected":false},"author":1,"featured_media":39952,"comment_status":"open","ping_status":"open","sticky":false,"template":"","format":"image","meta":{"_jetpack_memberships_contains_paid_content":false,"footnotes":"","jetpack_publicize_message":"","jetpack_publicize_feature_enabled":true,"jetpack_social_post_already_shared":true,"jetpack_social_options":{"image_generator_settings":{"template":"highway","default_image_id":0,"enabled":false},"version":2}},"categories":[8,1,2,7,3],"tags":[8606,765,44,872,15,31,42,1005,8645],"class_list":["post-39951","post","type-post","status-publish","format-image","has-post-thumbnail","hentry","category-deliberando","category-diario-armstrong","category-locales","category-politica","category-region","tag-belgrano-2","tag-candidatos","tag-deliberando-2","tag-departamento","tag-en","tag-la","tag-los","tag-senaduria","tag-tres-2","post_format-post-format-image"],"jetpack_publicize_connections":[],"jetpack_featured_media_url":"https:\/\/armstrongyregion.com.ar\/diario\/wp-content\/uploads\/2023\/08\/DELIBERANDO-SENADORES-28-8-23.jpg","jetpack_shortlink":"https:\/\/wp.me\/p62QDO-aon","jetpack_sharing_enabled":true,"amp_enabled":true,"_links":{"self":[{"href":"https:\/\/armstrongyregion.com.ar\/diario\/wp-json\/wp\/v2\/posts\/39951","targetHints":{"allow":["GET"]}}],"collection":[{"href":"https:\/\/armstrongyregion.com.ar\/diario\/wp-json\/wp\/v2\/posts"}],"about":[{"href":"https:\/\/armstrongyregion.com.ar\/diario\/wp-json\/wp\/v2\/types\/post"}],"author":[{"embeddable":true,"href":"https:\/\/armstrongyregion.com.ar\/diario\/wp-json\/wp\/v2\/users\/1"}],"replies":[{"embeddable":true,"href":"https:\/\/armstrongyregion.com.ar\/diario\/wp-json\/wp\/v2\/comments?post=39951"}],"version-history":[{"count":2,"href":"https:\/\/armstrongyregion.com.ar\/diario\/wp-json\/wp\/v2\/posts\/39951\/revisions"}],"predecessor-version":[{"id":39954,"href":"https:\/\/armstrongyregion.com.ar\/diario\/wp-json\/wp\/v2\/posts\/39951\/revisions\/39954"}],"wp:featuredmedia":[{"embeddable":true,"href":"https:\/\/armstrongyregion.com.ar\/diario\/wp-json\/wp\/v2\/media\/39952"}],"wp:attachment":[{"href":"https:\/\/armstrongyregion.com.ar\/diario\/wp-json\/wp\/v2\/media?parent=39951"}],"wp:term":[{"taxonomy":"category","embeddable":true,"href":"https:\/\/armstrongyregion.com.ar\/diario\/wp-json\/wp\/v2\/categories?post=39951"},{"taxonomy":"post_tag","embeddable":true,"href":"https:\/\/armstrongyregion.com.ar\/diario\/wp-json\/wp\/v2\/tags?post=39951"}],"curies":[{"name":"wp","href":"https:\/\/api.w.org\/{rel}","templated":true}]}}