{"id":39945,"date":"2023-08-29T01:53:21","date_gmt":"2023-08-29T01:53:21","guid":{"rendered":"https:\/\/armstrongyregion.com.ar\/diario\/?p=39945"},"modified":"2023-08-29T01:53:23","modified_gmt":"2023-08-29T01:53:23","slug":"informe-area-de-orden-publico-28-08-2023","status":"publish","type":"post","link":"https:\/\/armstrongyregion.com.ar\/diario\/informe-area-de-orden-publico-28-08-2023\/","title":{"rendered":"Informe \u00c1rea de Orden P\u00fablico 28\/08\/2023."},"content":{"rendered":"\n<figure class=\"wp-block-image size-full\"><a href=\"http:\/\/armstrongyregion.com.ar\/diario\/wp-content\/uploads\/2023\/04\/informe_orden_publico.jpg\"><img loading=\"lazy\" decoding=\"async\" width=\"405\" height=\"406\" src=\"http:\/\/armstrongyregion.com.ar\/diario\/wp-content\/uploads\/2023\/04\/informe_orden_publico.jpg\" alt=\"\" class=\"wp-image-38258\" srcset=\"https:\/\/armstrongyregion.com.ar\/diario\/wp-content\/uploads\/2023\/04\/informe_orden_publico.jpg 405w, https:\/\/armstrongyregion.com.ar\/diario\/wp-content\/uploads\/2023\/04\/informe_orden_publico-300x300.jpg 300w, https:\/\/armstrongyregion.com.ar\/diario\/wp-content\/uploads\/2023\/04\/informe_orden_publico-150x150.jpg 150w\" sizes=\"auto, (max-width: 405px) 100vw, 405px\" \/><\/a><\/figure>\n\n\n\n<p>El \u00c1rea de Orden P\u00fablico de la Municipalidad de Armstrong inform\u00f3 que en el transcurso de la<br>\u00faltima semana se procedi\u00f3 a realizar recorridos en coordinaci\u00f3n con Polic\u00eda y central de monitoreo<br>para acciones de prevenci\u00f3n de faltas y delitos, con presencia efectiva en barrio FoNaVi Sur<br>incluyendo plaza Nona Rocha.<br>En Ruta Nacional N\u00b0 9 y calle Paraguay, el d\u00eda mi\u00e9rcoles 23 se realiz\u00f3 un operativo de control en<br>conjunto con la Agencia Provincial de Seguridad Vial, Polic\u00eda de Seguridad Vial y Comisar\u00eda Tercera,<br>consistente en alcoholemias fiscalizaci\u00f3n de documentaci\u00f3n obligatoria para circular, excesos de<br>pasajeros, uso de dispositivos de seguridad, etc.<br>Resultado del mismo: 7 infracciones por falta de licencias habilitantes para conducir, falta de<br>seguros y Revisi\u00f3n T\u00e9cnica Obligatoria, c\u00e9dula habilitante vencida y secuestro de un autom\u00f3vil.<br>Adem\u00e1s, se procedi\u00f3 al secuestro de un motoveh\u00edculo por falta de documentaci\u00f3n exigible para<br>circular, escape ruidoso, infractor menor de edad. Interviene Juzgado Municipal de Faltas. Se<br>traslad\u00f3 la actuaci\u00f3n a Polic\u00eda por falsificaci\u00f3n, alteraci\u00f3n, y suplantaci\u00f3n de chapa patente.<br>Con presencia policial preventiva se secuestr\u00f3 un segundo motoveh\u00edculo por falta de<br>documentaci\u00f3n exigible para circular, escape ruidoso, infractor menor de edad. Interviene Juzgado<br>Municipal de Faltas.<\/p>\n","protected":false},"excerpt":{"rendered":"<p>El \u00c1rea de Orden P\u00fablico de la Municipalidad de Armstrong inform\u00f3 que en el transcurso de la\u00faltima semana se procedi\u00f3 a realizar recorridos en coordinaci\u00f3n con Polic\u00eda y central de monitoreopara acciones de prevenci\u00f3n de faltas y delitos, con presencia efectiva en barrio FoNaVi Surincluyendo plaza Nona Rocha.En Ruta Nacional N\u00b0 9 y calle Paraguay, <a href=\"https:\/\/armstrongyregion.com.ar\/diario\/informe-area-de-orden-publico-28-08-2023\/\" title=\"Read more\" >&#8230;<\/a><\/p>\n","protected":false},"author":1,"featured_media":38258,"comment_status":"open","ping_status":"open","sticky":false,"template":"","format":"image","meta":{"_jetpack_memberships_contains_paid_content":false,"footnotes":"","jetpack_publicize_message":"","jetpack_publicize_feature_enabled":true,"jetpack_social_post_already_shared":true,"jetpack_social_options":{"image_generator_settings":{"template":"highway","default_image_id":0,"enabled":false},"version":2}},"categories":[8,1,2,7,3],"tags":[903,19,8653,1570,8585],"class_list":["post-39945","post","type-post","status-publish","format-image","has-post-thumbnail","hentry","category-deliberando","category-diario-armstrong","category-locales","category-politica","category-region","tag-area","tag-de","tag-informe-2","tag-orden","tag-publico-2","post_format-post-format-image"],"jetpack_publicize_connections":[],"jetpack_featured_media_url":"https:\/\/armstrongyregion.com.ar\/diario\/wp-content\/uploads\/2023\/04\/informe_orden_publico.jpg","jetpack_shortlink":"https:\/\/wp.me\/p62QDO-aoh","jetpack_sharing_enabled":true,"amp_enabled":true,"_links":{"self":[{"href":"https:\/\/armstrongyregion.com.ar\/diario\/wp-json\/wp\/v2\/posts\/39945","targetHints":{"allow":["GET"]}}],"collection":[{"href":"https:\/\/armstrongyregion.com.ar\/diario\/wp-json\/wp\/v2\/posts"}],"about":[{"href":"https:\/\/armstrongyregion.com.ar\/diario\/wp-json\/wp\/v2\/types\/post"}],"author":[{"embeddable":true,"href":"https:\/\/armstrongyregion.com.ar\/diario\/wp-json\/wp\/v2\/users\/1"}],"replies":[{"embeddable":true,"href":"https:\/\/armstrongyregion.com.ar\/diario\/wp-json\/wp\/v2\/comments?post=39945"}],"version-history":[{"count":2,"href":"https:\/\/armstrongyregion.com.ar\/diario\/wp-json\/wp\/v2\/posts\/39945\/revisions"}],"predecessor-version":[{"id":39947,"href":"https:\/\/armstrongyregion.com.ar\/diario\/wp-json\/wp\/v2\/posts\/39945\/revisions\/39947"}],"wp:featuredmedia":[{"embeddable":true,"href":"https:\/\/armstrongyregion.com.ar\/diario\/wp-json\/wp\/v2\/media\/38258"}],"wp:attachment":[{"href":"https:\/\/armstrongyregion.com.ar\/diario\/wp-json\/wp\/v2\/media?parent=39945"}],"wp:term":[{"taxonomy":"category","embeddable":true,"href":"https:\/\/armstrongyregion.com.ar\/diario\/wp-json\/wp\/v2\/categories?post=39945"},{"taxonomy":"post_tag","embeddable":true,"href":"https:\/\/armstrongyregion.com.ar\/diario\/wp-json\/wp\/v2\/tags?post=39945"}],"curies":[{"name":"wp","href":"https:\/\/api.w.org\/{rel}","templated":true}]}}