{"id":39937,"date":"2023-08-28T01:07:55","date_gmt":"2023-08-28T01:07:55","guid":{"rendered":"https:\/\/armstrongyregion.com.ar\/diario\/?p=39937"},"modified":"2023-08-28T01:08:33","modified_gmt":"2023-08-28T01:08:33","slug":"las-parejas-ya-funciona-en-el-hospital-la-nueva-sala-de-terapia-intensiva","status":"publish","type":"post","link":"https:\/\/armstrongyregion.com.ar\/diario\/las-parejas-ya-funciona-en-el-hospital-la-nueva-sala-de-terapia-intensiva\/","title":{"rendered":"Las Parejas. Ya funciona en el hospital la nueva sala de terapia intensiva."},"content":{"rendered":"\n<figure class=\"wp-block-image size-full\"><a href=\"http:\/\/armstrongyregion.com.ar\/diario\/wp-content\/uploads\/2023\/08\/terapia-5-1280x640-1.jpg\"><img loading=\"lazy\" decoding=\"async\" width=\"550\" height=\"320\" src=\"http:\/\/armstrongyregion.com.ar\/diario\/wp-content\/uploads\/2023\/08\/terapia-5-1280x640-1.jpg\" alt=\"\" class=\"wp-image-39938\" srcset=\"https:\/\/armstrongyregion.com.ar\/diario\/wp-content\/uploads\/2023\/08\/terapia-5-1280x640-1.jpg 550w, https:\/\/armstrongyregion.com.ar\/diario\/wp-content\/uploads\/2023\/08\/terapia-5-1280x640-1-300x175.jpg 300w\" sizes=\"auto, (max-width: 550px) 100vw, 550px\" \/><\/a><\/figure>\n\n\n\n<p>En la tarde del viernes 25 y con la presencia de la Ministra de Salud de la Provincia de Santa Fe, Sonia Martorano, se inaugur\u00f3 en el Hospital de Las Parejas la nueva sala de Terapia Intensiva con 6 camas totalmente equipadas con sus respectivos Respiradores y toda la tecnolog\u00eda necesaria para brindar dicho servicio, obra que se concret\u00f3 a trav\u00e9s del aporte financiero de la empresa B\u00fafalo, de otras empresas y aportes personales, con mano de obra del Municipio local. &nbsp;<\/p>\n\n\n\n<p>El acto se desarroll\u00f3 en uno de los pasillos de dicho nosocomio y las autoridades presentes hicieron uso de la palabra destac\u00e1ndose los siguientes conceptos.<\/p>\n\n\n<div class=\"wp-block-image\">\n<figure class=\"alignleft\"><a href=\"https:\/\/www.radiolasparejas.com.ar\/wp-content\/uploads\/2023\/08\/terapia-3.jpg\"><img decoding=\"async\" src=\"https:\/\/www.radiolasparejas.com.ar\/wp-content\/uploads\/2023\/08\/terapia-3-300x225.jpg\" alt=\"\" class=\"wp-image-39823\"\/><\/a><\/figure><\/div>\n\n\n<p><strong>Gabriel Figueroa, Director del Hospital<\/strong>: \u201cAc\u00e1 somos una gran familia, todos, los que trabajamos en mantenimiento, cocina, enfermeras, m\u00e9dicos, t\u00e9cnicas de Laboratorio, ecografistas, especialistas; todos aportan su granito de arena para que esto sea de mejor calidad y tenga una mejor atenci\u00f3n, mayor cobertura a toda la poblaci\u00f3n, que es lo que hoy est\u00e1 necesitando\u201d.<\/p>\n\n\n<div class=\"wp-block-image\">\n<figure class=\"alignleft\"><a href=\"https:\/\/www.radiolasparejas.com.ar\/wp-content\/uploads\/2023\/08\/terapia-2.jpg\"><img decoding=\"async\" src=\"https:\/\/www.radiolasparejas.com.ar\/wp-content\/uploads\/2023\/08\/terapia-2-300x225.jpg\" alt=\"\" class=\"wp-image-39822\"\/><\/a><\/figure><\/div>\n\n\n<p><strong>Griselda de Bosio, Presidenta de la Comisi\u00f3n<\/strong>: \u201cTengo que decir que cuando golpeo puertas, cuando visito personas, cuando pido, tengo buenas respuestas. A nosotros nos toca la peor parte que es el dinero y en esta \u00e9poca, pasamos situaciones muy dif\u00edciles, pero esto es obra de todos. Esto es un orgullo, somos&nbsp;Las Parejas, y tenemos el mejor Hospital de la zona\u201d.<\/p>\n\n\n\n<p><strong>Adri\u00e1n Scarpeccio, Titular de B\u00fafalo S.A.<\/strong>: \u201cEste es un sue\u00f1o que rinde homenaje a nuestro fundador, Haroldo Scarpeccio, que desde el cielo nos sigue guiando no solo como empresario, sino tambi\u00e9n como seres humanos, comprometidos a construir una sociedad y una ciudad mejor. Esto es un proyecto que representa m\u00e1s de 30 millones de pesos de inversi\u00f3n de parte de nuestra empresa. Confiamos en que nuestra ciudad es capaz de lograr lo que se proponga, y esto es un llamado a todos los industriales a seguir colaborando y a pensar en el legado que dejaremos a las generaciones futuras; nos enorgullecemos de vivir en Argentina y de seguir invirtiendo en las instituciones locales\u201d.<\/p>\n\n\n\n<p><strong>Guillermo Cornaglia, Senador:&nbsp;<\/strong>\u201cPerm\u00edtanme felicitarlos, Las Parejas con esta obra invalorable no solo va a beneficiar a los parejenses sino a todo el departamento Belgrano. Esto habla de la verdadera integraci\u00f3n p\u00fablico privado, un servicio p\u00fablico pero la parte privada entiende como imprescindible, y en esa asociaci\u00f3n estos beneficios que puntualmente redundar\u00e1n en cada uno de&nbsp; los que habitamos este departamento\u201d.<\/p>\n\n\n<div class=\"wp-block-image\">\n<figure class=\"alignleft\"><a href=\"https:\/\/www.radiolasparejas.com.ar\/wp-content\/uploads\/2023\/08\/terapia-6.jpg\"><img decoding=\"async\" src=\"https:\/\/www.radiolasparejas.com.ar\/wp-content\/uploads\/2023\/08\/terapia-6-300x225.jpg\" alt=\"\" class=\"wp-image-39826\"\/><\/a><\/figure><\/div>\n\n\n<p><strong>Horacio Compagnucci, Intendente:&nbsp;<\/strong>\u201cLos materiales los aport\u00f3 B\u00fafalo, y en ese momento en que comenzamos se hablaba de 4&nbsp;millones, y terminaron aportando 30, y nunca dijeron que no, y la obra termin\u00f3 siendo mucho m\u00e1s amplia de lo que era en un principio, para que quede para siempre, porque ten\u00eda que ser lo m\u00e1s moderno posible, tuvo modificaciones, hace un a\u00f1o que estamos trabajando, llegamos y en el medio hubo un mont\u00f3n de empresas, 6 que por medio del Centro Industrial participaron y hubo gente que colabor\u00f3 con parte del equipamiento, y logramos una sala de 6 camas que para la salud p\u00fablica de Las Parejas es hist\u00f3rico, es un antes y un despu\u00e9s\u201d.<\/p>\n\n\n<div class=\"wp-block-image\">\n<figure class=\"alignleft\"><a href=\"https:\/\/www.radiolasparejas.com.ar\/wp-content\/uploads\/2023\/08\/terapia-7.jpg\"><img decoding=\"async\" src=\"https:\/\/www.radiolasparejas.com.ar\/wp-content\/uploads\/2023\/08\/terapia-7-300x225.jpg\" alt=\"\" class=\"wp-image-39827\"\/><\/a><\/figure><\/div>\n\n\n<p><strong>Sonia Martorano, Ministra de Salud<\/strong>: \u201cHoy agradezco esto, porque soy una gran defensora de la salud p\u00fablica, y en&nbsp;estos momentos todos somos usuarios potenciales de la salud p\u00fablica y la tenemos que defender porque es la salud del pueblo, la de todos. Las Parejas es el gran ejemplo provincial de lo que es articular, el sector p\u00fablico con el sector privado, y que la salud p\u00fablica es la de toda la comunidad. Les agradezco por invertir en salud, por invertir en sus trabajadores, porque este es un pulm\u00f3n productivo de la Provincia de Santa Fe y sus empresarios decidieron invertir en un hospital, nosotros seguiremos apostando a esto, seguiremos colaborando para que este sea el hospital modelo que se merece\u201d.<\/p>\n\n\n\n<p>Acto seguido lleg\u00f3 el corte de cinta para dar formalmente inaugurada la obra de la Sala de Terapia Intensiva, donde autoridades y p\u00fablico presente pudieron recorrer las nuevas instalaciones.<\/p>\n\n\n\n<p>www.rasiolasparejas.com.ar<\/p>\n","protected":false},"excerpt":{"rendered":"<p>En la tarde del viernes 25 y con la presencia de la Ministra de Salud de la Provincia de Santa Fe, Sonia Martorano, se inaugur\u00f3 en el Hospital de Las Parejas la nueva sala de Terapia Intensiva con 6 camas totalmente equipadas con sus respectivos Respiradores y toda la tecnolog\u00eda necesaria para brindar dicho servicio, <a href=\"https:\/\/armstrongyregion.com.ar\/diario\/las-parejas-ya-funciona-en-el-hospital-la-nueva-sala-de-terapia-intensiva\/\" title=\"Read more\" >&#8230;<\/a><\/p>\n","protected":false},"author":1,"featured_media":39938,"comment_status":"open","ping_status":"open","sticky":false,"template":"","format":"image","meta":{"_jetpack_memberships_contains_paid_content":false,"footnotes":"","jetpack_publicize_message":"","jetpack_publicize_feature_enabled":true,"jetpack_social_post_already_shared":true,"jetpack_social_options":{"image_generator_settings":{"template":"highway","default_image_id":0,"enabled":false},"version":2}},"categories":[8,1,2,7,3],"tags":[19,16,15,2980,771,3880,31,509,275,773,3879,173],"class_list":["post-39937","post","type-post","status-publish","format-image","has-post-thumbnail","hentry","category-deliberando","category-diario-armstrong","category-locales","category-politica","category-region","tag-de","tag-el","tag-en","tag-funciona","tag-hospital","tag-intensiva","tag-la","tag-las-parejas","tag-nueva","tag-sala","tag-terapia","tag-ya","post_format-post-format-image"],"jetpack_publicize_connections":[],"jetpack_featured_media_url":"https:\/\/armstrongyregion.com.ar\/diario\/wp-content\/uploads\/2023\/08\/terapia-5-1280x640-1.jpg","jetpack_shortlink":"https:\/\/wp.me\/p62QDO-ao9","jetpack_sharing_enabled":true,"amp_enabled":true,"_links":{"self":[{"href":"https:\/\/armstrongyregion.com.ar\/diario\/wp-json\/wp\/v2\/posts\/39937","targetHints":{"allow":["GET"]}}],"collection":[{"href":"https:\/\/armstrongyregion.com.ar\/diario\/wp-json\/wp\/v2\/posts"}],"about":[{"href":"https:\/\/armstrongyregion.com.ar\/diario\/wp-json\/wp\/v2\/types\/post"}],"author":[{"embeddable":true,"href":"https:\/\/armstrongyregion.com.ar\/diario\/wp-json\/wp\/v2\/users\/1"}],"replies":[{"embeddable":true,"href":"https:\/\/armstrongyregion.com.ar\/diario\/wp-json\/wp\/v2\/comments?post=39937"}],"version-history":[{"count":2,"href":"https:\/\/armstrongyregion.com.ar\/diario\/wp-json\/wp\/v2\/posts\/39937\/revisions"}],"predecessor-version":[{"id":39941,"href":"https:\/\/armstrongyregion.com.ar\/diario\/wp-json\/wp\/v2\/posts\/39937\/revisions\/39941"}],"wp:featuredmedia":[{"embeddable":true,"href":"https:\/\/armstrongyregion.com.ar\/diario\/wp-json\/wp\/v2\/media\/39938"}],"wp:attachment":[{"href":"https:\/\/armstrongyregion.com.ar\/diario\/wp-json\/wp\/v2\/media?parent=39937"}],"wp:term":[{"taxonomy":"category","embeddable":true,"href":"https:\/\/armstrongyregion.com.ar\/diario\/wp-json\/wp\/v2\/categories?post=39937"},{"taxonomy":"post_tag","embeddable":true,"href":"https:\/\/armstrongyregion.com.ar\/diario\/wp-json\/wp\/v2\/tags?post=39937"}],"curies":[{"name":"wp","href":"https:\/\/api.w.org\/{rel}","templated":true}]}}