{"id":39925,"date":"2023-08-25T22:55:25","date_gmt":"2023-08-25T22:55:25","guid":{"rendered":"https:\/\/armstrongyregion.com.ar\/diario\/?p=39925"},"modified":"2023-08-25T22:55:28","modified_gmt":"2023-08-25T22:55:28","slug":"la-provincia-presento-el-plan-de-formacion-docente-en-tecnologias-digitales","status":"publish","type":"post","link":"https:\/\/armstrongyregion.com.ar\/diario\/la-provincia-presento-el-plan-de-formacion-docente-en-tecnologias-digitales\/","title":{"rendered":"La provincia present\u00f3 el Plan de Formaci\u00f3n Docente en Tecnolog\u00edas Digitales."},"content":{"rendered":"\n<figure class=\"wp-block-image size-full\"><a href=\"http:\/\/armstrongyregion.com.ar\/diario\/wp-content\/uploads\/2023\/08\/FORMACION-DOCENTE.jpg\"><img loading=\"lazy\" decoding=\"async\" width=\"510\" height=\"340\" src=\"http:\/\/armstrongyregion.com.ar\/diario\/wp-content\/uploads\/2023\/08\/FORMACION-DOCENTE.jpg\" alt=\"\" class=\"wp-image-39926\" srcset=\"https:\/\/armstrongyregion.com.ar\/diario\/wp-content\/uploads\/2023\/08\/FORMACION-DOCENTE.jpg 510w, https:\/\/armstrongyregion.com.ar\/diario\/wp-content\/uploads\/2023\/08\/FORMACION-DOCENTE-300x200.jpg 300w\" sizes=\"auto, (max-width: 510px) 100vw, 510px\" \/><\/a><\/figure>\n\n\n\n<h2 class=\"wp-block-heading\">La iniciativa est\u00e1 enmarcada en el Programa de Inclusi\u00f3n Digital y Transformaciones Educativas de \u201cSanta Fe M\u00e1s Conectada\u201d.<\/h2>\n\n\n\n<p>El ministro de Educaci\u00f3n, Victor Debloc, present\u00f3 el Plan de Formaci\u00f3n Docente en Tecnolog\u00edas Digitales, destinado a m\u00e1s de 70.000 educadores de toda la provincia.<\/p>\n\n\n\n<p>La propuesta, que prev\u00e9 un acercamiento mayor a las tecnolog\u00edas digitales en las escuelas para garantizar la construcci\u00f3n de ciudadan\u00edas digitales activas y democr\u00e1ticas, estar\u00e1 desarrollada por la Facultad de Filosof\u00eda y Humanidades de la Universidad Cat\u00f3lica de Santa Fe (UCSF), instituci\u00f3n educativa de nivel superior que result\u00f3 adjudicataria de la licitaci\u00f3n prevista para la capacitaci\u00f3n docente en el marco de \u201cSanta Fe M\u00e1s Conectada\u201d.<\/p>\n\n\n\n<p>Durante el acto, llevado a cabo en la sala Belgrano de la cartera educativa, Debloc indic\u00f3 que \u201ces un momento importante el que estamos transitando en el marco de Santa Fe + Conectada. Cuando se aprob\u00f3 la ley respectiva se preve\u00edan licitaciones para el fortalecimiento de la plataforma educativa que tiene el Ministerio, licitaciones vinculadas a los edificios escolares nuevos y, por otro lado, la capacitaci\u00f3n docente que hoy estamos lanzando, para la que se hizo la licitaci\u00f3n correspondiente, y que es muy valiosa porque es para los pr\u00f3ximos a\u00f1os y d\u00e9cadas de la educaci\u00f3n p\u00fablica santafesina\u201d.<\/p>\n\n\n\n<p>En ese sentido, se\u00f1al\u00f3 que \u201ces una alegr\u00eda entrar a un trabajo compartido entre la universidad y el Ministerio de Educaci\u00f3n, porque ambos organismos han venido trabajando estos a\u00f1os con una serie de programas vinculados a la formaci\u00f3n docente continua sobre alfabetizaci\u00f3n ciudadana, sobre rob\u00f3tica, sobre las TICS en la ruralidad, sobre las tecnolog\u00edas digitales y la gesti\u00f3n directiva, todos trayectos de formaci\u00f3n que vamos a retomar a partir del convenio firmado entre los ministerios de Educaci\u00f3n y de Econom\u00eda de la provincia con la Universidad Cat\u00f3lica de Santa Fe\u201d.<\/p>\n\n\n\n<p>Por \u00faltimo, el ministro indic\u00f3 que \u201clas tecnolog\u00edas digitales vienen a ocupar un lugar esencial en la formaci\u00f3n de la docencia y en el sistema educativo porque permiten, siempre en perspectiva de derechos, fortalecer las trayectorias de nuestros estudiantes, asegurando la educaci\u00f3n p\u00fablica santafesina para todos y para todas\u201d.<\/p>\n\n\n\n<p>Por su parte, la subsecretaria de Desarrollo Curricular y Formaci\u00f3n Docente, Patricia Petean indic\u00f3 que \u201ceste es un momento trascendental para nuestro Ministerio por cuanto estamos presentando un plan de formaci\u00f3n docente en tecnolog\u00edas digitales en el marco de Santa Fe + Conectada, sabiendo que asistimos a una nueva revoluci\u00f3n digital, de la que todav\u00eda no alcanzamos a dimensionar los efectos que va produciendo en nuestra subjetividad, en la constituci\u00f3n de subjetividad de nuestros estudiantes y en nuestros modos de relacionarnos. Por ello esta capacitaci\u00f3n pretende proveer a la docencia santafesina de las herramientas, las capacidades y las competencias, y tambi\u00e9n la posibilidad de no perder de vista el sentido de estas transformaciones\u201d.<\/p>\n\n\n\n<p>En tanto, a trav\u00e9s de una comunicaci\u00f3n online, la directora provincial de Tecnolog\u00edas Educativas del Ministerio de Educaci\u00f3n, Romina Indelman precis\u00f3 que \u201cestos 8 espacios formativos que estamos lanzando tienen que ver directamente con las tecnolog\u00edas. Hemos pensado cada uno de ellos incorporando todos los actores del sistema educativo, en los tres niveles obligatorios y todas sus modalidades, as\u00ed como las instancias de supervisi\u00f3n y a los equipos directivos\u201d.<\/p>\n\n\n\n<p>A su t\u00e9rmino, la decana de la Facultad de Filosof\u00eda y Humanidades de la UCSF, Carmen Gonz\u00e1lez, indic\u00f3 que \u201ces una alegr\u00eda enorme poder estar en esta instancia porque que la Universidad participe en una licitaci\u00f3n p\u00fablica, gane y pueda tomar este desaf\u00edo, habla de que el sector p\u00fablico y el sector privado pueden trabajar muy bien juntos y eso es un gran avance y un buen signo para la sociedad\u201d.<\/p>\n\n\n\n<p><strong>Plan de Formaci\u00f3n<\/strong><br>La propuesta de formaci\u00f3n prev\u00e9 el abordaje de las tecnolog\u00edas digitales en las escuelas para que las y los docentes asuman un rol estrat\u00e9gico en el acompa\u00f1amiento de ni\u00f1as, ni\u00f1os y adolescentes, para que puedan construir criterios que permitan navegar el ciberespacio de forma cuidada, consciente y respetuosa.<\/p>\n\n\n\n<p>En ese contexto el Ministerio de Educaci\u00f3n dise\u00f1\u00f3 una capacitaci\u00f3n docente en Tecnolog\u00edas Digitales, que a partir de una licitaci\u00f3n p\u00fablica, brindar\u00e1 la Universidad Cat\u00f3lica de Santa Fe a m\u00e1s de 70.000 docentes provinciales de todos los niveles y modalidades educativas, en el marco del programa provincial \u201cSanta Fe + Conectada\u201d.<\/p>\n\n\n\n<p>El plan tiene como principal objetivo brindar un espacio que permita potenciar las habilidades y competencias digitales para la gesti\u00f3n educativa, con modalidad a distancia, presencial y semipresencial y con el dictado de seminarios que comenzar\u00e1n en septiembre 2023, mediante la plataforma del Ministerio de Educaci\u00f3n provincial.<\/p>\n\n\n\n<p><strong>Presentes<\/strong><br>En la presentaci\u00f3n de plan de formaci\u00f3n, acompa\u00f1aron al ministro Debloc, la Secretaria de Educaci\u00f3n, Rosana Cencha; el subsecretario de Educaci\u00f3n Primaria, Ubaldo L\u00f3pez; la subsecretaria de Educaci\u00f3n Inicial, Marcela Ram\u00edrez; el director provincial de Formaci\u00f3n Docente Continua, Walter Pigh\u00edn; la delegada de la Regi\u00f3n IV de Educaci\u00f3n, M\u00f3nica Henny; la secretaria de Ciencia, T\u00e9cnica y Extensi\u00f3n de la Facultad de Filosof\u00eda y Humanidades, Melisa Roussill\u00f3n; miembros del gabinete educativo y de los equipos t\u00e9cnicos de la UCSF.<br><\/p>\n","protected":false},"excerpt":{"rendered":"<p>La iniciativa est\u00e1 enmarcada en el Programa de Inclusi\u00f3n Digital y Transformaciones Educativas de \u201cSanta Fe M\u00e1s Conectada\u201d. El ministro de Educaci\u00f3n, Victor Debloc, present\u00f3 el Plan de Formaci\u00f3n Docente en Tecnolog\u00edas Digitales, destinado a m\u00e1s de 70.000 educadores de toda la provincia. La propuesta, que prev\u00e9 un acercamiento mayor a las tecnolog\u00edas digitales en <a href=\"https:\/\/armstrongyregion.com.ar\/diario\/la-provincia-presento-el-plan-de-formacion-docente-en-tecnologias-digitales\/\" title=\"Read more\" >&#8230;<\/a><\/p>\n","protected":false},"author":1,"featured_media":39926,"comment_status":"open","ping_status":"open","sticky":false,"template":"","format":"image","meta":{"_jetpack_memberships_contains_paid_content":false,"footnotes":"","jetpack_publicize_message":"","jetpack_publicize_feature_enabled":true,"jetpack_social_post_already_shared":true,"jetpack_social_options":{"image_generator_settings":{"template":"highway","default_image_id":0,"enabled":false},"version":2}},"categories":[8,1,2,7,3],"tags":[412,19,8969,9741],"class_list":["post-39925","post","type-post","status-publish","format-image","has-post-thumbnail","hentry","category-deliberando","category-diario-armstrong","category-locales","category-politica","category-region","tag-curso","tag-de","tag-docente-2","tag-formacion-2","post_format-post-format-image"],"jetpack_publicize_connections":[],"jetpack_featured_media_url":"https:\/\/armstrongyregion.com.ar\/diario\/wp-content\/uploads\/2023\/08\/FORMACION-DOCENTE.jpg","jetpack_shortlink":"https:\/\/wp.me\/p62QDO-anX","jetpack_sharing_enabled":true,"amp_enabled":true,"_links":{"self":[{"href":"https:\/\/armstrongyregion.com.ar\/diario\/wp-json\/wp\/v2\/posts\/39925","targetHints":{"allow":["GET"]}}],"collection":[{"href":"https:\/\/armstrongyregion.com.ar\/diario\/wp-json\/wp\/v2\/posts"}],"about":[{"href":"https:\/\/armstrongyregion.com.ar\/diario\/wp-json\/wp\/v2\/types\/post"}],"author":[{"embeddable":true,"href":"https:\/\/armstrongyregion.com.ar\/diario\/wp-json\/wp\/v2\/users\/1"}],"replies":[{"embeddable":true,"href":"https:\/\/armstrongyregion.com.ar\/diario\/wp-json\/wp\/v2\/comments?post=39925"}],"version-history":[{"count":1,"href":"https:\/\/armstrongyregion.com.ar\/diario\/wp-json\/wp\/v2\/posts\/39925\/revisions"}],"predecessor-version":[{"id":39927,"href":"https:\/\/armstrongyregion.com.ar\/diario\/wp-json\/wp\/v2\/posts\/39925\/revisions\/39927"}],"wp:featuredmedia":[{"embeddable":true,"href":"https:\/\/armstrongyregion.com.ar\/diario\/wp-json\/wp\/v2\/media\/39926"}],"wp:attachment":[{"href":"https:\/\/armstrongyregion.com.ar\/diario\/wp-json\/wp\/v2\/media?parent=39925"}],"wp:term":[{"taxonomy":"category","embeddable":true,"href":"https:\/\/armstrongyregion.com.ar\/diario\/wp-json\/wp\/v2\/categories?post=39925"},{"taxonomy":"post_tag","embeddable":true,"href":"https:\/\/armstrongyregion.com.ar\/diario\/wp-json\/wp\/v2\/tags?post=39925"}],"curies":[{"name":"wp","href":"https:\/\/api.w.org\/{rel}","templated":true}]}}