{"id":39922,"date":"2023-08-25T22:43:49","date_gmt":"2023-08-25T22:43:49","guid":{"rendered":"https:\/\/armstrongyregion.com.ar\/diario\/?p=39922"},"modified":"2023-08-25T22:43:52","modified_gmt":"2023-08-25T22:43:52","slug":"casalegno-presento-su-plan-de-gobierno-canada-hacia-el-2023","status":"publish","type":"post","link":"https:\/\/armstrongyregion.com.ar\/diario\/casalegno-presento-su-plan-de-gobierno-canada-hacia-el-2023\/","title":{"rendered":"Casalegno present\u00f3 su plan de gobierno \u00abCa\u00f1ada hacia el 2023\u00bb."},"content":{"rendered":"\n<figure class=\"wp-block-image size-full\"><a href=\"http:\/\/armstrongyregion.com.ar\/diario\/wp-content\/uploads\/2023\/08\/CASALEGNO-25-8-23.jpg\"><img loading=\"lazy\" decoding=\"async\" width=\"400\" height=\"257\" src=\"http:\/\/armstrongyregion.com.ar\/diario\/wp-content\/uploads\/2023\/08\/CASALEGNO-25-8-23.jpg\" alt=\"\" class=\"wp-image-39923\" srcset=\"https:\/\/armstrongyregion.com.ar\/diario\/wp-content\/uploads\/2023\/08\/CASALEGNO-25-8-23.jpg 400w, https:\/\/armstrongyregion.com.ar\/diario\/wp-content\/uploads\/2023\/08\/CASALEGNO-25-8-23-300x193.jpg 300w\" sizes=\"auto, (max-width: 400px) 100vw, 400px\" \/><\/a><\/figure>\n\n\n\n<p>Marcelo Casalegno convoc\u00f3 a clubes, vecinales, industriales y representantes de instituciones educativas a la presentaci\u00f3n de su Plan de Gobierno \u201cCa\u00f1ada hacia el 2030\u201d, en dos mesas de trabajo en las que se expusieron, debatieron y compartieron ideas, con la participaci\u00f3n de la intendenta Stella Cl\u00e9rici.<\/p>\n\n\n\n<p>\u201cComo candidato a intendente presento mi Plan de Gobierno para que Ca\u00f1ada siga adelante. Este plan se articula entre lo p\u00fablico y lo privado, mirando al futuro de la ciudad, por los vecinos y para los vecinos\u201d, expres\u00f3.<\/p>\n\n\n\n<p>En este sentido, explic\u00f3 que su propuesta contempla un programa de Infraestructura Urbana y un Programa de Acciones Ciudadanas. En el primer eje incluy\u00f3: Avenida de Circunvalaci\u00f3n, Circuito urbano de ciclov\u00edas, refuncionalizaci\u00f3n del Centro Comercial a Cielo Abierto, programa \u201cTu Plaza Renovada\u201d (Nuevas Luminarias Led, Forestaci\u00f3n, Juegos Y Equipamiento), Programa Municipal de Vivienda \u201cTu Hogar Para Seguir Adelante\u201d, Parque Industrial III y Parque de Servicios Log\u00edsticos, entre otros.<\/p>\n\n\n\n<p>El segundo eje, tiene entre algunas de sus acciones los programas de \u201cPrevenci\u00f3n y Seguridad Ciudadana\u201d, \u201cSalud P\u00fablica Municipal\u201d y creaci\u00f3n \u201c\u00c1rea de Bienestar Animal\u201d, \u201cCa\u00f1ada Exporta Cultura\u201d, \u201cCa\u00f1ada Al Mundo\u201d y fortalecimiento Programa Ambiental.<\/p>\n","protected":false},"excerpt":{"rendered":"<p>Marcelo Casalegno convoc\u00f3 a clubes, vecinales, industriales y representantes de instituciones educativas a la presentaci\u00f3n de su Plan de Gobierno \u201cCa\u00f1ada hacia el 2030\u201d, en dos mesas de trabajo en las que se expusieron, debatieron y compartieron ideas, con la participaci\u00f3n de la intendenta Stella Cl\u00e9rici. \u201cComo candidato a intendente presento mi Plan de Gobierno <a href=\"https:\/\/armstrongyregion.com.ar\/diario\/casalegno-presento-su-plan-de-gobierno-canada-hacia-el-2023\/\" title=\"Read more\" >&#8230;<\/a><\/p>\n","protected":false},"author":1,"featured_media":39923,"comment_status":"open","ping_status":"open","sticky":false,"template":"","format":"image","meta":{"_jetpack_memberships_contains_paid_content":false,"footnotes":"","jetpack_publicize_message":"","jetpack_publicize_feature_enabled":true,"jetpack_social_post_already_shared":true,"jetpack_social_options":{"image_generator_settings":{"template":"highway","default_image_id":0,"enabled":false},"version":2}},"categories":[8,1,2,7,3],"tags":[588,19,38,177,25,35],"class_list":["post-39922","post","type-post","status-publish","format-image","has-post-thumbnail","hentry","category-deliberando","category-diario-armstrong","category-locales","category-politica","category-region","tag-casalegno","tag-de","tag-gobierno","tag-plan","tag-presento","tag-su","post_format-post-format-image"],"jetpack_publicize_connections":[],"jetpack_featured_media_url":"https:\/\/armstrongyregion.com.ar\/diario\/wp-content\/uploads\/2023\/08\/CASALEGNO-25-8-23.jpg","jetpack_shortlink":"https:\/\/wp.me\/p62QDO-anU","jetpack_sharing_enabled":true,"amp_enabled":true,"_links":{"self":[{"href":"https:\/\/armstrongyregion.com.ar\/diario\/wp-json\/wp\/v2\/posts\/39922","targetHints":{"allow":["GET"]}}],"collection":[{"href":"https:\/\/armstrongyregion.com.ar\/diario\/wp-json\/wp\/v2\/posts"}],"about":[{"href":"https:\/\/armstrongyregion.com.ar\/diario\/wp-json\/wp\/v2\/types\/post"}],"author":[{"embeddable":true,"href":"https:\/\/armstrongyregion.com.ar\/diario\/wp-json\/wp\/v2\/users\/1"}],"replies":[{"embeddable":true,"href":"https:\/\/armstrongyregion.com.ar\/diario\/wp-json\/wp\/v2\/comments?post=39922"}],"version-history":[{"count":1,"href":"https:\/\/armstrongyregion.com.ar\/diario\/wp-json\/wp\/v2\/posts\/39922\/revisions"}],"predecessor-version":[{"id":39924,"href":"https:\/\/armstrongyregion.com.ar\/diario\/wp-json\/wp\/v2\/posts\/39922\/revisions\/39924"}],"wp:featuredmedia":[{"embeddable":true,"href":"https:\/\/armstrongyregion.com.ar\/diario\/wp-json\/wp\/v2\/media\/39923"}],"wp:attachment":[{"href":"https:\/\/armstrongyregion.com.ar\/diario\/wp-json\/wp\/v2\/media?parent=39922"}],"wp:term":[{"taxonomy":"category","embeddable":true,"href":"https:\/\/armstrongyregion.com.ar\/diario\/wp-json\/wp\/v2\/categories?post=39922"},{"taxonomy":"post_tag","embeddable":true,"href":"https:\/\/armstrongyregion.com.ar\/diario\/wp-json\/wp\/v2\/tags?post=39922"}],"curies":[{"name":"wp","href":"https:\/\/api.w.org\/{rel}","templated":true}]}}