{"id":39898,"date":"2023-08-25T00:24:15","date_gmt":"2023-08-25T00:24:15","guid":{"rendered":"https:\/\/armstrongyregion.com.ar\/diario\/?p=39898"},"modified":"2023-08-25T00:24:18","modified_gmt":"2023-08-25T00:24:18","slug":"armstrong-celebro-a-pleno-el-dia-de-las-infancias","status":"publish","type":"post","link":"https:\/\/armstrongyregion.com.ar\/diario\/armstrong-celebro-a-pleno-el-dia-de-las-infancias\/","title":{"rendered":"Armstrong celebr\u00f3 a pleno el D\u00eda de las Infancias."},"content":{"rendered":"\n<figure class=\"wp-block-image size-full\"><a href=\"http:\/\/armstrongyregion.com.ar\/diario\/wp-content\/uploads\/2023\/08\/infancias1.jpg\"><img loading=\"lazy\" decoding=\"async\" width=\"390\" height=\"260\" src=\"http:\/\/armstrongyregion.com.ar\/diario\/wp-content\/uploads\/2023\/08\/infancias1.jpg\" alt=\"\" class=\"wp-image-39899\" srcset=\"https:\/\/armstrongyregion.com.ar\/diario\/wp-content\/uploads\/2023\/08\/infancias1.jpg 390w, https:\/\/armstrongyregion.com.ar\/diario\/wp-content\/uploads\/2023\/08\/infancias1-300x200.jpg 300w\" sizes=\"auto, (max-width: 390px) 100vw, 390px\" \/><\/a><\/figure>\n\n\n\n<p><strong>Propuesto por la Municipalidad de Armstrong, el festejo por el d\u00eda de las Infancias fue un \u00e9xito absoluto con el parque Bracito Fuerte colmado de familias que vivieron la tarde del lunes 21 de agosto, feriado, con muchas risas y sorpresas.<\/strong><\/p>\n\n\n\n<p>Se cont\u00f3 con la participaci\u00f3n de los clubes Norte, Defensores y Barraca quienes propusieron estaciones de juegos basados en las distintas disciplinas deportivas que cada uno de ellos ofrece a lo largo de todo el a\u00f1o a ni\u00f1os, j\u00f3venes y adultos de la ciudad.<\/p>\n\n\n\n<p>No faltaron los s\u00faper h\u00e9roes favoritos de los m\u00e1s peque\u00f1os que los acompa\u00f1aron toda la tarde, ofreciendo tambi\u00e9n diversas actividades de destreza, dibujo, y un show en el que todos participaron y pudieron bailar.<\/p>\n\n\n\n<figure class=\"wp-block-image\"><img decoding=\"async\" src=\"https:\/\/www.armstrong.gov.ar\/images\/articulos2023\/infancias_2.jpg\" alt=\"\"\/><\/figure>\n\n\n\n<p>Los emprendedores de Sabores y Colores Locales dispuestos a ofrecer a los visitantes sus productos elaborados artesanalmente en un amplio abanico de creaciones, y un stand del municipio con bebidas frescas.<\/p>\n\n\n\n<figure class=\"wp-block-image\"><img decoding=\"async\" src=\"https:\/\/www.armstrong.gov.ar\/images\/articulos2023\/infancias_3.jpg\" alt=\"\"\/><\/figure>\n\n\n\n<p>Mucho color, mucha m\u00fasica y mucha diversi\u00f3n para homenajear a los m\u00e1s peque\u00f1os y para que los m\u00e1s grandes regresen por un rato a su infancia sum\u00e1ndose a esta propuesta.<\/p>\n","protected":false},"excerpt":{"rendered":"<p>Propuesto por la Municipalidad de Armstrong, el festejo por el d\u00eda de las Infancias fue un \u00e9xito absoluto con el parque Bracito Fuerte colmado de familias que vivieron la tarde del lunes 21 de agosto, feriado, con muchas risas y sorpresas. Se cont\u00f3 con la participaci\u00f3n de los clubes Norte, Defensores y Barraca quienes propusieron <a href=\"https:\/\/armstrongyregion.com.ar\/diario\/armstrong-celebro-a-pleno-el-dia-de-las-infancias\/\" title=\"Read more\" >&#8230;<\/a><\/p>\n","protected":false},"author":1,"featured_media":39899,"comment_status":"open","ping_status":"open","sticky":false,"template":"","format":"image","meta":{"_jetpack_memberships_contains_paid_content":false,"footnotes":"","jetpack_publicize_message":"","jetpack_publicize_feature_enabled":true,"jetpack_social_post_already_shared":true,"jetpack_social_options":{"image_generator_settings":{"template":"highway","default_image_id":0,"enabled":false},"version":2}},"categories":[6,8,1,2,3],"tags":[20,9739,19,16,9644,23],"class_list":["post-39898","post","type-post","status-publish","format-image","has-post-thumbnail","hentry","category-cultura-entretenimiento","category-deliberando","category-diario-armstrong","category-locales","category-region","tag-armstrong","tag-celebro-2","tag-de","tag-el","tag-infancias","tag-las","post_format-post-format-image"],"jetpack_publicize_connections":[],"jetpack_featured_media_url":"https:\/\/armstrongyregion.com.ar\/diario\/wp-content\/uploads\/2023\/08\/infancias1.jpg","jetpack_shortlink":"https:\/\/wp.me\/p62QDO-anw","jetpack_sharing_enabled":true,"amp_enabled":true,"_links":{"self":[{"href":"https:\/\/armstrongyregion.com.ar\/diario\/wp-json\/wp\/v2\/posts\/39898","targetHints":{"allow":["GET"]}}],"collection":[{"href":"https:\/\/armstrongyregion.com.ar\/diario\/wp-json\/wp\/v2\/posts"}],"about":[{"href":"https:\/\/armstrongyregion.com.ar\/diario\/wp-json\/wp\/v2\/types\/post"}],"author":[{"embeddable":true,"href":"https:\/\/armstrongyregion.com.ar\/diario\/wp-json\/wp\/v2\/users\/1"}],"replies":[{"embeddable":true,"href":"https:\/\/armstrongyregion.com.ar\/diario\/wp-json\/wp\/v2\/comments?post=39898"}],"version-history":[{"count":2,"href":"https:\/\/armstrongyregion.com.ar\/diario\/wp-json\/wp\/v2\/posts\/39898\/revisions"}],"predecessor-version":[{"id":39901,"href":"https:\/\/armstrongyregion.com.ar\/diario\/wp-json\/wp\/v2\/posts\/39898\/revisions\/39901"}],"wp:featuredmedia":[{"embeddable":true,"href":"https:\/\/armstrongyregion.com.ar\/diario\/wp-json\/wp\/v2\/media\/39899"}],"wp:attachment":[{"href":"https:\/\/armstrongyregion.com.ar\/diario\/wp-json\/wp\/v2\/media?parent=39898"}],"wp:term":[{"taxonomy":"category","embeddable":true,"href":"https:\/\/armstrongyregion.com.ar\/diario\/wp-json\/wp\/v2\/categories?post=39898"},{"taxonomy":"post_tag","embeddable":true,"href":"https:\/\/armstrongyregion.com.ar\/diario\/wp-json\/wp\/v2\/tags?post=39898"}],"curies":[{"name":"wp","href":"https:\/\/api.w.org\/{rel}","templated":true}]}}