{"id":39894,"date":"2023-08-25T00:13:53","date_gmt":"2023-08-25T00:13:53","guid":{"rendered":"https:\/\/armstrongyregion.com.ar\/diario\/?p=39894"},"modified":"2023-08-25T00:13:55","modified_gmt":"2023-08-25T00:13:55","slug":"el-gobierno-de-unidos-es-la-garantia-del-cambio-que-santa-fe-necesita","status":"publish","type":"post","link":"https:\/\/armstrongyregion.com.ar\/diario\/el-gobierno-de-unidos-es-la-garantia-del-cambio-que-santa-fe-necesita\/","title":{"rendered":"\u201cEl gobierno de Unidos es la garant\u00eda del cambio que Santa Fe necesita\u00bb"},"content":{"rendered":"\n<figure class=\"wp-block-image size-full\"><a href=\"http:\/\/armstrongyregion.com.ar\/diario\/wp-content\/uploads\/2023\/08\/GARCIA-PULLARO.jpg\"><img loading=\"lazy\" decoding=\"async\" width=\"640\" height=\"427\" src=\"http:\/\/armstrongyregion.com.ar\/diario\/wp-content\/uploads\/2023\/08\/GARCIA-PULLARO.jpg\" alt=\"\" class=\"wp-image-39895\" srcset=\"https:\/\/armstrongyregion.com.ar\/diario\/wp-content\/uploads\/2023\/08\/GARCIA-PULLARO.jpg 640w, https:\/\/armstrongyregion.com.ar\/diario\/wp-content\/uploads\/2023\/08\/GARCIA-PULLARO-300x200.jpg 300w\" sizes=\"auto, (max-width: 640px) 100vw, 640px\" \/><\/a><\/figure>\n\n\n\n<h2 class=\"wp-block-heading\"><em>La primera candidata a diputada provincial por ese sector remarc\u00f3 que \u201cla ciudadan\u00eda ped\u00eda que nos sent\u00e1ramos a una mesa com\u00fan a discutir y solucionar sus problemas cotidianos. Por eso pudimos canalizar el deseo de cambio y recibimos un fuerte espaldarazo en las elecciones internas\u201d.<\/em><\/h2>\n\n\n\n<p>La primera candidata a diputada provincial por Unidos para cambiar Santa Fe, Clara Garc\u00eda, evalu\u00f3 que \u201ca nivel provincial la gente pudo canalizar su decepci\u00f3n a trav\u00e9s de una propuesta seria, transformadora, con planes concretos\u201d, como la que encabeza Maximiliano Pullaro. \u201cLa ciudadan\u00eda nos ped\u00eda que nos sent\u00e1ramos a una mesa com\u00fan a discutir y solucionar sus problemas cotidianos, a trabajar en equipo, algo que suena normal pero que en este pa\u00eds es muy dif\u00edcil. Unidos es eso y por eso recibimos un fuerte espaldarazo en las elecciones internas, con casi un mill\u00f3n de votos. Por aqu\u00ed pasa el cambio en Santa Fe el pr\u00f3ximo 10 de septiembre\u201d, asegur\u00f3.<\/p>\n\n\n\n<p>Garc\u00eda dijo entender \u201cel voto bronca de la gente con la pol\u00edtica nacional que no da respuesta ante la pobreza, la inseguridad, la inestabilidad econ\u00f3mica y la imposibilidad de tener planes a futuro; con la pol\u00edtica que se habla a s\u00ed misma y se encierra en sus privilegios en lugar de trabajar para hacer frente a esos problemas\u201d.&nbsp;<\/p>\n\n\n\n<p>En el plano provincial, traslad\u00f3 ese mismo an\u00e1lisis a la hora de evaluar el gobierno de Omar Perotti que, en su opini\u00f3n, \u201ces sin\u00f3nimo de abandono en materia de seguridad, de educaci\u00f3n, de salud, de obras de infraestructura; de la pol\u00edtica que discrimina a quienes no son del mismo signo pol\u00edtico, que no da la cara ante las situaciones dif\u00edciles y que nunca defendi\u00f3 los intereses de Santa Fe ante el gobierno nacional\u201d. &nbsp;<\/p>\n\n\n\n<p>Garc\u00eda sostuvo, siguiendo con esa l\u00ednea, que \u201cun pol\u00edtico tiene que poder caminar la calle; hacer las compras o un tr\u00e1mite\u201d, y lament\u00f3 que no se haya realizado \u201cla reforma constitucional que impuls\u00f3 Miguel Lifschitz durante su gobierno porque hubi\u00e9ramos podido eliminar los fueros que hoy impiden que un pol\u00edtico pueda ser juzgado\u201d.&nbsp;<\/p>\n\n\n\n<p>Tambi\u00e9n llam\u00f3 a diferenciar \u201ca los pol\u00edticos que no se sabe donde viven ni c\u00f3mo, de aquellos a los que nos tocan el timbre y nos encuentran dando respuesta ante las situaciones m\u00e1s duras. Ah\u00ed estuvo Maximiliano Pullaro dando la cara durante cuatro a\u00f1os ante cada situaci\u00f3n compleja mientras fue ministro de Seguridad\u201d, valor\u00f3.<\/p>\n\n\n\n<p>\u201cEn Unidos \u2013asegur\u00f3 la actual diputada provincial- estamos preparados para afrontar un cuadro complejo como el que vamos a encontrar en Santa Fe con lo mejor de lo que hicimos, el aprendizaje que nos dej\u00f3 la experiencia de gobierno, y los nuevos planes y herramientas que nuestros equipos t\u00e9cnicos est\u00e1n elaborando de cara a estos tiempos de crisis\u201d.<\/p>\n","protected":false},"excerpt":{"rendered":"<p>La primera candidata a diputada provincial por ese sector remarc\u00f3 que \u201cla ciudadan\u00eda ped\u00eda que nos sent\u00e1ramos a una mesa com\u00fan a discutir y solucionar sus problemas cotidianos. Por eso pudimos canalizar el deseo de cambio y recibimos un fuerte espaldarazo en las elecciones internas\u201d. La primera candidata a diputada provincial por Unidos para cambiar <a href=\"https:\/\/armstrongyregion.com.ar\/diario\/el-gobierno-de-unidos-es-la-garantia-del-cambio-que-santa-fe-necesita\/\" title=\"Read more\" >&#8230;<\/a><\/p>\n","protected":false},"author":1,"featured_media":39895,"comment_status":"open","ping_status":"open","sticky":false,"template":"","format":"image","meta":{"_jetpack_memberships_contains_paid_content":false,"footnotes":"","jetpack_publicize_message":"","jetpack_publicize_feature_enabled":true,"jetpack_social_post_already_shared":true,"jetpack_social_options":{"image_generator_settings":{"template":"highway","default_image_id":0,"enabled":false},"version":2}},"categories":[8,1,2,7,3],"tags":[311,19,53,16,15,139,38,9738,3381,1448],"class_list":["post-39894","post","type-post","status-publish","format-image","has-post-thumbnail","hentry","category-deliberando","category-diario-armstrong","category-locales","category-politica","category-region","tag-cambio","tag-de","tag-del","tag-el","tag-en","tag-es","tag-gobierno","tag-la-garantia","tag-santa-fe","tag-unidos","post_format-post-format-image"],"jetpack_publicize_connections":[],"jetpack_featured_media_url":"https:\/\/armstrongyregion.com.ar\/diario\/wp-content\/uploads\/2023\/08\/GARCIA-PULLARO.jpg","jetpack_shortlink":"https:\/\/wp.me\/p62QDO-ans","jetpack_sharing_enabled":true,"amp_enabled":true,"_links":{"self":[{"href":"https:\/\/armstrongyregion.com.ar\/diario\/wp-json\/wp\/v2\/posts\/39894","targetHints":{"allow":["GET"]}}],"collection":[{"href":"https:\/\/armstrongyregion.com.ar\/diario\/wp-json\/wp\/v2\/posts"}],"about":[{"href":"https:\/\/armstrongyregion.com.ar\/diario\/wp-json\/wp\/v2\/types\/post"}],"author":[{"embeddable":true,"href":"https:\/\/armstrongyregion.com.ar\/diario\/wp-json\/wp\/v2\/users\/1"}],"replies":[{"embeddable":true,"href":"https:\/\/armstrongyregion.com.ar\/diario\/wp-json\/wp\/v2\/comments?post=39894"}],"version-history":[{"count":2,"href":"https:\/\/armstrongyregion.com.ar\/diario\/wp-json\/wp\/v2\/posts\/39894\/revisions"}],"predecessor-version":[{"id":39897,"href":"https:\/\/armstrongyregion.com.ar\/diario\/wp-json\/wp\/v2\/posts\/39894\/revisions\/39897"}],"wp:featuredmedia":[{"embeddable":true,"href":"https:\/\/armstrongyregion.com.ar\/diario\/wp-json\/wp\/v2\/media\/39895"}],"wp:attachment":[{"href":"https:\/\/armstrongyregion.com.ar\/diario\/wp-json\/wp\/v2\/media?parent=39894"}],"wp:term":[{"taxonomy":"category","embeddable":true,"href":"https:\/\/armstrongyregion.com.ar\/diario\/wp-json\/wp\/v2\/categories?post=39894"},{"taxonomy":"post_tag","embeddable":true,"href":"https:\/\/armstrongyregion.com.ar\/diario\/wp-json\/wp\/v2\/tags?post=39894"}],"curies":[{"name":"wp","href":"https:\/\/api.w.org\/{rel}","templated":true}]}}