{"id":39890,"date":"2023-08-25T00:09:28","date_gmt":"2023-08-25T00:09:28","guid":{"rendered":"https:\/\/armstrongyregion.com.ar\/diario\/?p=39890"},"modified":"2023-08-25T00:09:30","modified_gmt":"2023-08-25T00:09:30","slug":"rasetto-celebra-el-dia-del-nino-en-canada-de-gomez","status":"publish","type":"post","link":"https:\/\/armstrongyregion.com.ar\/diario\/rasetto-celebra-el-dia-del-nino-en-canada-de-gomez\/","title":{"rendered":"Rasetto celebra el d\u00eda del ni\u00f1o en Ca\u00f1ada de G\u00f3mez."},"content":{"rendered":"\n<figure class=\"wp-block-image size-full\"><a href=\"http:\/\/armstrongyregion.com.ar\/diario\/wp-content\/uploads\/2023\/08\/Canada-RASETTO-.jpg\"><img loading=\"lazy\" decoding=\"async\" width=\"270\" height=\"270\" src=\"http:\/\/armstrongyregion.com.ar\/diario\/wp-content\/uploads\/2023\/08\/Canada-RASETTO-.jpg\" alt=\"\" class=\"wp-image-39891\" srcset=\"https:\/\/armstrongyregion.com.ar\/diario\/wp-content\/uploads\/2023\/08\/Canada-RASETTO-.jpg 270w, https:\/\/armstrongyregion.com.ar\/diario\/wp-content\/uploads\/2023\/08\/Canada-RASETTO--150x150.jpg 150w\" sizes=\"auto, (max-width: 270px) 100vw, 270px\" \/><\/a><\/figure>\n\n\n\n<p>El departamento Iriondo sigue celebrando el mes del ni\u00f1o junto al Payaso Galupa y<br>sus amigos de la \u201cLa Chiringuita Carpa de circo\u201d, recorriendo las diferentes localidades<br>del departamento, en una actividad organizada por el senador Rasetto.<br>El pr\u00f3ximo s\u00e1bado 26 de agosto, la gira llegar\u00e1 a Ca\u00f1ada de G\u00f3mez, donde<br>se realizar\u00e1 una celebraci\u00f3n junto a los concejales Mat\u00edas Chale y Luciano Travaglino<br>desde las 12 h con funci\u00f3n a partir de las 13.30 h. El predio donde se levantar\u00e1 la<br>carpa est\u00e1 ubicado en Ovidio Lagos entre Rawson y Bolivar.<br>\u201cComo senador del departamento Iriondo, estoy muy contento de poder llevar a los<br>ni\u00f1os de nuestro departamento la alegr\u00eda del circo y otras actividades para que los<br>ni\u00f1os celebren, habr\u00e1 actividades l\u00fadicas, kermesse e inflables para los m\u00e1s<br>peque\u00f1os\u201d, expres\u00f3 el senador Rasetto. \u201cEl Payaso Galupa y su compa\u00f1\u00eda son un<br>verdadero espect\u00e1culo para toda la familia, y estamos seguros que los ni\u00f1os van a<br>pasar un d\u00eda inolvidable\u201d, agreg\u00f3.<br>\u201cQuiero invitar a todos los ni\u00f1os y sus familias a que se acerquen el pr\u00f3ximo s\u00e1bado<br>26 de agosto para disfrutar de un d\u00eda lleno de diversi\u00f3n\u201d, concluy\u00f3 Rasetto.<\/p>\n","protected":false},"excerpt":{"rendered":"<p>El departamento Iriondo sigue celebrando el mes del ni\u00f1o junto al Payaso Galupa ysus amigos de la \u201cLa Chiringuita Carpa de circo\u201d, recorriendo las diferentes localidadesdel departamento, en una actividad organizada por el senador Rasetto.El pr\u00f3ximo s\u00e1bado 26 de agosto, la gira llegar\u00e1 a Ca\u00f1ada de G\u00f3mez, dondese realizar\u00e1 una celebraci\u00f3n junto a los concejales <a href=\"https:\/\/armstrongyregion.com.ar\/diario\/rasetto-celebra-el-dia-del-nino-en-canada-de-gomez\/\" title=\"Read more\" >&#8230;<\/a><\/p>\n","protected":false},"author":1,"featured_media":39891,"comment_status":"open","ping_status":"open","sticky":false,"template":"","format":"image","meta":{"_jetpack_memberships_contains_paid_content":false,"footnotes":"","jetpack_publicize_message":"","jetpack_publicize_feature_enabled":true,"jetpack_social_post_already_shared":true,"jetpack_social_options":{"image_generator_settings":{"template":"highway","default_image_id":0,"enabled":false},"version":2}},"categories":[8,1,2,7,3],"tags":[9737,1997,53,8609,16,15,2502,977],"class_list":["post-39890","post","type-post","status-publish","format-image","has-post-thumbnail","hentry","category-deliberando","category-diario-armstrong","category-locales","category-politica","category-region","tag-canada-de-gomez-4","tag-celebra","tag-del","tag-dia-2","tag-el","tag-en","tag-nino","tag-rasetto","post_format-post-format-image"],"jetpack_publicize_connections":[],"jetpack_featured_media_url":"https:\/\/armstrongyregion.com.ar\/diario\/wp-content\/uploads\/2023\/08\/Canada-RASETTO-.jpg","jetpack_shortlink":"https:\/\/wp.me\/p62QDO-ano","jetpack_sharing_enabled":true,"amp_enabled":true,"_links":{"self":[{"href":"https:\/\/armstrongyregion.com.ar\/diario\/wp-json\/wp\/v2\/posts\/39890","targetHints":{"allow":["GET"]}}],"collection":[{"href":"https:\/\/armstrongyregion.com.ar\/diario\/wp-json\/wp\/v2\/posts"}],"about":[{"href":"https:\/\/armstrongyregion.com.ar\/diario\/wp-json\/wp\/v2\/types\/post"}],"author":[{"embeddable":true,"href":"https:\/\/armstrongyregion.com.ar\/diario\/wp-json\/wp\/v2\/users\/1"}],"replies":[{"embeddable":true,"href":"https:\/\/armstrongyregion.com.ar\/diario\/wp-json\/wp\/v2\/comments?post=39890"}],"version-history":[{"count":2,"href":"https:\/\/armstrongyregion.com.ar\/diario\/wp-json\/wp\/v2\/posts\/39890\/revisions"}],"predecessor-version":[{"id":39893,"href":"https:\/\/armstrongyregion.com.ar\/diario\/wp-json\/wp\/v2\/posts\/39890\/revisions\/39893"}],"wp:featuredmedia":[{"embeddable":true,"href":"https:\/\/armstrongyregion.com.ar\/diario\/wp-json\/wp\/v2\/media\/39891"}],"wp:attachment":[{"href":"https:\/\/armstrongyregion.com.ar\/diario\/wp-json\/wp\/v2\/media?parent=39890"}],"wp:term":[{"taxonomy":"category","embeddable":true,"href":"https:\/\/armstrongyregion.com.ar\/diario\/wp-json\/wp\/v2\/categories?post=39890"},{"taxonomy":"post_tag","embeddable":true,"href":"https:\/\/armstrongyregion.com.ar\/diario\/wp-json\/wp\/v2\/tags?post=39890"}],"curies":[{"name":"wp","href":"https:\/\/api.w.org\/{rel}","templated":true}]}}