{"id":39886,"date":"2023-08-24T03:09:06","date_gmt":"2023-08-24T03:09:06","guid":{"rendered":"https:\/\/armstrongyregion.com.ar\/diario\/?p=39886"},"modified":"2023-08-24T03:09:10","modified_gmt":"2023-08-24T03:09:10","slug":"pertusati-cuantas-unidades-basicas-necesita-el-senador-la-gente-pide-a-gritos-que-se-achique-el-gasto-publico","status":"publish","type":"post","link":"https:\/\/armstrongyregion.com.ar\/diario\/pertusati-cuantas-unidades-basicas-necesita-el-senador-la-gente-pide-a-gritos-que-se-achique-el-gasto-publico\/","title":{"rendered":"Pertusati: \u201cCuantas Unidades B\u00e1sicas necesita el Senador?. La gente pide a gritos que se achique el gasto p\u00fablico\u201d."},"content":{"rendered":"\n<figure class=\"wp-block-image size-full\"><a href=\"http:\/\/armstrongyregion.com.ar\/diario\/wp-content\/uploads\/2023\/08\/ALE-PERTU.jpg\"><img loading=\"lazy\" decoding=\"async\" width=\"400\" height=\"295\" src=\"http:\/\/armstrongyregion.com.ar\/diario\/wp-content\/uploads\/2023\/08\/ALE-PERTU.jpg\" alt=\"\" class=\"wp-image-39647\" srcset=\"https:\/\/armstrongyregion.com.ar\/diario\/wp-content\/uploads\/2023\/08\/ALE-PERTU.jpg 400w, https:\/\/armstrongyregion.com.ar\/diario\/wp-content\/uploads\/2023\/08\/ALE-PERTU-300x221.jpg 300w\" sizes=\"auto, (max-width: 400px) 100vw, 400px\" \/><\/a><\/figure>\n\n\n\n<p>El concejal Alejandro Pertusati, en di\u00e1logo con los medios locales, se expres\u00f3 sobre el proyecto presentado por el Bloque del Partido Justicialista, que propone la creacion de una oficina de atenci\u00f3n ciudadana del senador cornaglia en el recinto.<\/p>\n\n\n\n<p>El edil dijo: \u201cDesde ya que desde nuestro bloque tanto mi persona como la del concejal Guillermo Luzzi anticipamos y les damos la primicia de que votaremos de manera negativa a este proyecto de ordenanza. Cuantas Unidades basicas m\u00e1s necesita el Senador? Cuantas Unidades Basicas necesita el Justicialismo? Cuantos cargos p\u00fablicos quieren sumar?<\/p>\n\n\n\n<p>Siguiendo la misma l\u00ednea de discurso el concejal expres\u00f3: \u201cEl Senador Cornaglia que es el Senador del gobernador Perotti en su actual campa\u00f1a camino al 10 de septiembre, dice que trabaja a la par de todos los Ptes Comunales e Intendentes del Dto Belgrano, sin embargo no duda a la hora de financiar una casa del senado en Las Rosas y trabajar a espaldas del intendente Javier Meyer y ac\u00e1 con recursos del concejo quiere trabajar a espaldas del intendente Verdecchia\u2026 Nosotros no podemos aprobar esto. Parece que no les alcanza con todas las unidades b\u00e1sicas y casas del senado repartidas por toda la ciudad, recordemos que las utilizan asi. Porqu\u00e9 camino a las elecciones se les ocurre escuchar a los vecinos y escuchar un poco menos a los compa\u00f1eros, cuantos locales partidarios m\u00e1s van a financiar?<\/p>\n\n\n\n<p>Pertusati finaliz\u00f3: \u201cHay que escuchar el mensaje que nos dieron las urnas; la gente pide a gritos que se achique el gasto p\u00fablico, la gente dice basta, no que se utilice el concejo como una Unidad B\u00e1sica\u201d.<\/p>\n","protected":false},"excerpt":{"rendered":"<p>El concejal Alejandro Pertusati, en di\u00e1logo con los medios locales, se expres\u00f3 sobre el proyecto presentado por el Bloque del Partido Justicialista, que propone la creacion de una oficina de atenci\u00f3n ciudadana del senador cornaglia en el recinto. El edil dijo: \u201cDesde ya que desde nuestro bloque tanto mi persona como la del concejal Guillermo <a href=\"https:\/\/armstrongyregion.com.ar\/diario\/pertusati-cuantas-unidades-basicas-necesita-el-senador-la-gente-pide-a-gritos-que-se-achique-el-gasto-publico\/\" title=\"Read more\" >&#8230;<\/a><\/p>\n","protected":false},"author":1,"featured_media":39647,"comment_status":"open","ping_status":"open","sticky":false,"template":"","format":"image","meta":{"_jetpack_memberships_contains_paid_content":false,"footnotes":"","jetpack_publicize_message":"","jetpack_publicize_feature_enabled":true,"jetpack_social_post_already_shared":true,"jetpack_social_options":{"image_generator_settings":{"template":"highway","default_image_id":0,"enabled":false},"version":2}},"categories":[8,1,2,7,3],"tags":[4522,9736,16,9025,238,4226],"class_list":["post-39886","post","type-post","status-publish","format-image","has-post-thumbnail","hentry","category-deliberando","category-diario-armstrong","category-locales","category-politica","category-region","tag-basicas","tag-cuantas","tag-el","tag-necesita","tag-senador","tag-unidades","post_format-post-format-image"],"jetpack_publicize_connections":[],"jetpack_featured_media_url":"https:\/\/armstrongyregion.com.ar\/diario\/wp-content\/uploads\/2023\/08\/ALE-PERTU.jpg","jetpack_shortlink":"https:\/\/wp.me\/p62QDO-ank","jetpack_sharing_enabled":true,"amp_enabled":true,"_links":{"self":[{"href":"https:\/\/armstrongyregion.com.ar\/diario\/wp-json\/wp\/v2\/posts\/39886","targetHints":{"allow":["GET"]}}],"collection":[{"href":"https:\/\/armstrongyregion.com.ar\/diario\/wp-json\/wp\/v2\/posts"}],"about":[{"href":"https:\/\/armstrongyregion.com.ar\/diario\/wp-json\/wp\/v2\/types\/post"}],"author":[{"embeddable":true,"href":"https:\/\/armstrongyregion.com.ar\/diario\/wp-json\/wp\/v2\/users\/1"}],"replies":[{"embeddable":true,"href":"https:\/\/armstrongyregion.com.ar\/diario\/wp-json\/wp\/v2\/comments?post=39886"}],"version-history":[{"count":1,"href":"https:\/\/armstrongyregion.com.ar\/diario\/wp-json\/wp\/v2\/posts\/39886\/revisions"}],"predecessor-version":[{"id":39887,"href":"https:\/\/armstrongyregion.com.ar\/diario\/wp-json\/wp\/v2\/posts\/39886\/revisions\/39887"}],"wp:featuredmedia":[{"embeddable":true,"href":"https:\/\/armstrongyregion.com.ar\/diario\/wp-json\/wp\/v2\/media\/39647"}],"wp:attachment":[{"href":"https:\/\/armstrongyregion.com.ar\/diario\/wp-json\/wp\/v2\/media?parent=39886"}],"wp:term":[{"taxonomy":"category","embeddable":true,"href":"https:\/\/armstrongyregion.com.ar\/diario\/wp-json\/wp\/v2\/categories?post=39886"},{"taxonomy":"post_tag","embeddable":true,"href":"https:\/\/armstrongyregion.com.ar\/diario\/wp-json\/wp\/v2\/tags?post=39886"}],"curies":[{"name":"wp","href":"https:\/\/api.w.org\/{rel}","templated":true}]}}