{"id":39873,"date":"2023-08-24T02:03:58","date_gmt":"2023-08-24T02:03:58","guid":{"rendered":"https:\/\/armstrongyregion.com.ar\/diario\/?p=39873"},"modified":"2023-08-24T03:12:25","modified_gmt":"2023-08-24T03:12:25","slug":"se-llevo-a-cabo-el-acto-de-cambio-de-liderazgo-de-los-clubes-interact-rotaract-y-rotary-club-de-armstrong-con-la-presencia-del-asistente-del-gobernador-mauro-roche","status":"publish","type":"post","link":"https:\/\/armstrongyregion.com.ar\/diario\/se-llevo-a-cabo-el-acto-de-cambio-de-liderazgo-de-los-clubes-interact-rotaract-y-rotary-club-de-armstrong-con-la-presencia-del-asistente-del-gobernador-mauro-roche\/","title":{"rendered":"Se llev\u00f3 a cabo el acto de Cambio de Liderazgo de los Clubes Interact, Rotaract y Rotary Club de Armstrong, con la presencia del Asistente del Gobernador Mauro Roche."},"content":{"rendered":"\n<figure class=\"wp-block-image size-full\"><a href=\"http:\/\/armstrongyregion.com.ar\/diario\/wp-content\/uploads\/2023\/08\/liderazgo-rotary1.jpg\"><img loading=\"lazy\" decoding=\"async\" width=\"270\" height=\"270\" src=\"http:\/\/armstrongyregion.com.ar\/diario\/wp-content\/uploads\/2023\/08\/liderazgo-rotary1.jpg\" alt=\"\" class=\"wp-image-39874\" srcset=\"https:\/\/armstrongyregion.com.ar\/diario\/wp-content\/uploads\/2023\/08\/liderazgo-rotary1.jpg 270w, https:\/\/armstrongyregion.com.ar\/diario\/wp-content\/uploads\/2023\/08\/liderazgo-rotary1-150x150.jpg 150w\" sizes=\"auto, (max-width: 270px) 100vw, 270px\" \/><\/a><\/figure>\n\n\n\n<p>El pasado martes 8 de agosto en la Casa Rotaria, se llev\u00f3 a cabo el acto de Cambio de Liderazgo de los Clubes Interact, Rotaract y Rotary Club de Armstrong, con la presencia del Asistente del Gobernador Mauro Roche.<\/p>\n\n\n\n<figure class=\"wp-block-image size-full\"><a href=\"http:\/\/armstrongyregion.com.ar\/diario\/wp-content\/uploads\/2023\/08\/liderazgo-rotary-2.jpg\"><img loading=\"lazy\" decoding=\"async\" width=\"270\" height=\"270\" src=\"http:\/\/armstrongyregion.com.ar\/diario\/wp-content\/uploads\/2023\/08\/liderazgo-rotary-2.jpg\" alt=\"\" class=\"wp-image-39875\" srcset=\"https:\/\/armstrongyregion.com.ar\/diario\/wp-content\/uploads\/2023\/08\/liderazgo-rotary-2.jpg 270w, https:\/\/armstrongyregion.com.ar\/diario\/wp-content\/uploads\/2023\/08\/liderazgo-rotary-2-150x150.jpg 150w\" sizes=\"auto, (max-width: 270px) 100vw, 270px\" \/><\/a><\/figure>\n\n\n\n<p>Culminaron su mandato  Joaqu\u00edn Andreoli y Patricia Tr\u00edas quienes dejaron un mensaje del a\u00f1o transcurrido. Luego fueron tomando sus funciones, Sof\u00eda Marozzi Str\u00f3logo por Interact, Enio Stefoni por el revitalizado Rotaract y Natalia Garc\u00eda por Rotary. Los tres comentaron sus planes para este a\u00f1o de Liderazgo en sus clubes.<\/p>\n\n\n\n<figure class=\"wp-block-image size-full\"><a href=\"http:\/\/armstrongyregion.com.ar\/diario\/wp-content\/uploads\/2023\/08\/liderazgo-rotary-3.jpg\"><img loading=\"lazy\" decoding=\"async\" width=\"270\" height=\"270\" src=\"http:\/\/armstrongyregion.com.ar\/diario\/wp-content\/uploads\/2023\/08\/liderazgo-rotary-3.jpg\" alt=\"\" class=\"wp-image-39876\" srcset=\"https:\/\/armstrongyregion.com.ar\/diario\/wp-content\/uploads\/2023\/08\/liderazgo-rotary-3.jpg 270w, https:\/\/armstrongyregion.com.ar\/diario\/wp-content\/uploads\/2023\/08\/liderazgo-rotary-3-150x150.jpg 150w\" sizes=\"auto, (max-width: 270px) 100vw, 270px\" \/><\/a><\/figure>\n\n\n\n<p>Antes de terminar formalmente su mandato, Patricia Tr\u00edas hizo entrega de reconocimientos ATOR (Adherentes Transitorios a la Obra de Rotary) a diferentes personas e instituciones que colaboraron con el club en este a\u00f1o, y tambi\u00e9n entreg\u00f3 los reconocimientos Paul Harris a los socios que se hicieron acreedores de esta distinci\u00f3n por sus aportes a La Fundaci\u00f3n Rotaria.<\/p>\n\n\n\n<p>Como cierre, se presentaron a la comunidad los 4 intercambistas de corta duraci\u00f3n que est\u00e1n en nuestra ciudad: Garance Hemsen de Francia, contraparte de Sof\u00eda Marozzi Str\u00f3logo, Lina Richter de Alemania, contraparte de Chiara Buschittari, Chaiz Montiel de EEUU contraparte de Benicio Florian y Erik Fiedler de Alemania, contraparte de Eli\u00e1n Fdel. Tambi\u00e9n presentamos a Ana Luiza Fern\u00e1ndes Mariano intercambista de largo t\u00e9rmino (LTEP) proveniente de Brasil.<\/p>\n\n\n\n<p>A modo de cierre compartimos unos<\/p>\n\n\n\n<p>momentos de camarader\u00eda y amistad.<\/p>\n\n\n\n<p>AUTORIDADES DE ROTARY CLUB ARMSTRONG 2023-2024&nbsp;<\/p>\n\n\n\n<p>Presidente: Natalia Garc\u00eda<\/p>\n\n\n\n<p>Vice-Presidente: Patricia Tr\u00edas<\/p>\n\n\n\n<p>Secretaria: Mariana Bufarini<\/p>\n\n\n\n<p>Pro-secretaria y Secretario Ejecutiva: Adriana Tassone<\/p>\n\n\n\n<p>Tesorera: Alicia Schaer<\/p>\n\n\n\n<p>Maceria: Mart\u00edn Jaime<\/p>\n\n\n\n<p>Vocal 1\u00ba: Pablo Malano<\/p>\n\n\n\n<p>Vocal 2\u00ba: Laura Airasca<\/p>\n\n\n\n<p>Vocal 3\u00ba: Gast\u00f3n Cinalli<\/p>\n\n\n\n<p>Vocal 4\u00ba: Sebasti\u00e1n Portis<\/p>\n\n\n\n<p>Revisor de cuenta Titular: Ricardo Airasca<\/p>\n\n\n\n<p>Revisor de cuenta Suplente: Iv\u00e1n Tanducci<\/p>\n\n\n\n<p>Comit\u00e9s:<\/p>\n\n\n\n<p>Membres\u00eda: Claudio Cuffia&nbsp;<\/p>\n\n\n\n<p>La Fundaci\u00f3n Rotaria: Pablo Malano &#8211; Adriana Tassone&nbsp;<\/p>\n\n\n\n<p>Imagen P\u00fablica: Mart\u00edn Jaime<\/p>\n\n\n\n<p>Capacitaci\u00f3n: Alicia Schaer &#8211; Claudio Cuffia &#8211; Adriana Tassone<\/p>\n\n\n\n<p>Proyectos de Servicio: Mart\u00edn Jaime&nbsp;<\/p>\n\n\n\n<p>Nuevas Generaciones: Patricia Tr\u00edas \u2013 Claudio Cuffia<\/p>\n\n\n\n<p>Asesores Interact: Patricia Tr\u00edas<\/p>\n\n\n\n<p>Asesores Rotaract: Claudio Cuffia \u2013 Gast\u00f3n Cinalli<\/p>\n\n\n\n<p>Intercambio de J\u00f3venes: Gast\u00f3n Cinalli \u2013 Mariana Bufarini \u2013 Adriana Tassone<\/p>\n\n\n\n<p>Pablo Malano \u2013 Natalia Garc\u00eda<\/p>\n\n\n\n<p>Ryla 2023\/24: Claudio Cuffia \u2013 Iv\u00e1n Tanducci<\/p>\n\n\n\n<p>Casa Rotaria y Log\u00edstica: Ricardo Airasca \u2013 Sebasti\u00e1n Portis<\/p>\n\n\n\n<p>Representante de Rotary ante el SAMCo: Carlos Dipr\u00e9<\/p>\n\n\n\n<p>AUTORIDADES CLUBES JUVENILES<\/p>\n\n\n\n<p>ROTARACT CLUB ARMSTRONG&nbsp;<\/p>\n\n\n\n<p>Presidente: Enio Stefoni<\/p>\n\n\n\n<p>INTERACT CLUB ARMSTRONG&nbsp;<\/p>\n\n\n\n<p>Presidente: Sof\u00eda Marozzi Str\u00f3logo<\/p>\n","protected":false},"excerpt":{"rendered":"<p>El pasado martes 8 de agosto en la Casa Rotaria, se llev\u00f3 a cabo el acto de Cambio de Liderazgo de los Clubes Interact, Rotaract y Rotary Club de Armstrong, con la presencia del Asistente del Gobernador Mauro Roche. Culminaron su mandato Joaqu\u00edn Andreoli y Patricia Tr\u00edas quienes dejaron un mensaje del a\u00f1o transcurrido. Luego <a href=\"https:\/\/armstrongyregion.com.ar\/diario\/se-llevo-a-cabo-el-acto-de-cambio-de-liderazgo-de-los-clubes-interact-rotaract-y-rotary-club-de-armstrong-con-la-presencia-del-asistente-del-gobernador-mauro-roche\/\" title=\"Read more\" >&#8230;<\/a><\/p>\n","protected":false},"author":1,"featured_media":39874,"comment_status":"open","ping_status":"open","sticky":false,"template":"","format":"image","meta":{"_jetpack_memberships_contains_paid_content":false,"footnotes":"","jetpack_publicize_message":"","jetpack_publicize_feature_enabled":true,"jetpack_social_post_already_shared":true,"jetpack_social_options":{"image_generator_settings":{"template":"highway","default_image_id":0,"enabled":false},"version":2}},"categories":[6,8,1,2,7,3],"tags":[311,808,19,9730,9731,42,1744,9732],"class_list":["post-39873","post","type-post","status-publish","format-image","has-post-thumbnail","hentry","category-cultura-entretenimiento","category-deliberando","category-diario-armstrong","category-locales","category-politica","category-region","tag-cambio","tag-clubes","tag-de","tag-de-liderazgo","tag-interac","tag-los","tag-rotarac","tag-rotary-club","post_format-post-format-image"],"jetpack_publicize_connections":[],"jetpack_featured_media_url":"https:\/\/armstrongyregion.com.ar\/diario\/wp-content\/uploads\/2023\/08\/liderazgo-rotary1.jpg","jetpack_shortlink":"https:\/\/wp.me\/p62QDO-an7","jetpack_sharing_enabled":true,"amp_enabled":true,"_links":{"self":[{"href":"https:\/\/armstrongyregion.com.ar\/diario\/wp-json\/wp\/v2\/posts\/39873","targetHints":{"allow":["GET"]}}],"collection":[{"href":"https:\/\/armstrongyregion.com.ar\/diario\/wp-json\/wp\/v2\/posts"}],"about":[{"href":"https:\/\/armstrongyregion.com.ar\/diario\/wp-json\/wp\/v2\/types\/post"}],"author":[{"embeddable":true,"href":"https:\/\/armstrongyregion.com.ar\/diario\/wp-json\/wp\/v2\/users\/1"}],"replies":[{"embeddable":true,"href":"https:\/\/armstrongyregion.com.ar\/diario\/wp-json\/wp\/v2\/comments?post=39873"}],"version-history":[{"count":2,"href":"https:\/\/armstrongyregion.com.ar\/diario\/wp-json\/wp\/v2\/posts\/39873\/revisions"}],"predecessor-version":[{"id":39889,"href":"https:\/\/armstrongyregion.com.ar\/diario\/wp-json\/wp\/v2\/posts\/39873\/revisions\/39889"}],"wp:featuredmedia":[{"embeddable":true,"href":"https:\/\/armstrongyregion.com.ar\/diario\/wp-json\/wp\/v2\/media\/39874"}],"wp:attachment":[{"href":"https:\/\/armstrongyregion.com.ar\/diario\/wp-json\/wp\/v2\/media?parent=39873"}],"wp:term":[{"taxonomy":"category","embeddable":true,"href":"https:\/\/armstrongyregion.com.ar\/diario\/wp-json\/wp\/v2\/categories?post=39873"},{"taxonomy":"post_tag","embeddable":true,"href":"https:\/\/armstrongyregion.com.ar\/diario\/wp-json\/wp\/v2\/tags?post=39873"}],"curies":[{"name":"wp","href":"https:\/\/api.w.org\/{rel}","templated":true}]}}