{"id":39868,"date":"2023-08-24T01:50:52","date_gmt":"2023-08-24T01:50:52","guid":{"rendered":"https:\/\/armstrongyregion.com.ar\/diario\/?p=39868"},"modified":"2023-08-24T01:50:54","modified_gmt":"2023-08-24T01:50:54","slug":"pavicic-felices-de-haber-compartido-la-alegria-de-nuestras-ninas-y-ninos","status":"publish","type":"post","link":"https:\/\/armstrongyregion.com.ar\/diario\/pavicic-felices-de-haber-compartido-la-alegria-de-nuestras-ninas-y-ninos\/","title":{"rendered":"Pavicic: \u00abFelices de haber compartido la alegr\u00eda de nuestras ni\u00f1as y ni\u00f1os\u00bb."},"content":{"rendered":"\n<figure class=\"wp-block-image size-full\"><a href=\"http:\/\/armstrongyregion.com.ar\/diario\/wp-content\/uploads\/2023\/08\/unidad-1.jpg\"><img loading=\"lazy\" decoding=\"async\" width=\"495\" height=\"304\" src=\"http:\/\/armstrongyregion.com.ar\/diario\/wp-content\/uploads\/2023\/08\/unidad-1.jpg\" alt=\"\" class=\"wp-image-39869\" srcset=\"https:\/\/armstrongyregion.com.ar\/diario\/wp-content\/uploads\/2023\/08\/unidad-1.jpg 495w, https:\/\/armstrongyregion.com.ar\/diario\/wp-content\/uploads\/2023\/08\/unidad-1-300x184.jpg 300w\" sizes=\"auto, (max-width: 495px) 100vw, 495px\" \/><\/a><\/figure>\n\n\n\n<p>En di\u00e1logo con nuestro medio, el candidato a concejal Dr. Gerardo Pavicic nos dec\u00eda: \u00abEl pasado domingo concretamos un agasajo de nuestra Unidad Armstronense a las infancias de nuestra ciudad sin importar colores pol\u00edticos ni posiciones sociales, pensando que los recuerdos de una ni\u00f1ez feliz forjan mujeres y hombres solidarios y buenos vecinos\u00bb.<\/p>\n\n\n\n<figure class=\"wp-block-image size-full\"><a href=\"http:\/\/armstrongyregion.com.ar\/diario\/wp-content\/uploads\/2023\/08\/unidad-2.jpg\"><img loading=\"lazy\" decoding=\"async\" width=\"535\" height=\"305\" src=\"http:\/\/armstrongyregion.com.ar\/diario\/wp-content\/uploads\/2023\/08\/unidad-2.jpg\" alt=\"\" class=\"wp-image-39870\" srcset=\"https:\/\/armstrongyregion.com.ar\/diario\/wp-content\/uploads\/2023\/08\/unidad-2.jpg 535w, https:\/\/armstrongyregion.com.ar\/diario\/wp-content\/uploads\/2023\/08\/unidad-2-300x171.jpg 300w\" sizes=\"auto, (max-width: 535px) 100vw, 535px\" \/><\/a><\/figure>\n\n\n\n<p>Luego a\u00f1adi\u00f3: \u00abDesde la Unidad Armstronense estamos convencidos de que encontr\u00e1ndonos, conoci\u00e9ndonos y trabajando codo a codo es como nuestra ciudad va a recuperar el prestigio y la fuerza que siempre la caracteriz\u00f3\u00bb.<\/p>\n\n\n\n<figure class=\"wp-block-image size-full\"><a href=\"http:\/\/armstrongyregion.com.ar\/diario\/wp-content\/uploads\/2023\/08\/unidad-3.jpg\"><img loading=\"lazy\" decoding=\"async\" width=\"540\" height=\"293\" src=\"http:\/\/armstrongyregion.com.ar\/diario\/wp-content\/uploads\/2023\/08\/unidad-3.jpg\" alt=\"\" class=\"wp-image-39871\" srcset=\"https:\/\/armstrongyregion.com.ar\/diario\/wp-content\/uploads\/2023\/08\/unidad-3.jpg 540w, https:\/\/armstrongyregion.com.ar\/diario\/wp-content\/uploads\/2023\/08\/unidad-3-300x163.jpg 300w\" sizes=\"auto, (max-width: 540px) 100vw, 540px\" \/><\/a><\/figure>\n","protected":false},"excerpt":{"rendered":"<p>En di\u00e1logo con nuestro medio, el candidato a concejal Dr. Gerardo Pavicic nos dec\u00eda: \u00abEl pasado domingo concretamos un agasajo de nuestra Unidad Armstronense a las infancias de nuestra ciudad sin importar colores pol\u00edticos ni posiciones sociales, pensando que los recuerdos de una ni\u00f1ez feliz forjan mujeres y hombres solidarios y buenos vecinos\u00bb. Luego a\u00f1adi\u00f3: <a href=\"https:\/\/armstrongyregion.com.ar\/diario\/pavicic-felices-de-haber-compartido-la-alegria-de-nuestras-ninas-y-ninos\/\" title=\"Read more\" >&#8230;<\/a><\/p>\n","protected":false},"author":1,"featured_media":39870,"comment_status":"open","ping_status":"open","sticky":false,"template":"","format":"image","meta":{"_jetpack_memberships_contains_paid_content":false,"footnotes":"","jetpack_publicize_message":"","jetpack_publicize_feature_enabled":true,"jetpack_social_post_already_shared":true,"jetpack_social_options":{"image_generator_settings":{"template":"highway","default_image_id":0,"enabled":false},"version":2}},"categories":[8,1,2,7,3],"tags":[136,9729,19,9728,9561,31,7728,8748,3860,1085,13],"class_list":["post-39868","post","type-post","status-publish","format-image","has-post-thumbnail","hentry","category-deliberando","category-diario-armstrong","category-locales","category-politica","category-region","tag-alegria","tag-compartido","tag-de","tag-felices","tag-haber","tag-la","tag-ninas","tag-ninos-2","tag-nuestras","tag-pavicic","tag-y","post_format-post-format-image"],"jetpack_publicize_connections":[],"jetpack_featured_media_url":"https:\/\/armstrongyregion.com.ar\/diario\/wp-content\/uploads\/2023\/08\/unidad-2.jpg","jetpack_shortlink":"https:\/\/wp.me\/p62QDO-an2","jetpack_sharing_enabled":true,"amp_enabled":true,"_links":{"self":[{"href":"https:\/\/armstrongyregion.com.ar\/diario\/wp-json\/wp\/v2\/posts\/39868","targetHints":{"allow":["GET"]}}],"collection":[{"href":"https:\/\/armstrongyregion.com.ar\/diario\/wp-json\/wp\/v2\/posts"}],"about":[{"href":"https:\/\/armstrongyregion.com.ar\/diario\/wp-json\/wp\/v2\/types\/post"}],"author":[{"embeddable":true,"href":"https:\/\/armstrongyregion.com.ar\/diario\/wp-json\/wp\/v2\/users\/1"}],"replies":[{"embeddable":true,"href":"https:\/\/armstrongyregion.com.ar\/diario\/wp-json\/wp\/v2\/comments?post=39868"}],"version-history":[{"count":1,"href":"https:\/\/armstrongyregion.com.ar\/diario\/wp-json\/wp\/v2\/posts\/39868\/revisions"}],"predecessor-version":[{"id":39872,"href":"https:\/\/armstrongyregion.com.ar\/diario\/wp-json\/wp\/v2\/posts\/39868\/revisions\/39872"}],"wp:featuredmedia":[{"embeddable":true,"href":"https:\/\/armstrongyregion.com.ar\/diario\/wp-json\/wp\/v2\/media\/39870"}],"wp:attachment":[{"href":"https:\/\/armstrongyregion.com.ar\/diario\/wp-json\/wp\/v2\/media?parent=39868"}],"wp:term":[{"taxonomy":"category","embeddable":true,"href":"https:\/\/armstrongyregion.com.ar\/diario\/wp-json\/wp\/v2\/categories?post=39868"},{"taxonomy":"post_tag","embeddable":true,"href":"https:\/\/armstrongyregion.com.ar\/diario\/wp-json\/wp\/v2\/tags?post=39868"}],"curies":[{"name":"wp","href":"https:\/\/api.w.org\/{rel}","templated":true}]}}