{"id":39860,"date":"2023-08-23T02:12:17","date_gmt":"2023-08-23T02:12:17","guid":{"rendered":"https:\/\/armstrongyregion.com.ar\/diario\/?p=39860"},"modified":"2023-08-23T02:12:20","modified_gmt":"2023-08-23T02:12:20","slug":"canada-de-gomez-festejo-el-mes-de-las-infancias","status":"publish","type":"post","link":"https:\/\/armstrongyregion.com.ar\/diario\/canada-de-gomez-festejo-el-mes-de-las-infancias\/","title":{"rendered":"Ca\u00f1ada de G\u00f3mez festej\u00f3 el mes de las infancias."},"content":{"rendered":"\n<figure class=\"wp-block-image size-full\"><a href=\"http:\/\/armstrongyregion.com.ar\/diario\/wp-content\/uploads\/2023\/08\/ninez-canada.jpeg\"><img loading=\"lazy\" decoding=\"async\" width=\"768\" height=\"432\" src=\"http:\/\/armstrongyregion.com.ar\/diario\/wp-content\/uploads\/2023\/08\/ninez-canada.jpeg\" alt=\"\" class=\"wp-image-39861\" srcset=\"https:\/\/armstrongyregion.com.ar\/diario\/wp-content\/uploads\/2023\/08\/ninez-canada.jpeg 768w, https:\/\/armstrongyregion.com.ar\/diario\/wp-content\/uploads\/2023\/08\/ninez-canada-300x169.jpeg 300w\" sizes=\"auto, (max-width: 768px) 100vw, 768px\" \/><\/a><\/figure>\n\n\n\n<p>Con la participaci\u00f3n de instituciones, el Municipio llev\u00f3 adelante un nuevo festejo del mes de la ni\u00f1ez, con espect\u00e1culos infantiles, juegos recreativos y regalos para los chicos y chicas. \u201cEstamos felices de celebrar el Mes de la Ni\u00f1ez, tanto en nuestra querida Plaza San Mart\u00edn como en cada barrio de la ciudad\u201d, expresaron la secretaria de Educaci\u00f3n, Cultura y Deporte Raquel Di Paola y el presidente del Concejo, Marcelo Casalegno.<\/p>\n\n\n\n<p>Adem\u00e1s, durante el fin de semana la gesti\u00f3n municipal acompa\u00f1\u00f3 actividades en Vecinal Usina, Sport Club y junto a Bomberos Voluntarios, tambi\u00e9n en el marco del mes de la ni\u00f1ez. \u201cAcompa\u00f1amos cada una de las iniciativas con el objetivo de que los ni\u00f1os y ni\u00f1as pasen una tarde de juegos y diversi\u00f3n\u201d, remarc\u00f3 la intendenta Stella Cl\u00e9rici.&nbsp;<\/p>\n","protected":false},"excerpt":{"rendered":"<p>Con la participaci\u00f3n de instituciones, el Municipio llev\u00f3 adelante un nuevo festejo del mes de la ni\u00f1ez, con espect\u00e1culos infantiles, juegos recreativos y regalos para los chicos y chicas. \u201cEstamos felices de celebrar el Mes de la Ni\u00f1ez, tanto en nuestra querida Plaza San Mart\u00edn como en cada barrio de la ciudad\u201d, expresaron la secretaria <a href=\"https:\/\/armstrongyregion.com.ar\/diario\/canada-de-gomez-festejo-el-mes-de-las-infancias\/\" title=\"Read more\" >&#8230;<\/a><\/p>\n","protected":false},"author":1,"featured_media":39861,"comment_status":"open","ping_status":"open","sticky":false,"template":"","format":"image","meta":{"_jetpack_memberships_contains_paid_content":false,"footnotes":"","jetpack_publicize_message":"","jetpack_publicize_feature_enabled":true,"jetpack_social_post_already_shared":true,"jetpack_social_options":{"image_generator_settings":{"template":"highway","default_image_id":0,"enabled":false},"version":2}},"categories":[8,1,2,7,3],"tags":[9647,16,1789,23],"class_list":["post-39860","post","type-post","status-publish","format-image","has-post-thumbnail","hentry","category-deliberando","category-diario-armstrong","category-locales","category-politica","category-region","tag-canada-de-gomez-3","tag-el","tag-festejo","tag-las","post_format-post-format-image"],"jetpack_publicize_connections":[],"jetpack_featured_media_url":"https:\/\/armstrongyregion.com.ar\/diario\/wp-content\/uploads\/2023\/08\/ninez-canada.jpeg","jetpack_shortlink":"https:\/\/wp.me\/p62QDO-amU","jetpack_sharing_enabled":true,"amp_enabled":true,"_links":{"self":[{"href":"https:\/\/armstrongyregion.com.ar\/diario\/wp-json\/wp\/v2\/posts\/39860","targetHints":{"allow":["GET"]}}],"collection":[{"href":"https:\/\/armstrongyregion.com.ar\/diario\/wp-json\/wp\/v2\/posts"}],"about":[{"href":"https:\/\/armstrongyregion.com.ar\/diario\/wp-json\/wp\/v2\/types\/post"}],"author":[{"embeddable":true,"href":"https:\/\/armstrongyregion.com.ar\/diario\/wp-json\/wp\/v2\/users\/1"}],"replies":[{"embeddable":true,"href":"https:\/\/armstrongyregion.com.ar\/diario\/wp-json\/wp\/v2\/comments?post=39860"}],"version-history":[{"count":1,"href":"https:\/\/armstrongyregion.com.ar\/diario\/wp-json\/wp\/v2\/posts\/39860\/revisions"}],"predecessor-version":[{"id":39862,"href":"https:\/\/armstrongyregion.com.ar\/diario\/wp-json\/wp\/v2\/posts\/39860\/revisions\/39862"}],"wp:featuredmedia":[{"embeddable":true,"href":"https:\/\/armstrongyregion.com.ar\/diario\/wp-json\/wp\/v2\/media\/39861"}],"wp:attachment":[{"href":"https:\/\/armstrongyregion.com.ar\/diario\/wp-json\/wp\/v2\/media?parent=39860"}],"wp:term":[{"taxonomy":"category","embeddable":true,"href":"https:\/\/armstrongyregion.com.ar\/diario\/wp-json\/wp\/v2\/categories?post=39860"},{"taxonomy":"post_tag","embeddable":true,"href":"https:\/\/armstrongyregion.com.ar\/diario\/wp-json\/wp\/v2\/tags?post=39860"}],"curies":[{"name":"wp","href":"https:\/\/api.w.org\/{rel}","templated":true}]}}