{"id":39851,"date":"2023-08-21T22:18:33","date_gmt":"2023-08-21T22:18:33","guid":{"rendered":"https:\/\/armstrongyregion.com.ar\/diario\/?p=39851"},"modified":"2023-08-21T22:18:36","modified_gmt":"2023-08-21T22:18:36","slug":"deliberando-elecciones-2023-de-cara-al-10-de-septiembre","status":"publish","type":"post","link":"https:\/\/armstrongyregion.com.ar\/diario\/deliberando-elecciones-2023-de-cara-al-10-de-septiembre\/","title":{"rendered":"Deliberando: Elecciones 2023. De cara al 10 de septiembre."},"content":{"rendered":"\n<figure class=\"wp-block-image size-full\"><a href=\"http:\/\/armstrongyregion.com.ar\/diario\/wp-content\/uploads\/2023\/08\/DELIBERANDO-21-8-23.jpg\"><img loading=\"lazy\" decoding=\"async\" width=\"360\" height=\"360\" src=\"http:\/\/armstrongyregion.com.ar\/diario\/wp-content\/uploads\/2023\/08\/DELIBERANDO-21-8-23.jpg\" alt=\"\" class=\"wp-image-39852\" srcset=\"https:\/\/armstrongyregion.com.ar\/diario\/wp-content\/uploads\/2023\/08\/DELIBERANDO-21-8-23.jpg 360w, https:\/\/armstrongyregion.com.ar\/diario\/wp-content\/uploads\/2023\/08\/DELIBERANDO-21-8-23-300x300.jpg 300w, https:\/\/armstrongyregion.com.ar\/diario\/wp-content\/uploads\/2023\/08\/DELIBERANDO-21-8-23-150x150.jpg 150w\" sizes=\"auto, (max-width: 360px) 100vw, 360px\" \/><\/a><\/figure>\n\n\n\n<h2 class=\"wp-block-heading\">Las\u00a0<strong>elecciones generales de la\u00a0<a href=\"https:\/\/es.wikipedia.org\/wiki\/Provincia_de_Santa_Fe\">provincia de Santa Fe<\/a>\u00a0de\u00a0<a href=\"https:\/\/es.wikipedia.org\/wiki\/2023\">2023<\/a><\/strong>\u00a0se realizar\u00e1n el domingo 10 de septiembre, con el objetivo de renovar los cargos de Gobernador y Vicegobernador, as\u00ed como 19 senadores y 50 diputados provinciales. En Armstrong se disputan 3 bancas en el concejo.<\/h2>\n\n\n\n<h2 class=\"wp-block-heading\">El martes 22 de agosto, participaran en DELIBERANDO: dos referentes de Unidad Armstronense Gerardo Pavicic y \u00abPelu\u00bb Lencina. El candidato a Senador por el Dto Belgrano Alberto Crossetti; y dos concejales que van en busca de su reeleccion. Por Juntos por el Cambio Prof. Alejandro Pertusati; acompa\u00f1ado por quien lo secunda Dra. Carla Revigliono. Finalmente cerrar\u00e1 nuestro programa el concejal Emiliano Gramigna.<\/h2>\n\n\n\n<p><strong>Todos los candidatos nos informaran sobre sus propuestas y brindar\u00e1n fundamentos sobre el porqu\u00e9? la comunidad de Armstrong y en el caso a la senadur\u00eda el departamento Belgrano debe acompa\u00f1ar con su voto.<\/strong><\/p>\n\n\n\n<p><strong>MARTES 21HS. POR CABLE IMAGEN ARMSTRONG.<\/strong><\/p>\n\n\n\n<p><\/p>\n","protected":false},"excerpt":{"rendered":"<p>Las\u00a0elecciones generales de la\u00a0provincia de Santa Fe\u00a0de\u00a02023\u00a0se realizar\u00e1n el domingo 10 de septiembre, con el objetivo de renovar los cargos de Gobernador y Vicegobernador, as\u00ed como 19 senadores y 50 diputados provinciales. En Armstrong se disputan 3 bancas en el concejo. El martes 22 de agosto, participaran en DELIBERANDO: dos referentes de Unidad Armstronense Gerardo <a href=\"https:\/\/armstrongyregion.com.ar\/diario\/deliberando-elecciones-2023-de-cara-al-10-de-septiembre\/\" title=\"Read more\" >&#8230;<\/a><\/p>\n","protected":false},"author":1,"featured_media":39852,"comment_status":"open","ping_status":"open","sticky":false,"template":"","format":"image","meta":{"_jetpack_memberships_contains_paid_content":false,"footnotes":"","jetpack_publicize_message":"","jetpack_publicize_feature_enabled":true,"jetpack_social_post_already_shared":true,"jetpack_social_options":{"image_generator_settings":{"template":"highway","default_image_id":0,"enabled":false},"version":2}},"categories":[8,1,2,7,3],"tags":[9483,9424,1195,19,44,8495,9423,1135],"class_list":["post-39851","post","type-post","status-publish","format-image","has-post-thumbnail","hentry","category-deliberando","category-diario-armstrong","category-locales","category-politica","category-region","tag-alberto-crossetti","tag-alejandro-pertusati","tag-cara","tag-de","tag-deliberando-2","tag-elecciones-2","tag-emiliano-gramigna","tag-gerardo-pavicic","post_format-post-format-image"],"jetpack_publicize_connections":[],"jetpack_featured_media_url":"https:\/\/armstrongyregion.com.ar\/diario\/wp-content\/uploads\/2023\/08\/DELIBERANDO-21-8-23.jpg","jetpack_shortlink":"https:\/\/wp.me\/p62QDO-amL","jetpack_sharing_enabled":true,"amp_enabled":true,"_links":{"self":[{"href":"https:\/\/armstrongyregion.com.ar\/diario\/wp-json\/wp\/v2\/posts\/39851","targetHints":{"allow":["GET"]}}],"collection":[{"href":"https:\/\/armstrongyregion.com.ar\/diario\/wp-json\/wp\/v2\/posts"}],"about":[{"href":"https:\/\/armstrongyregion.com.ar\/diario\/wp-json\/wp\/v2\/types\/post"}],"author":[{"embeddable":true,"href":"https:\/\/armstrongyregion.com.ar\/diario\/wp-json\/wp\/v2\/users\/1"}],"replies":[{"embeddable":true,"href":"https:\/\/armstrongyregion.com.ar\/diario\/wp-json\/wp\/v2\/comments?post=39851"}],"version-history":[{"count":1,"href":"https:\/\/armstrongyregion.com.ar\/diario\/wp-json\/wp\/v2\/posts\/39851\/revisions"}],"predecessor-version":[{"id":39853,"href":"https:\/\/armstrongyregion.com.ar\/diario\/wp-json\/wp\/v2\/posts\/39851\/revisions\/39853"}],"wp:featuredmedia":[{"embeddable":true,"href":"https:\/\/armstrongyregion.com.ar\/diario\/wp-json\/wp\/v2\/media\/39852"}],"wp:attachment":[{"href":"https:\/\/armstrongyregion.com.ar\/diario\/wp-json\/wp\/v2\/media?parent=39851"}],"wp:term":[{"taxonomy":"category","embeddable":true,"href":"https:\/\/armstrongyregion.com.ar\/diario\/wp-json\/wp\/v2\/categories?post=39851"},{"taxonomy":"post_tag","embeddable":true,"href":"https:\/\/armstrongyregion.com.ar\/diario\/wp-json\/wp\/v2\/tags?post=39851"}],"curies":[{"name":"wp","href":"https:\/\/api.w.org\/{rel}","templated":true}]}}