{"id":39846,"date":"2023-08-21T03:17:00","date_gmt":"2023-08-21T03:17:00","guid":{"rendered":"https:\/\/armstrongyregion.com.ar\/diario\/?p=39846"},"modified":"2023-08-21T03:17:02","modified_gmt":"2023-08-21T03:17:02","slug":"meyer-estamos-haciendo-una-cuadra-de-pavimento-por-semana","status":"publish","type":"post","link":"https:\/\/armstrongyregion.com.ar\/diario\/meyer-estamos-haciendo-una-cuadra-de-pavimento-por-semana\/","title":{"rendered":"Meyer: \u00abEstamos haciendo una cuadra de pavimento por semana\u00bb."},"content":{"rendered":"\n<figure class=\"wp-block-image size-full\"><a href=\"http:\/\/armstrongyregion.com.ar\/diario\/wp-content\/uploads\/2023\/08\/pavimento-las-rosas-21.8-23.jpg\"><img loading=\"lazy\" decoding=\"async\" width=\"270\" height=\"242\" src=\"http:\/\/armstrongyregion.com.ar\/diario\/wp-content\/uploads\/2023\/08\/pavimento-las-rosas-21.8-23.jpg\" alt=\"\" class=\"wp-image-39848\"\/><\/a><\/figure>\n\n\n\n<h2 class=\"wp-block-heading\">As\u00ed lo expres\u00f3 el Intendente Javier Meyer, \u00abestamos poniendo en marcha el monstruo que es la municipalidad de Las Rosas\u00bb, dijo.<\/h2>\n\n\n\n<figure class=\"wp-block-audio\"><audio controls src=\"http:\/\/armstrongyregion.com.ar\/diario\/wp-content\/uploads\/2023\/08\/multimedia.audio_.85cdbebec85ec73e.YXVkaW8gbW9uby5tcDM.mp3\"><\/audio><figcaption class=\"wp-element-caption\">Intendente de Las Rosas.<\/figcaption><\/figure>\n\n\n\n<p><\/p>\n\n\n\n<p>\u00abEn este momento se esta hormigonando la segunda mano de calle C\u00f3rdoba al 700, la semana pasada se hormigono completa C\u00f3rdoba al 900, y la pr\u00f3xima semana arrancamos con salta al 900 y se va a abrir caja en Salta al 700.<\/p>\n\n\n\n<p>Estamos pavimentando pr\u00e1cticamente una cuadra por semana, la municipalidad arranco con todo, mi equipo esta trabajando a full y las cuadrillas con los trabajadores muy bien, estamos trabajando y organiz\u00e1ndonos de manera correcta.<\/p>\n\n\n\n<p>La verdad que se reorganizo todo muy bien, y estamos ejecutando mucha obra publica\u00bb, expres\u00f3 Meyer.&nbsp;<\/p>\n\n\n\n<p><\/p>\n","protected":false},"excerpt":{"rendered":"<p>As\u00ed lo expres\u00f3 el Intendente Javier Meyer, \u00abestamos poniendo en marcha el monstruo que es la municipalidad de Las Rosas\u00bb, dijo. \u00abEn este momento se esta hormigonando la segunda mano de calle C\u00f3rdoba al 700, la semana pasada se hormigono completa C\u00f3rdoba al 900, y la pr\u00f3xima semana arrancamos con salta al 900 y se <a href=\"https:\/\/armstrongyregion.com.ar\/diario\/meyer-estamos-haciendo-una-cuadra-de-pavimento-por-semana\/\" title=\"Read more\" >&#8230;<\/a><\/p>\n","protected":false},"author":1,"featured_media":39848,"comment_status":"open","ping_status":"open","sticky":false,"template":"","format":"image","meta":{"_jetpack_memberships_contains_paid_content":false,"footnotes":"","jetpack_publicize_message":"","jetpack_publicize_feature_enabled":true,"jetpack_social_post_already_shared":true,"jetpack_social_options":{"image_generator_settings":{"template":"highway","default_image_id":0,"enabled":false},"version":2}},"categories":[8,1,2,7,3],"tags":[1579,19,23,1934,709,60,361,919,103],"class_list":["post-39846","post","type-post","status-publish","format-image","has-post-thumbnail","hentry","category-deliberando","category-diario-armstrong","category-locales","category-politica","category-region","tag-cuadra","tag-de","tag-las","tag-meyer","tag-pavimento","tag-por","tag-rosas","tag-semana","tag-una","post_format-post-format-image"],"jetpack_publicize_connections":[],"jetpack_featured_media_url":"https:\/\/armstrongyregion.com.ar\/diario\/wp-content\/uploads\/2023\/08\/pavimento-las-rosas-21.8-23.jpg","jetpack_shortlink":"https:\/\/wp.me\/p62QDO-amG","jetpack_sharing_enabled":true,"amp_enabled":true,"_links":{"self":[{"href":"https:\/\/armstrongyregion.com.ar\/diario\/wp-json\/wp\/v2\/posts\/39846","targetHints":{"allow":["GET"]}}],"collection":[{"href":"https:\/\/armstrongyregion.com.ar\/diario\/wp-json\/wp\/v2\/posts"}],"about":[{"href":"https:\/\/armstrongyregion.com.ar\/diario\/wp-json\/wp\/v2\/types\/post"}],"author":[{"embeddable":true,"href":"https:\/\/armstrongyregion.com.ar\/diario\/wp-json\/wp\/v2\/users\/1"}],"replies":[{"embeddable":true,"href":"https:\/\/armstrongyregion.com.ar\/diario\/wp-json\/wp\/v2\/comments?post=39846"}],"version-history":[{"count":1,"href":"https:\/\/armstrongyregion.com.ar\/diario\/wp-json\/wp\/v2\/posts\/39846\/revisions"}],"predecessor-version":[{"id":39849,"href":"https:\/\/armstrongyregion.com.ar\/diario\/wp-json\/wp\/v2\/posts\/39846\/revisions\/39849"}],"wp:featuredmedia":[{"embeddable":true,"href":"https:\/\/armstrongyregion.com.ar\/diario\/wp-json\/wp\/v2\/media\/39848"}],"wp:attachment":[{"href":"https:\/\/armstrongyregion.com.ar\/diario\/wp-json\/wp\/v2\/media?parent=39846"}],"wp:term":[{"taxonomy":"category","embeddable":true,"href":"https:\/\/armstrongyregion.com.ar\/diario\/wp-json\/wp\/v2\/categories?post=39846"},{"taxonomy":"post_tag","embeddable":true,"href":"https:\/\/armstrongyregion.com.ar\/diario\/wp-json\/wp\/v2\/tags?post=39846"}],"curies":[{"name":"wp","href":"https:\/\/api.w.org\/{rel}","templated":true}]}}