{"id":39834,"date":"2023-08-21T02:12:33","date_gmt":"2023-08-21T02:12:33","guid":{"rendered":"https:\/\/armstrongyregion.com.ar\/diario\/?p=39834"},"modified":"2023-08-21T02:20:28","modified_gmt":"2023-08-21T02:20:28","slug":"armstrong-primer-festival-33-cine","status":"publish","type":"post","link":"https:\/\/armstrongyregion.com.ar\/diario\/armstrong-primer-festival-33-cine\/","title":{"rendered":"Armstrong. Primer Festival 33 Cine."},"content":{"rendered":"\n<figure class=\"wp-block-image size-full\"><a href=\"http:\/\/armstrongyregion.com.ar\/diario\/wp-content\/uploads\/2023\/08\/cortos-1-.jpg\"><img loading=\"lazy\" decoding=\"async\" width=\"540\" height=\"540\" src=\"http:\/\/armstrongyregion.com.ar\/diario\/wp-content\/uploads\/2023\/08\/cortos-1-.jpg\" alt=\"\" class=\"wp-image-39835\" srcset=\"https:\/\/armstrongyregion.com.ar\/diario\/wp-content\/uploads\/2023\/08\/cortos-1-.jpg 540w, https:\/\/armstrongyregion.com.ar\/diario\/wp-content\/uploads\/2023\/08\/cortos-1--300x300.jpg 300w, https:\/\/armstrongyregion.com.ar\/diario\/wp-content\/uploads\/2023\/08\/cortos-1--150x150.jpg 150w\" sizes=\"auto, (max-width: 540px) 100vw, 540px\" \/><\/a><\/figure>\n\n\n\n<p>El pasado viernes 18 de agosto se realiz\u00f3 la presentaci\u00f3n del Festival 33 Cine organizado por la orientaci\u00f3n Comunicaci\u00f3n de la Escuela Normal Superior N\u00b0 33 Dr. Mariano Moreno. El lugar del evento fue la Sala Iris Marga del Club Atl\u00e9tico Deportivo Norte.<\/p>\n\n\n\n<figure class=\"wp-block-image size-full\"><a href=\"http:\/\/armstrongyregion.com.ar\/diario\/wp-content\/uploads\/2023\/08\/cortos-2-.jpg\"><img loading=\"lazy\" decoding=\"async\" width=\"270\" height=\"254\" src=\"http:\/\/armstrongyregion.com.ar\/diario\/wp-content\/uploads\/2023\/08\/cortos-2-.jpg\" alt=\"\" class=\"wp-image-39836\"\/><\/a><\/figure>\n\n\n\n<p>Participaron del estreno de las producciones audiovisuales realizadas por estudiantes de 3\u00b0, 4\u00b0 y 5\u00b0 a\u00f1o, el Prof. Omar Maiani, referente de la Region V, senador del Dto. Belgrano Guillermo Cornaglia, concejales Emiliano Gramigna, Jes\u00fas Urqu\u00eda y Prof. Alejandro Pertusati, funcionarios municipales, directivos de la instituci\u00f3n  Patricia Baccifava, Natalia Garc\u00eda y Graciela Palacios, ex- directivos, cuerpo docente, familia y amigos de \u00ablos protagonistas\u00bb quienes le han dedicado muchas horas de esfuerzo y trabajo para lograr el objetivo.<\/p>\n\n\n\n<figure class=\"wp-block-image size-full\"><a href=\"http:\/\/armstrongyregion.com.ar\/diario\/wp-content\/uploads\/2023\/08\/cortos-3-.jpg\"><img loading=\"lazy\" decoding=\"async\" width=\"540\" height=\"540\" src=\"http:\/\/armstrongyregion.com.ar\/diario\/wp-content\/uploads\/2023\/08\/cortos-3-.jpg\" alt=\"\" class=\"wp-image-39837\" srcset=\"https:\/\/armstrongyregion.com.ar\/diario\/wp-content\/uploads\/2023\/08\/cortos-3-.jpg 540w, https:\/\/armstrongyregion.com.ar\/diario\/wp-content\/uploads\/2023\/08\/cortos-3--300x300.jpg 300w, https:\/\/armstrongyregion.com.ar\/diario\/wp-content\/uploads\/2023\/08\/cortos-3--150x150.jpg 150w\" sizes=\"auto, (max-width: 540px) 100vw, 540px\" \/><\/a><\/figure>\n\n\n\n<p>Se comparti\u00f3 una noche muy emotiva donde se destac\u00f3 el gran trabajo que realizan estudiantes, docentes, cooperadores y toda la comunidad educativa, revalorizando el rol de la educaci\u00f3n p\u00fablica en el proceso de ense\u00f1anza-aprendizaje.<\/p>\n\n\n\n<figure class=\"wp-block-image size-full\"><a href=\"http:\/\/armstrongyregion.com.ar\/diario\/wp-content\/uploads\/2023\/08\/cortos-4-.jpg\"><img loading=\"lazy\" decoding=\"async\" width=\"270\" height=\"270\" src=\"http:\/\/armstrongyregion.com.ar\/diario\/wp-content\/uploads\/2023\/08\/cortos-4-.jpg\" alt=\"\" class=\"wp-image-39838\" srcset=\"https:\/\/armstrongyregion.com.ar\/diario\/wp-content\/uploads\/2023\/08\/cortos-4-.jpg 270w, https:\/\/armstrongyregion.com.ar\/diario\/wp-content\/uploads\/2023\/08\/cortos-4--150x150.jpg 150w\" sizes=\"auto, (max-width: 270px) 100vw, 270px\" \/><\/a><\/figure>\n\n\n\n<p><img loading=\"lazy\" decoding=\"async\" height=\"16\" width=\"16\" alt=\"\ud83c\udfac\" src=\"https:\/\/static.xx.fbcdn.net\/images\/emoji.php\/v9\/t2d\/1\/16\/1f3ac.png\"> \u00ab\u00bfHay alguien ah\u00ed?\u00bb | 3\u00b0 A\u00f1o Comunicaci\u00f3n<\/p>\n\n\n\n<p><img loading=\"lazy\" decoding=\"async\" height=\"16\" width=\"16\" alt=\"\ud83c\udfac\" src=\"https:\/\/static.xx.fbcdn.net\/images\/emoji.php\/v9\/t2d\/1\/16\/1f3ac.png\"> \u00abPresagios\u00bb | 4\u00b0 A\u00f1o Comunicaci\u00f3n<\/p>\n\n\n\n<p><img loading=\"lazy\" decoding=\"async\" height=\"16\" width=\"16\" src=\"https:\/\/static.xx.fbcdn.net\/images\/emoji.php\/v9\/t2d\/1\/16\/1f3ac.png\" alt=\"\ud83c\udfac\"> \u00abEl cine est\u00e1 primero\u00bb | 5\u00b0 A\u00f1o Comunicaci\u00f3n<\/p>\n\n\n\n<figure class=\"wp-block-image size-full\"><a href=\"http:\/\/armstrongyregion.com.ar\/diario\/wp-content\/uploads\/2023\/08\/cortos-5.jpg\"><img loading=\"lazy\" decoding=\"async\" width=\"270\" height=\"270\" src=\"http:\/\/armstrongyregion.com.ar\/diario\/wp-content\/uploads\/2023\/08\/cortos-5.jpg\" alt=\"\" class=\"wp-image-39839\" srcset=\"https:\/\/armstrongyregion.com.ar\/diario\/wp-content\/uploads\/2023\/08\/cortos-5.jpg 270w, https:\/\/armstrongyregion.com.ar\/diario\/wp-content\/uploads\/2023\/08\/cortos-5-150x150.jpg 150w\" sizes=\"auto, (max-width: 270px) 100vw, 270px\" \/><\/a><\/figure>\n","protected":false},"excerpt":{"rendered":"<p>El pasado viernes 18 de agosto se realiz\u00f3 la presentaci\u00f3n del Festival 33 Cine organizado por la orientaci\u00f3n Comunicaci\u00f3n de la Escuela Normal Superior N\u00b0 33 Dr. Mariano Moreno. El lugar del evento fue la Sala Iris Marga del Club Atl\u00e9tico Deportivo Norte. Participaron del estreno de las producciones audiovisuales realizadas por estudiantes de 3\u00b0, <a href=\"https:\/\/armstrongyregion.com.ar\/diario\/armstrong-primer-festival-33-cine\/\" title=\"Read more\" >&#8230;<\/a><\/p>\n","protected":false},"author":1,"featured_media":39835,"comment_status":"open","ping_status":"open","sticky":false,"template":"","format":"image","meta":{"_jetpack_memberships_contains_paid_content":false,"footnotes":"","jetpack_publicize_message":"","jetpack_publicize_feature_enabled":true,"jetpack_social_post_already_shared":true,"jetpack_social_options":{"image_generator_settings":{"template":"highway","default_image_id":0,"enabled":false},"version":2}},"categories":[6,8,1,2,7,3],"tags":[20,9727,318,605],"class_list":["post-39834","post","type-post","status-publish","format-image","has-post-thumbnail","hentry","category-cultura-entretenimiento","category-deliberando","category-diario-armstrong","category-locales","category-politica","category-region","tag-armstrong","tag-cine-33","tag-festival","tag-primer","post_format-post-format-image"],"jetpack_publicize_connections":[],"jetpack_featured_media_url":"https:\/\/armstrongyregion.com.ar\/diario\/wp-content\/uploads\/2023\/08\/cortos-1-.jpg","jetpack_shortlink":"https:\/\/wp.me\/p62QDO-amu","jetpack_sharing_enabled":true,"amp_enabled":true,"_links":{"self":[{"href":"https:\/\/armstrongyregion.com.ar\/diario\/wp-json\/wp\/v2\/posts\/39834","targetHints":{"allow":["GET"]}}],"collection":[{"href":"https:\/\/armstrongyregion.com.ar\/diario\/wp-json\/wp\/v2\/posts"}],"about":[{"href":"https:\/\/armstrongyregion.com.ar\/diario\/wp-json\/wp\/v2\/types\/post"}],"author":[{"embeddable":true,"href":"https:\/\/armstrongyregion.com.ar\/diario\/wp-json\/wp\/v2\/users\/1"}],"replies":[{"embeddable":true,"href":"https:\/\/armstrongyregion.com.ar\/diario\/wp-json\/wp\/v2\/comments?post=39834"}],"version-history":[{"count":4,"href":"https:\/\/armstrongyregion.com.ar\/diario\/wp-json\/wp\/v2\/posts\/39834\/revisions"}],"predecessor-version":[{"id":39845,"href":"https:\/\/armstrongyregion.com.ar\/diario\/wp-json\/wp\/v2\/posts\/39834\/revisions\/39845"}],"wp:featuredmedia":[{"embeddable":true,"href":"https:\/\/armstrongyregion.com.ar\/diario\/wp-json\/wp\/v2\/media\/39835"}],"wp:attachment":[{"href":"https:\/\/armstrongyregion.com.ar\/diario\/wp-json\/wp\/v2\/media?parent=39834"}],"wp:term":[{"taxonomy":"category","embeddable":true,"href":"https:\/\/armstrongyregion.com.ar\/diario\/wp-json\/wp\/v2\/categories?post=39834"},{"taxonomy":"post_tag","embeddable":true,"href":"https:\/\/armstrongyregion.com.ar\/diario\/wp-json\/wp\/v2\/tags?post=39834"}],"curies":[{"name":"wp","href":"https:\/\/api.w.org\/{rel}","templated":true}]}}