{"id":39831,"date":"2023-08-21T01:50:25","date_gmt":"2023-08-21T01:50:25","guid":{"rendered":"https:\/\/armstrongyregion.com.ar\/diario\/?p=39831"},"modified":"2023-08-21T01:50:27","modified_gmt":"2023-08-21T01:50:27","slug":"clara-garcia-junto-a-enrico-y-chiarella-en-expovenado-la-fortaleza-de-unidos-esta-en-que-dejamos-de-lado-las-diferencias-para-darle-soluciones-a-la-gente","status":"publish","type":"post","link":"https:\/\/armstrongyregion.com.ar\/diario\/clara-garcia-junto-a-enrico-y-chiarella-en-expovenado-la-fortaleza-de-unidos-esta-en-que-dejamos-de-lado-las-diferencias-para-darle-soluciones-a-la-gente\/","title":{"rendered":"Clara Garc\u00eda, junto a Enrico y Chiarella en ExpoVenado: \u201cLa fortaleza de Unidos est\u00e1 en que dejamos de lado las diferencias para darle soluciones a la gente\u201d"},"content":{"rendered":"\n<figure class=\"wp-block-image size-full\"><a href=\"http:\/\/armstrongyregion.com.ar\/diario\/wp-content\/uploads\/2023\/08\/clarita-20-8-23-.jpg\"><img loading=\"lazy\" decoding=\"async\" width=\"320\" height=\"165\" src=\"http:\/\/armstrongyregion.com.ar\/diario\/wp-content\/uploads\/2023\/08\/clarita-20-8-23-.jpg\" alt=\"\" class=\"wp-image-39832\" srcset=\"https:\/\/armstrongyregion.com.ar\/diario\/wp-content\/uploads\/2023\/08\/clarita-20-8-23-.jpg 320w, https:\/\/armstrongyregion.com.ar\/diario\/wp-content\/uploads\/2023\/08\/clarita-20-8-23--300x155.jpg 300w\" sizes=\"auto, (max-width: 320px) 100vw, 320px\" \/><\/a><\/figure>\n\n\n\n<h2 class=\"wp-block-heading\"><em>La primera candidata a diputada provincial de Unidos para cambiar Santa Fe recorri\u00f3 la muestra junto a los postulantes locales para las elecciones del 10 de septiembre. \u00abLa gente valora que hayamos dejado de discutir entre nosotros y busquemos un camino com\u00fan para aportar soluciones a sus problemas\u201d, dijo.<\/em><\/h2>\n\n\n\n<p>La primera candidata a diputada provincial por Unidos para cambiar Santa Fe, Clara Garc\u00eda, particip\u00f3 este s\u00e1bado de la inauguraci\u00f3n de ExpoVenado junto al intendente de Venador Tuerto, Leonel Chiarella, y el senador del departamento General L\u00f3pez, Lisandro Enrico. Se trata de \u201cla exposici\u00f3n rural m\u00e1s importante del sur de la provincia -seg\u00fan dijo-, que cada a\u00f1o muestra las novedades de una regi\u00f3n tan rica, que aporta al pa\u00eds mucho m\u00e1s de lo que recibe\u201d. Y enlaz\u00f3 esto \u00faltimo con una evaluaci\u00f3n de los resultados electorales: \u201cTanto a nivel nacional como provincial la gente ha expresado una voluntad de cambio. En Santa Fe \u2013remarc\u00f3-, con una propuesta que obtuvo casi un mill\u00f3n de votos, que tiene que ver con la experiencia, los equipos y la decisi\u00f3n de buscar un camino com\u00fan para aportar soluciones a los problemas de la gente. Esa es nuestra fortaleza\u201d.<\/p>\n\n\n\n<p>En tal sentido, agreg\u00f3: \u00abLa gente valora mucho, y nos lo hace saber, el hecho de que estamos unidos, como se denomina nuestro sector; de que partidos pol\u00edticos que tienen posturas distintas ante algunos temas hayan dejado de discutir entre ellos y se hayan reunido en una mesa, es decir, en torno a las coincidencias\u201d.<\/p>\n\n\n\n<p>Adem\u00e1s de Chiarella y Enrico, Garc\u00eda estuvo acompa\u00f1ada por el resto de los candidatos de Unidos de la zona con miras a las pr\u00f3ximas elecciones generales como Leo Calaianov, Rosana Bellatti, Sofia Galnares y Mar\u00eda Fernanda Castellani, que integran la lista de diputados provinciales, los candidatos a concejales de Venado Tuerto, Santiago Meardi y Micaela Meinero, y el actual edil Nahuel Pasquinelli, entre otros. Tambi\u00e9n se sum\u00f3 a la recorrida la exministra de Producci\u00f3n de la gesti\u00f3n de Miguel Lifschitz, Alicia Ciciliani.&nbsp;<\/p>\n\n\n\n<p>Garc\u00eda advirti\u00f3 que la categor\u00eda de diputados provinciales \u201ces muy importante porque vamos a ser los escuderos del pr\u00f3ximo gobierno de Maximiliano Pullaro, para que cuente con las leyes necesarias para transformar Santa Fe\u201d.<\/p>\n\n\n\n<p>\u201cLos 28 integrantes de la lista estamos trabajando desde el d\u00eda despu\u00e9s de las internas para ganar el 10 de septiembre. Ganar aunque sea por un voto significa obtener esa mayor\u00eda\u201d, record\u00f3 la candidata y dej\u00f3 que claro que \u201cseg\u00fan quien se imponga, significar\u00e1 facilitar la futura gesti\u00f3n o complicarla y ponerle palos en la rueda\u201d.&nbsp;<\/p>\n\n\n\n<p>\u201cMerecemos estar mucho mejor por la enorme cantidad de gente honesta que pone lo mejor de s\u00ed y tenemos un pa\u00eds que la complica enormemente\u201d, analiz\u00f3 Garc\u00eda, para luego destacar el potencial de la regi\u00f3n: \u201cEsta zona tiene algunas caracter\u00edsticas especiales porque hay producci\u00f3n de ganado ovino premiado internacionalmente, de semillas cuya gen\u00e9tica tiene un valor diferencial para nuestra econom\u00eda, lo que se suma a la maquinaria agr\u00edcola, la metalmec\u00e1nica, los servicios, el comercio. Es una zona riqu\u00edsima, que aporta mucho m\u00e1s de lo que recibe y por eso venimos a decir presente todos los a\u00f1os\u201d.<\/p>\n\n\n\n<p>\u201cSabemos que en nuestro pa\u00eds hay un federalismo invertido: la mayor riqueza surge del interior, va a Buenos Aires y vuelve a cuentagotas. Eso representa las rutas que no tenemos, las viviendas, las grandes obras de infraestructura que faltan. Desde la pr\u00f3xima gesti\u00f3n de gobierno vamos a sostener los reclamos por lo que le corresponde a Santa Fe y no a ceder en todas las \u00e1reas, como sucedi\u00f3 en estos \u00faltimos a\u00f1os\u201d, finaliz\u00f3.<\/p>\n","protected":false},"excerpt":{"rendered":"<p>La primera candidata a diputada provincial de Unidos para cambiar Santa Fe recorri\u00f3 la muestra junto a los postulantes locales para las elecciones del 10 de septiembre. \u00abLa gente valora que hayamos dejado de discutir entre nosotros y busquemos un camino com\u00fan para aportar soluciones a sus problemas\u201d, dijo. La primera candidata a diputada provincial <a href=\"https:\/\/armstrongyregion.com.ar\/diario\/clara-garcia-junto-a-enrico-y-chiarella-en-expovenado-la-fortaleza-de-unidos-esta-en-que-dejamos-de-lado-las-diferencias-para-darle-soluciones-a-la-gente\/\" title=\"Read more\" >&#8230;<\/a><\/p>\n","protected":false},"author":1,"featured_media":39832,"comment_status":"open","ping_status":"open","sticky":false,"template":"","format":"image","meta":{"_jetpack_memberships_contains_paid_content":false,"footnotes":"","jetpack_publicize_message":"","jetpack_publicize_feature_enabled":true,"jetpack_social_post_already_shared":true,"jetpack_social_options":{"image_generator_settings":{"template":"highway","default_image_id":0,"enabled":false},"version":2}},"categories":[8,1,2,7,3],"tags":[33,9196,15,9726,290],"class_list":["post-39831","post","type-post","status-publish","format-image","has-post-thumbnail","hentry","category-deliberando","category-diario-armstrong","category-locales","category-politica","category-region","tag-a","tag-clara-garcia","tag-en","tag-expovenado","tag-junto","post_format-post-format-image"],"jetpack_publicize_connections":[],"jetpack_featured_media_url":"https:\/\/armstrongyregion.com.ar\/diario\/wp-content\/uploads\/2023\/08\/clarita-20-8-23-.jpg","jetpack_shortlink":"https:\/\/wp.me\/p62QDO-amr","jetpack_sharing_enabled":true,"amp_enabled":true,"_links":{"self":[{"href":"https:\/\/armstrongyregion.com.ar\/diario\/wp-json\/wp\/v2\/posts\/39831","targetHints":{"allow":["GET"]}}],"collection":[{"href":"https:\/\/armstrongyregion.com.ar\/diario\/wp-json\/wp\/v2\/posts"}],"about":[{"href":"https:\/\/armstrongyregion.com.ar\/diario\/wp-json\/wp\/v2\/types\/post"}],"author":[{"embeddable":true,"href":"https:\/\/armstrongyregion.com.ar\/diario\/wp-json\/wp\/v2\/users\/1"}],"replies":[{"embeddable":true,"href":"https:\/\/armstrongyregion.com.ar\/diario\/wp-json\/wp\/v2\/comments?post=39831"}],"version-history":[{"count":1,"href":"https:\/\/armstrongyregion.com.ar\/diario\/wp-json\/wp\/v2\/posts\/39831\/revisions"}],"predecessor-version":[{"id":39833,"href":"https:\/\/armstrongyregion.com.ar\/diario\/wp-json\/wp\/v2\/posts\/39831\/revisions\/39833"}],"wp:featuredmedia":[{"embeddable":true,"href":"https:\/\/armstrongyregion.com.ar\/diario\/wp-json\/wp\/v2\/media\/39832"}],"wp:attachment":[{"href":"https:\/\/armstrongyregion.com.ar\/diario\/wp-json\/wp\/v2\/media?parent=39831"}],"wp:term":[{"taxonomy":"category","embeddable":true,"href":"https:\/\/armstrongyregion.com.ar\/diario\/wp-json\/wp\/v2\/categories?post=39831"},{"taxonomy":"post_tag","embeddable":true,"href":"https:\/\/armstrongyregion.com.ar\/diario\/wp-json\/wp\/v2\/tags?post=39831"}],"curies":[{"name":"wp","href":"https:\/\/api.w.org\/{rel}","templated":true}]}}