{"id":39814,"date":"2023-08-19T14:10:23","date_gmt":"2023-08-19T14:10:23","guid":{"rendered":"https:\/\/armstrongyregion.com.ar\/diario\/?p=39814"},"modified":"2023-08-19T14:10:26","modified_gmt":"2023-08-19T14:10:26","slug":"clerici-y-casalegno-anunciaron-el-comienzo-de-la-inscripcion-a-las-24-viviendas","status":"publish","type":"post","link":"https:\/\/armstrongyregion.com.ar\/diario\/clerici-y-casalegno-anunciaron-el-comienzo-de-la-inscripcion-a-las-24-viviendas\/","title":{"rendered":"Cl\u00e9rici y Casalegno anunciaron el comienzo de la inscripci\u00f3n a las 24 viviendas."},"content":{"rendered":"\n<figure class=\"wp-block-image size-full\"><a href=\"http:\/\/armstrongyregion.com.ar\/diario\/wp-content\/uploads\/2023\/08\/clerici-casalegno.jpg\"><img loading=\"lazy\" decoding=\"async\" width=\"512\" height=\"384\" src=\"http:\/\/armstrongyregion.com.ar\/diario\/wp-content\/uploads\/2023\/08\/clerici-casalegno.jpg\" alt=\"\" class=\"wp-image-39815\" srcset=\"https:\/\/armstrongyregion.com.ar\/diario\/wp-content\/uploads\/2023\/08\/clerici-casalegno.jpg 512w, https:\/\/armstrongyregion.com.ar\/diario\/wp-content\/uploads\/2023\/08\/clerici-casalegno-300x225.jpg 300w\" sizes=\"auto, (max-width: 512px) 100vw, 512px\" \/><\/a><\/figure>\n\n\n\n<p>La intendenta Stella Cl\u00e9rici y el presidente del Concejo, Marcelo Casalegno, anunciaron el comienzo de la inscripci\u00f3n y actualizaci\u00f3n de datos para acceder a las 24 viviendas construidas en terrenos ubicados entre las calles&nbsp;Bol\u00edvar, Quiroga, Pringles y Cochabamba.<\/p>\n\n\n\n<p>Los interesados pueden concurrir desde el martes 22 de agosto al lunes 04 de septiembre inclusive, de 7 a 13 hs al Centro Integrador Comunitario, en Col\u00f3n y Avellaneda. La documentaci\u00f3n a presentar es la siguiente: DNI del grupo familiar conviviente, \u00faltimo recibo de haberes o declaraci\u00f3n jurada de ingresos, acta de matrimonio o declaraci\u00f3n jurada de concubinato, planilla prontuarial del titular y cotitular, Certificado \u00danico de Discapacidad (de existir discapacidad en alg\u00fan integrante del grupo familiar) y contrato de alquiler (en caso de alquilar).<\/p>\n\n\n\n<p>\u201cA pesar de la oposici\u00f3n de Chale y Travaglino aprobamos la ordenanza que permite iniciar la inscripci\u00f3n a las 24 viviendas y beneficiar a familias que necesitan cumplir el sue\u00f1o de la casa propia\u201d, expres\u00f3 Casalegno. Por su parte, Cl\u00e9rici remarc\u00f3 que \u201cal igual que ocurri\u00f3 con las 24 viviendas anteriores, a los adjudicatarios se le da la opci\u00f3n de esperar a la terminaci\u00f3n o avanzar en ocupar la casa termin\u00e1ndola\u201d, explicando que actualmente est\u00e1n en un 70% de avance de obra.&nbsp;<\/p>\n","protected":false},"excerpt":{"rendered":"<p>La intendenta Stella Cl\u00e9rici y el presidente del Concejo, Marcelo Casalegno, anunciaron el comienzo de la inscripci\u00f3n y actualizaci\u00f3n de datos para acceder a las 24 viviendas construidas en terrenos ubicados entre las calles&nbsp;Bol\u00edvar, Quiroga, Pringles y Cochabamba. Los interesados pueden concurrir desde el martes 22 de agosto al lunes 04 de septiembre inclusive, de <a href=\"https:\/\/armstrongyregion.com.ar\/diario\/clerici-y-casalegno-anunciaron-el-comienzo-de-la-inscripcion-a-las-24-viviendas\/\" title=\"Read more\" >&#8230;<\/a><\/p>\n","protected":false},"author":1,"featured_media":39815,"comment_status":"open","ping_status":"open","sticky":false,"template":"","format":"image","meta":{"_jetpack_memberships_contains_paid_content":false,"footnotes":"","jetpack_publicize_message":"","jetpack_publicize_feature_enabled":true,"jetpack_social_post_already_shared":true,"jetpack_social_options":{"image_generator_settings":{"template":"highway","default_image_id":0,"enabled":false},"version":2}},"categories":[8,1,2,7,3],"tags":[9723,588,83,2728,9675,82,13],"class_list":["post-39814","post","type-post","status-publish","format-image","has-post-thumbnail","hentry","category-deliberando","category-diario-armstrong","category-locales","category-politica","category-region","tag-anunciaron","tag-casalegno","tag-clerici","tag-comienzo","tag-inscripcion-2","tag-viviendas","tag-y","post_format-post-format-image"],"jetpack_publicize_connections":[],"jetpack_featured_media_url":"https:\/\/armstrongyregion.com.ar\/diario\/wp-content\/uploads\/2023\/08\/clerici-casalegno.jpg","jetpack_shortlink":"https:\/\/wp.me\/p62QDO-ama","jetpack_sharing_enabled":true,"amp_enabled":true,"_links":{"self":[{"href":"https:\/\/armstrongyregion.com.ar\/diario\/wp-json\/wp\/v2\/posts\/39814","targetHints":{"allow":["GET"]}}],"collection":[{"href":"https:\/\/armstrongyregion.com.ar\/diario\/wp-json\/wp\/v2\/posts"}],"about":[{"href":"https:\/\/armstrongyregion.com.ar\/diario\/wp-json\/wp\/v2\/types\/post"}],"author":[{"embeddable":true,"href":"https:\/\/armstrongyregion.com.ar\/diario\/wp-json\/wp\/v2\/users\/1"}],"replies":[{"embeddable":true,"href":"https:\/\/armstrongyregion.com.ar\/diario\/wp-json\/wp\/v2\/comments?post=39814"}],"version-history":[{"count":1,"href":"https:\/\/armstrongyregion.com.ar\/diario\/wp-json\/wp\/v2\/posts\/39814\/revisions"}],"predecessor-version":[{"id":39816,"href":"https:\/\/armstrongyregion.com.ar\/diario\/wp-json\/wp\/v2\/posts\/39814\/revisions\/39816"}],"wp:featuredmedia":[{"embeddable":true,"href":"https:\/\/armstrongyregion.com.ar\/diario\/wp-json\/wp\/v2\/media\/39815"}],"wp:attachment":[{"href":"https:\/\/armstrongyregion.com.ar\/diario\/wp-json\/wp\/v2\/media?parent=39814"}],"wp:term":[{"taxonomy":"category","embeddable":true,"href":"https:\/\/armstrongyregion.com.ar\/diario\/wp-json\/wp\/v2\/categories?post=39814"},{"taxonomy":"post_tag","embeddable":true,"href":"https:\/\/armstrongyregion.com.ar\/diario\/wp-json\/wp\/v2\/tags?post=39814"}],"curies":[{"name":"wp","href":"https:\/\/api.w.org\/{rel}","templated":true}]}}