{"id":39811,"date":"2023-08-19T14:02:36","date_gmt":"2023-08-19T14:02:36","guid":{"rendered":"https:\/\/armstrongyregion.com.ar\/diario\/?p=39811"},"modified":"2023-08-19T14:02:40","modified_gmt":"2023-08-19T14:02:40","slug":"el-senador-cornaglia-acompana-la-realizacion-del-festival-cultura-para-todos-y-todas-en-las-parejas","status":"publish","type":"post","link":"https:\/\/armstrongyregion.com.ar\/diario\/el-senador-cornaglia-acompana-la-realizacion-del-festival-cultura-para-todos-y-todas-en-las-parejas\/","title":{"rendered":"El senador Cornaglia acompa\u00f1a la realizaci\u00f3n del festival Cultura para todos y todas en Las Parejas."},"content":{"rendered":"\n<figure class=\"wp-block-image size-full\"><a href=\"http:\/\/armstrongyregion.com.ar\/diario\/wp-content\/uploads\/2023\/08\/GC-2023-08-18-Cornaglia-Cultura-para-todos-1.jpg\"><img loading=\"lazy\" decoding=\"async\" width=\"480\" height=\"270\" src=\"http:\/\/armstrongyregion.com.ar\/diario\/wp-content\/uploads\/2023\/08\/GC-2023-08-18-Cornaglia-Cultura-para-todos-1.jpg\" alt=\"\" class=\"wp-image-39812\" srcset=\"https:\/\/armstrongyregion.com.ar\/diario\/wp-content\/uploads\/2023\/08\/GC-2023-08-18-Cornaglia-Cultura-para-todos-1.jpg 480w, https:\/\/armstrongyregion.com.ar\/diario\/wp-content\/uploads\/2023\/08\/GC-2023-08-18-Cornaglia-Cultura-para-todos-1-300x169.jpg 300w\" sizes=\"auto, (max-width: 480px) 100vw, 480px\" \/><\/a><\/figure>\n\n\n\n<h2 class=\"wp-block-heading\"><strong>Cornaglia invit\u00f3 a todo el departamento Belgrano y la regi\u00f3n a disfrutar de esta \u201cjornada maravillosa de s\u00e1bado y domingo con nuestros ni\u00f1os y ni\u00f1as, con cada una de las personas que integran lo m\u00e1s preciado que tiene nuestro pa\u00eds, que son las familias\u201d.<\/strong><\/h2>\n\n\n\n<p>El senador provincial Guillermo Cornaglia gestion\u00f3 la presentaci\u00f3n de Los Palmae para el cierre de la d\u00e9cima segunda edici\u00f3n del festival \u201cCultura para todos y todas\u201d que se realizar\u00e1 el s\u00e1bado 19 y domingo 20 de agosto en el Parque Municipal de Las Parejas. Cornaglia llam\u00f3 a \u201cunir a nuestras familias en estos dos d\u00edas maravillosos que Las Parejas estar\u00e1 brindando para toda la regi\u00f3n\u201d.<\/p>\n\n\n\n<p>El senador Guillermo Cornaglia confirm\u00f3 que Los Palmae, grupo musical perteneciente a Los Palmeras Producciones, cerrar\u00e1 el festival \u201cCultura para todos y todas\u201d. Lo hizo en conferencia de prensa junto al ministro de Cultura de Santa Fe, Jorge Llonch; el intendente de Las Parejas, Horacio Compagnucci; el secretario de Cultura, Educaci\u00f3n, Deportes, y Juventudes, Alejo Borini Sanabria; y la presidenta del Concejo Municipal, Cintia Marconato.<\/p>\n\n\n\n<p>Con el fin de seguir acompa\u00f1ando y apostando a la cultura, Guillermo Cornaglia sum\u00f3 un nuevo granito de arena a las ya tradicionales festividades y gestion\u00f3 ante el Gobierno de Santa Fe el arribo del programa \u201cSanta Fe en tu coraz\u00f3n\u201d a Las Parejas. Cornaglia invit\u00f3 a todo el departamento Belgrano y la regi\u00f3n a disfrutar de esta \u201cjornada maravillosa de s\u00e1bado y domingo con nuestros ni\u00f1os y ni\u00f1as, con cada una de las personas que integran lo m\u00e1s preciado que tiene nuestro pa\u00eds, que son las familias\u201d.<\/p>\n\n\n\n<p>\u201cCultura para todos y todas\u201d es organizado por la Municipalidad de Las Parejas a trav\u00e9s de la Secretar\u00eda de Cultura, Educaci\u00f3n, Deportes y Juventudes, cuenta con el acompa\u00f1amiento del senador provincial por el departamento Belgrano, Guillermo Cornaglia, y el auspicio del Ministerio de Cultura de la provincia de Santa Fe. Durante ambas jornadas habr\u00e1 juegos y espect\u00e1culos infantiles celebrando el D\u00eda de las Infancias y un sector gastron\u00f3mico a cargo de las promociones 2023 de la EEMPA y de la EESO 424.<\/p>\n\n\n\n<figure class=\"wp-block-image\"><img decoding=\"async\" src=\"https:\/\/mail.google.com\/mail\/u\/0?ui=2&amp;ik=b40ff843d4&amp;attid=0.1&amp;permmsgid=msg-f:1774567169787110032&amp;th=18a08770593b2290&amp;view=fimg&amp;fur=ip&amp;sz=s0-l75-ft&amp;attbid=ANGjdJ9nL1lTRgC88YbNqmekf4g33t_h-8EIqsXTLeJNn3ceCfQSzJlAh8v1iMe1QmCKzD1qVM-15mqsfuVkEWCM_5xIJt16CXDJRvA5V--2MspL9Lq0Okv1OTwMT4g&amp;disp=emb&amp;realattid=0df52993-a617-44ef-8af6-be3e561ea5bc\" alt=\"GC - 2023-08-18 - Cornaglia Cultura para todos 2.jpg\"\/><\/figure>\n\n\n\n<p><strong>Cronograma de actividades<\/strong><\/p>\n\n\n\n<p>Las actividades comenzar\u00e1n el s\u00e1bado a partir de las 14:30 horas en el Parque Municipal y contar\u00e1n con una gran Feria de Artesanos. A las 15 horas se realizar\u00e1 el taller de \u201cMandalas kids\u201d con \u201cEspacio Fuerza\u201d y a las 16:30 el taller de \u201cAtrapasue\u00f1os\u201d con Casa de la Cultura; la m\u00fasica estar\u00e1 representada por: Ensamble de Vientos (Armstrong), Ensamble de M\u00fasica Popular y de Pop Rock de la Casa de la Cultura de Las Parejas, y el programa provincial \u201cSanta Fe en tu Coraz\u00f3n\u201d.<\/p>\n\n\n\n<p>Tambi\u00e9n habr\u00e1 otras actividades musicales y de expresi\u00f3n que incluyen: Inside Out, Agitando Pa\u00f1uelos, Grupo de Baile Los Menchos, I.D.A.E. CKAF Ritmos, Centro de Jubilados, A Punto De Estallar, Zumba con Ivi, Huayna Suty y Morphosis. El cierre de esta primera jornada estar\u00e1 a cargo de Lo&#8217; Pariente.<\/p>\n\n\n\n<p>El domingo 20 a las 15 horas se repetir\u00e1 el taller de \u201cMandalas kids\u201d y a las 16:30 el de \u201cAtrapasue\u00f1os\u201d. Por el D\u00eda de las Infancias se incluir\u00e1n distintas actividades orientadas a esa celebraci\u00f3n con instituciones de Las Parejas y sus actividades art\u00edsticas y deportivas. Adem\u00e1s, participar\u00e1 la Biblioteca Popular Jos\u00e9 Hern\u00e1ndez, tambi\u00e9n tendr\u00e1 su stand Bomberos Voluntarios, el Centro Industrial y la Uni\u00f3n Obrera Metal\u00fargica mostrando el trabajo realizado durante el a\u00f1o en el Taller de Rob\u00f3tica infantil que cuenta con casi 300 ni\u00f1os y ni\u00f1as inscriptos.<\/p>\n\n\n\n<p>El cierre del domingo estar\u00e1 a cargo de Los Palmae gracias a la gesti\u00f3n del senador Guillermo Cornaglia y el programa provincial \u201cSanta Fe en tu coraz\u00f3n\u201d.<br><\/p>\n","protected":false},"excerpt":{"rendered":"<p>Cornaglia invit\u00f3 a todo el departamento Belgrano y la regi\u00f3n a disfrutar de esta \u201cjornada maravillosa de s\u00e1bado y domingo con nuestros ni\u00f1os y ni\u00f1as, con cada una de las personas que integran lo m\u00e1s preciado que tiene nuestro pa\u00eds, que son las familias\u201d. El senador provincial Guillermo Cornaglia gestion\u00f3 la presentaci\u00f3n de Los Palmae <a href=\"https:\/\/armstrongyregion.com.ar\/diario\/el-senador-cornaglia-acompana-la-realizacion-del-festival-cultura-para-todos-y-todas-en-las-parejas\/\" title=\"Read more\" >&#8230;<\/a><\/p>\n","protected":false},"author":1,"featured_media":39812,"comment_status":"open","ping_status":"open","sticky":false,"template":"","format":"image","meta":{"_jetpack_memberships_contains_paid_content":false,"footnotes":"","jetpack_publicize_message":"","jetpack_publicize_feature_enabled":true,"jetpack_social_post_already_shared":true,"jetpack_social_options":{"image_generator_settings":{"template":"highway","default_image_id":0,"enabled":false},"version":2}},"categories":[8,1,2,7,3],"tags":[644,1324,47,318,23,24],"class_list":["post-39811","post","type-post","status-publish","format-image","has-post-thumbnail","hentry","category-deliberando","category-diario-armstrong","category-locales","category-politica","category-region","tag-acompana","tag-cornaglia","tag-cultura","tag-festival","tag-las","tag-parejas","post_format-post-format-image"],"jetpack_publicize_connections":[],"jetpack_featured_media_url":"https:\/\/armstrongyregion.com.ar\/diario\/wp-content\/uploads\/2023\/08\/GC-2023-08-18-Cornaglia-Cultura-para-todos-1.jpg","jetpack_shortlink":"https:\/\/wp.me\/p62QDO-am7","jetpack_sharing_enabled":true,"amp_enabled":true,"_links":{"self":[{"href":"https:\/\/armstrongyregion.com.ar\/diario\/wp-json\/wp\/v2\/posts\/39811","targetHints":{"allow":["GET"]}}],"collection":[{"href":"https:\/\/armstrongyregion.com.ar\/diario\/wp-json\/wp\/v2\/posts"}],"about":[{"href":"https:\/\/armstrongyregion.com.ar\/diario\/wp-json\/wp\/v2\/types\/post"}],"author":[{"embeddable":true,"href":"https:\/\/armstrongyregion.com.ar\/diario\/wp-json\/wp\/v2\/users\/1"}],"replies":[{"embeddable":true,"href":"https:\/\/armstrongyregion.com.ar\/diario\/wp-json\/wp\/v2\/comments?post=39811"}],"version-history":[{"count":1,"href":"https:\/\/armstrongyregion.com.ar\/diario\/wp-json\/wp\/v2\/posts\/39811\/revisions"}],"predecessor-version":[{"id":39813,"href":"https:\/\/armstrongyregion.com.ar\/diario\/wp-json\/wp\/v2\/posts\/39811\/revisions\/39813"}],"wp:featuredmedia":[{"embeddable":true,"href":"https:\/\/armstrongyregion.com.ar\/diario\/wp-json\/wp\/v2\/media\/39812"}],"wp:attachment":[{"href":"https:\/\/armstrongyregion.com.ar\/diario\/wp-json\/wp\/v2\/media?parent=39811"}],"wp:term":[{"taxonomy":"category","embeddable":true,"href":"https:\/\/armstrongyregion.com.ar\/diario\/wp-json\/wp\/v2\/categories?post=39811"},{"taxonomy":"post_tag","embeddable":true,"href":"https:\/\/armstrongyregion.com.ar\/diario\/wp-json\/wp\/v2\/tags?post=39811"}],"curies":[{"name":"wp","href":"https:\/\/api.w.org\/{rel}","templated":true}]}}