{"id":39807,"date":"2023-08-17T22:32:07","date_gmt":"2023-08-17T22:32:07","guid":{"rendered":"https:\/\/armstrongyregion.com.ar\/diario\/?p=39807"},"modified":"2023-08-17T22:32:09","modified_gmt":"2023-08-17T22:32:09","slug":"armstrong-celebra-el-dia-de-las-infancias","status":"publish","type":"post","link":"https:\/\/armstrongyregion.com.ar\/diario\/armstrong-celebra-el-dia-de-las-infancias\/","title":{"rendered":"Armstrong celebra el D\u00eda de las Infancias."},"content":{"rendered":"\n<figure class=\"wp-block-image size-full\"><a href=\"http:\/\/armstrongyregion.com.ar\/diario\/wp-content\/uploads\/2023\/08\/dia_de_las_infancias.jpg\"><img loading=\"lazy\" decoding=\"async\" width=\"390\" height=\"390\" src=\"http:\/\/armstrongyregion.com.ar\/diario\/wp-content\/uploads\/2023\/08\/dia_de_las_infancias.jpg\" alt=\"\" class=\"wp-image-39808\" srcset=\"https:\/\/armstrongyregion.com.ar\/diario\/wp-content\/uploads\/2023\/08\/dia_de_las_infancias.jpg 390w, https:\/\/armstrongyregion.com.ar\/diario\/wp-content\/uploads\/2023\/08\/dia_de_las_infancias-300x300.jpg 300w, https:\/\/armstrongyregion.com.ar\/diario\/wp-content\/uploads\/2023\/08\/dia_de_las_infancias-150x150.jpg 150w\" sizes=\"auto, (max-width: 390px) 100vw, 390px\" \/><\/a><\/figure>\n\n\n\n<p><strong>La Municipalidad de Armstrong invita a todas las familias, especialmente a los m\u00e1s peque\u00f1os a festejar el d\u00eda de las Infancias que se realizar\u00e1 el lunes 21 de agosto, desde las 14:30 hs. en el parque Bracito Fuerte.<\/strong><\/p>\n\n\n\n<p>Se contar\u00e1 con la participaci\u00f3n de los clubes Barraca, Defensores y Norte, para hacer m\u00e1s grande a\u00fan este festejo. De parte de ellos surge la inquietud de realizarlo de manera conjunta para unificar en un solo lugar a todos los ni\u00f1os de la ciudad y puedan disfrutar de su d\u00eda.<\/p>\n\n\n\n<p>Habr\u00e1 estaciones de juegos, pista de carreras, espacios de pl\u00e1stica, show en vivo con los superh\u00e9roes favoritos, la calesita \u201cEl Profe\u201d y mucha m\u00fasica.<\/p>\n\n\n\n<p>Los clubes aportar\u00e1n diversas actividades y juegos a trav\u00e9s de sus equipos de profesores, expertos en el trabajo con los ni\u00f1os, con propuestas deportivas pero de una manera m\u00e1s recreativa. El encuentro con diferentes disciplinas puede generar tambi\u00e9n el inter\u00e9s de los ni\u00f1os para sumarse de manera habitual.<\/p>\n\n\n\n<p>Participar\u00e1n los emprendedores de la Feria Sabores y Colores Locales, y habr\u00e1 servicio de buffet.<\/p>\n","protected":false},"excerpt":{"rendered":"<p>La Municipalidad de Armstrong invita a todas las familias, especialmente a los m\u00e1s peque\u00f1os a festejar el d\u00eda de las Infancias que se realizar\u00e1 el lunes 21 de agosto, desde las 14:30 hs. en el parque Bracito Fuerte. Se contar\u00e1 con la participaci\u00f3n de los clubes Barraca, Defensores y Norte, para hacer m\u00e1s grande a\u00fan <a href=\"https:\/\/armstrongyregion.com.ar\/diario\/armstrong-celebra-el-dia-de-las-infancias\/\" title=\"Read more\" >&#8230;<\/a><\/p>\n","protected":false},"author":1,"featured_media":39808,"comment_status":"open","ping_status":"open","sticky":false,"template":"","format":"image","meta":{"_jetpack_memberships_contains_paid_content":false,"footnotes":"","jetpack_publicize_message":"","jetpack_publicize_feature_enabled":true,"jetpack_social_post_already_shared":true,"jetpack_social_options":{"image_generator_settings":{"template":"highway","default_image_id":0,"enabled":false},"version":2}},"categories":[6,8,1,2,7],"tags":[20,19,8609,15,9644,23],"class_list":["post-39807","post","type-post","status-publish","format-image","has-post-thumbnail","hentry","category-cultura-entretenimiento","category-deliberando","category-diario-armstrong","category-locales","category-politica","tag-armstrong","tag-de","tag-dia-2","tag-en","tag-infancias","tag-las","post_format-post-format-image"],"jetpack_publicize_connections":[],"jetpack_featured_media_url":"https:\/\/armstrongyregion.com.ar\/diario\/wp-content\/uploads\/2023\/08\/dia_de_las_infancias.jpg","jetpack_shortlink":"https:\/\/wp.me\/p62QDO-am3","jetpack_sharing_enabled":true,"amp_enabled":true,"_links":{"self":[{"href":"https:\/\/armstrongyregion.com.ar\/diario\/wp-json\/wp\/v2\/posts\/39807","targetHints":{"allow":["GET"]}}],"collection":[{"href":"https:\/\/armstrongyregion.com.ar\/diario\/wp-json\/wp\/v2\/posts"}],"about":[{"href":"https:\/\/armstrongyregion.com.ar\/diario\/wp-json\/wp\/v2\/types\/post"}],"author":[{"embeddable":true,"href":"https:\/\/armstrongyregion.com.ar\/diario\/wp-json\/wp\/v2\/users\/1"}],"replies":[{"embeddable":true,"href":"https:\/\/armstrongyregion.com.ar\/diario\/wp-json\/wp\/v2\/comments?post=39807"}],"version-history":[{"count":1,"href":"https:\/\/armstrongyregion.com.ar\/diario\/wp-json\/wp\/v2\/posts\/39807\/revisions"}],"predecessor-version":[{"id":39809,"href":"https:\/\/armstrongyregion.com.ar\/diario\/wp-json\/wp\/v2\/posts\/39807\/revisions\/39809"}],"wp:featuredmedia":[{"embeddable":true,"href":"https:\/\/armstrongyregion.com.ar\/diario\/wp-json\/wp\/v2\/media\/39808"}],"wp:attachment":[{"href":"https:\/\/armstrongyregion.com.ar\/diario\/wp-json\/wp\/v2\/media?parent=39807"}],"wp:term":[{"taxonomy":"category","embeddable":true,"href":"https:\/\/armstrongyregion.com.ar\/diario\/wp-json\/wp\/v2\/categories?post=39807"},{"taxonomy":"post_tag","embeddable":true,"href":"https:\/\/armstrongyregion.com.ar\/diario\/wp-json\/wp\/v2\/tags?post=39807"}],"curies":[{"name":"wp","href":"https:\/\/api.w.org\/{rel}","templated":true}]}}