{"id":39793,"date":"2023-08-17T01:06:04","date_gmt":"2023-08-17T01:06:04","guid":{"rendered":"https:\/\/armstrongyregion.com.ar\/diario\/?p=39793"},"modified":"2023-08-17T01:06:07","modified_gmt":"2023-08-17T01:06:07","slug":"somos-el-equipo-que-va-a-defender-la-esperanza-y-el-futuro-de-santa-fe","status":"publish","type":"post","link":"https:\/\/armstrongyregion.com.ar\/diario\/somos-el-equipo-que-va-a-defender-la-esperanza-y-el-futuro-de-santa-fe\/","title":{"rendered":"\u201cSomos el equipo que va a defender la esperanza y el futuro de Santa Fe\u201d"},"content":{"rendered":"\n<figure class=\"wp-block-image size-full\"><a href=\"http:\/\/armstrongyregion.com.ar\/diario\/wp-content\/uploads\/2023\/08\/CLARITA-16-8-23.jpg\"><img loading=\"lazy\" decoding=\"async\" width=\"320\" height=\"213\" src=\"http:\/\/armstrongyregion.com.ar\/diario\/wp-content\/uploads\/2023\/08\/CLARITA-16-8-23.jpg\" alt=\"\" class=\"wp-image-39794\" srcset=\"https:\/\/armstrongyregion.com.ar\/diario\/wp-content\/uploads\/2023\/08\/CLARITA-16-8-23.jpg 320w, https:\/\/armstrongyregion.com.ar\/diario\/wp-content\/uploads\/2023\/08\/CLARITA-16-8-23-300x200.jpg 300w\" sizes=\"auto, (max-width: 320px) 100vw, 320px\" \/><\/a><\/figure>\n\n\n\n<h2 class=\"wp-block-heading\"><em>La candidata a primera diputada provincial recorri\u00f3 el departamento San Lorenzo junto a Silvana Di Stefano, que la acompa\u00f1a en la lista, e Iv\u00e1n Ludue\u00f1a, postulante a senador departamental. \u201cNuestra fortaleza est\u00e1 en que siempre dimos la cara, nunca dejamos de recorrer el territorio y la gente lo sabe porque nos ve\u201d, dijo.<\/em><\/h2>\n\n\n\n<p>La candidata a primera diputada provincial por Unidos para cambiar Santa Fe, Clara Garc\u00eda, recorri\u00f3 localidades del departamento San Lorenzo junto a Silvana Di Stefano, quien tambi\u00e9n integra la lista, e Iv\u00e1n Ludue\u00f1a, candidato a senador departamental, donde recibi\u00f3 el apoyo de los candidatos locales de ese sector con miras a las elecciones del pr\u00f3ximo 10 de septiembre.<\/p>\n\n\n\n<p>\u201cLa ciudadan\u00eda santafesina le dio la espalda a las discusiones entre pol\u00edticos que no son capaces de ponerse acuerdo para ir hacia adelante\u201d, evalu\u00f3 en primer t\u00e9rmino y, en relaci\u00f3n a ello, puso en valor la conformaci\u00f3n de Unidos para cambiar Santa Fe: \u201cRepresenta la construcci\u00f3n de una identidad nueva, la decisi\u00f3n de distintos espacios pol\u00edticos de trabajar juntos hacia adelante, de integrar una mesa donde nos encontremos para definir las soluciones y respuestas que la gente espera para vivir mejor. Somos el equipo que va a defender la esperanza y el futuro de la provincia\u201d.<\/p>\n\n\n\n<p>Garc\u00eda se traz\u00f3 ese mismo objetivo en la C\u00e1mara de Diputadas y Diputados: \u201cVamos a restablecer el di\u00e1logo pol\u00edtico que se perdi\u00f3 en estos cuatro a\u00f1os de gobierno de (Omar) Perotti, que no solo implic\u00f3 retroceder en materia de seguridad, educaci\u00f3n, salud p\u00fablica, empleo y producci\u00f3n; sino que da\u00f1\u00f3 severamente la convivencia institucional\u201d.<\/p>\n\n\n\n<p>Para ello, dej\u00f3 en claro la importancia de ganar las elecciones del 10 de septiembre: \u201cQueremos lograr la mayor\u00eda y asegurarle a la futura gesti\u00f3n de Maximiliano Pullaro todas las leyes necesarias para que su gobierno pueda mejorar la calidad de vida de todos los santafesinos y santafesinas\u201d.<\/p>\n\n\n\n<p>Garc\u00eda visit\u00f3 por la ma\u00f1ana la ciudad de Carcara\u00f1\u00e1, donde fue recibida por el candidato a intendente Alejandro Merindol, y los exintendentes Ram\u00f3n Soques y Ver\u00f3nica Schuager, para luego llegar hasta San Jer\u00f3nimo Sud, donde visit\u00f3 el nuevo Centro de Salud junto con el presidente comunal y candidato a la reelecci\u00f3n, Horacio Ciancio. Ya en Rold\u00e1n fue recibida por el intendente Daniel Escalante y los integrantes de la lista de Unidos para el concejo de esa localidad. Por la tarde, visit\u00f3 Capit\u00e1n Berm\u00fadez junto al candidato a intendente Emanuel Lastra, y Fray Luis Beltr\u00e1n, con el candidato de Unidos para el concejo, Carlos Winkler. En tanto, en la ciudad de San Lorenzo fue recibida por el intendente Leonardo Raimundo, para finalizar la recorrida en Timb\u00faes junto al presidente comunal Antonio Fiorenza.<\/p>\n\n\n\n<p>Junto a Di Stefano y Ludue\u00f1a, Garc\u00eda insisti\u00f3 en \u201cla necesidad de dejar atr\u00e1s una concepci\u00f3n de la pol\u00edtica cerrada y opaca, e ir hacia otra que se caracterice por un di\u00e1logo abierto y transparente, que construya con los vecinos y resuelva la urgencia pero tambi\u00e9n piense en el largo plazo\u00bb .<\/p>\n\n\n\n<p>\u201cNuestra fortaleza \u2013asegur\u00f3- est\u00e1 en que siempre dimos la cara, nunca dejamos de trabajar, formamos equipos, recorremos el territorio en forma permanente y la gente lo sabe porque nos ve\u201d.&nbsp;<\/p>\n\n\n\n<p>La actual diputada provincial puso de relieve que la suma de votos de Unidos en la categor\u00eda de senador provincial \u201cya le gan\u00f3 al principal espacio opositor\u201d, destacando las chances de Ludue\u00f1a para convertirse en el pr\u00f3ximo representante del departamento San Lorenzo.<\/p>\n","protected":false},"excerpt":{"rendered":"<p>La candidata a primera diputada provincial recorri\u00f3 el departamento San Lorenzo junto a Silvana Di Stefano, que la acompa\u00f1a en la lista, e Iv\u00e1n Ludue\u00f1a, postulante a senador departamental. \u201cNuestra fortaleza est\u00e1 en que siempre dimos la cara, nunca dejamos de recorrer el territorio y la gente lo sabe porque nos ve\u201d, dijo. La candidata <a href=\"https:\/\/armstrongyregion.com.ar\/diario\/somos-el-equipo-que-va-a-defender-la-esperanza-y-el-futuro-de-santa-fe\/\" title=\"Read more\" >&#8230;<\/a><\/p>\n","protected":false},"author":1,"featured_media":39794,"comment_status":"open","ping_status":"open","sticky":false,"template":"","format":"image","meta":{"_jetpack_memberships_contains_paid_content":false,"footnotes":"","jetpack_publicize_message":"","jetpack_publicize_feature_enabled":true,"jetpack_social_post_already_shared":true,"jetpack_social_options":{"image_generator_settings":{"template":"highway","default_image_id":0,"enabled":false},"version":2}},"categories":[8,1,2,7,3],"tags":[33,19,3995,16,1406,3109,2254,31,108,3381,1953,1765,13],"class_list":["post-39793","post","type-post","status-publish","format-image","has-post-thumbnail","hentry","category-deliberando","category-diario-armstrong","category-locales","category-politica","category-region","tag-a","tag-de","tag-defender","tag-el","tag-equipo","tag-esperanza","tag-futuro","tag-la","tag-que","tag-santa-fe","tag-somos","tag-va","tag-y","post_format-post-format-image"],"jetpack_publicize_connections":[],"jetpack_featured_media_url":"https:\/\/armstrongyregion.com.ar\/diario\/wp-content\/uploads\/2023\/08\/CLARITA-16-8-23.jpg","jetpack_shortlink":"https:\/\/wp.me\/p62QDO-alP","jetpack_sharing_enabled":true,"amp_enabled":true,"_links":{"self":[{"href":"https:\/\/armstrongyregion.com.ar\/diario\/wp-json\/wp\/v2\/posts\/39793","targetHints":{"allow":["GET"]}}],"collection":[{"href":"https:\/\/armstrongyregion.com.ar\/diario\/wp-json\/wp\/v2\/posts"}],"about":[{"href":"https:\/\/armstrongyregion.com.ar\/diario\/wp-json\/wp\/v2\/types\/post"}],"author":[{"embeddable":true,"href":"https:\/\/armstrongyregion.com.ar\/diario\/wp-json\/wp\/v2\/users\/1"}],"replies":[{"embeddable":true,"href":"https:\/\/armstrongyregion.com.ar\/diario\/wp-json\/wp\/v2\/comments?post=39793"}],"version-history":[{"count":1,"href":"https:\/\/armstrongyregion.com.ar\/diario\/wp-json\/wp\/v2\/posts\/39793\/revisions"}],"predecessor-version":[{"id":39795,"href":"https:\/\/armstrongyregion.com.ar\/diario\/wp-json\/wp\/v2\/posts\/39793\/revisions\/39795"}],"wp:featuredmedia":[{"embeddable":true,"href":"https:\/\/armstrongyregion.com.ar\/diario\/wp-json\/wp\/v2\/media\/39794"}],"wp:attachment":[{"href":"https:\/\/armstrongyregion.com.ar\/diario\/wp-json\/wp\/v2\/media?parent=39793"}],"wp:term":[{"taxonomy":"category","embeddable":true,"href":"https:\/\/armstrongyregion.com.ar\/diario\/wp-json\/wp\/v2\/categories?post=39793"},{"taxonomy":"post_tag","embeddable":true,"href":"https:\/\/armstrongyregion.com.ar\/diario\/wp-json\/wp\/v2\/tags?post=39793"}],"curies":[{"name":"wp","href":"https:\/\/api.w.org\/{rel}","templated":true}]}}