{"id":39774,"date":"2023-08-16T02:44:04","date_gmt":"2023-08-16T02:44:04","guid":{"rendered":"https:\/\/armstrongyregion.com.ar\/diario\/?p=39774"},"modified":"2023-08-16T02:44:07","modified_gmt":"2023-08-16T02:44:07","slug":"campana-solidaria-en-las-rosas-para-colaborar-con-genaro-gimenez","status":"publish","type":"post","link":"https:\/\/armstrongyregion.com.ar\/diario\/campana-solidaria-en-las-rosas-para-colaborar-con-genaro-gimenez\/","title":{"rendered":"Campa\u00f1a solidaria en Las Rosas para colaborar con Genaro Gim\u00e9nez."},"content":{"rendered":"\n<figure class=\"wp-block-image size-full\"><a href=\"http:\/\/armstrongyregion.com.ar\/diario\/wp-content\/uploads\/2023\/08\/GENARO-15-8-23.jpg\"><img loading=\"lazy\" decoding=\"async\" width=\"441\" height=\"404\" src=\"http:\/\/armstrongyregion.com.ar\/diario\/wp-content\/uploads\/2023\/08\/GENARO-15-8-23.jpg\" alt=\"\" class=\"wp-image-39776\" srcset=\"https:\/\/armstrongyregion.com.ar\/diario\/wp-content\/uploads\/2023\/08\/GENARO-15-8-23.jpg 441w, https:\/\/armstrongyregion.com.ar\/diario\/wp-content\/uploads\/2023\/08\/GENARO-15-8-23-300x275.jpg 300w\" sizes=\"auto, (max-width: 441px) 100vw, 441px\" \/><\/a><\/figure>\n\n\n\n<h2 class=\"wp-block-heading\">Genaro es un peque\u00f1o de un a\u00f1o y medio que se encuentra internado en terapia intensiva con un cuadro de neumon\u00eda avanzado, a su vez le descubrieron un tumor en su cabeza.<\/h2>\n\n\n\n<figure class=\"wp-block-audio\"><audio controls src=\"http:\/\/armstrongyregion.com.ar\/diario\/wp-content\/uploads\/2023\/08\/multimedia.audio_.804cbb2cdbb8e6bb.U2luIHTDrXR1bG8ubXAz.mp3\"><\/audio><figcaption class=\"wp-element-caption\">NOTA MABEL VAZQUEZ. T\u00cdA DE GENARO-<\/figcaption><\/figure>\n\n\n\n<p><\/p>\n\n\n\n<p>Genaro comenz\u00f3 con un grado de otitis y fiebre, fue llevado al SAMCo de Las Rosas y tras realizarle estudios descubrieron que tenia neumon\u00eda, por lo que fue derivado al Hospital de Ni\u00f1os V\u00edctor J. Vilela.<\/p>\n\n\n\n<p>En estos momentos se encuentra internado en terapia intensiva con un cuadro de neumon\u00eda avanzado, y a ra\u00edz de los estudios que le realizaron descubrieron un tumor en la cabeza.<\/p>\n\n\n\n<p>Familiares pidieron cadena de oraci\u00f3n, adem\u00e1s quienes deseen colaborar con mercader\u00eda pueden acercarla en la vivienda de su t\u00eda ubicada por calle Pasaje Depiante 372, adem\u00e1s se dio a conocer un CBU\u00a0<strong>0720101788000001864168<\/strong>\u00a0&#8211; Alias\u00a0<strong>ALPACA.TECHO.AUDIO\u00a0<\/strong>para aquellos que puedan ayudar.<\/p>\n\n\n\n<p>Fuente: Renacer Regional.<\/p>\n","protected":false},"excerpt":{"rendered":"<p>Genaro es un peque\u00f1o de un a\u00f1o y medio que se encuentra internado en terapia intensiva con un cuadro de neumon\u00eda avanzado, a su vez le descubrieron un tumor en su cabeza. Genaro comenz\u00f3 con un grado de otitis y fiebre, fue llevado al SAMCo de Las Rosas y tras realizarle estudios descubrieron que tenia <a href=\"https:\/\/armstrongyregion.com.ar\/diario\/campana-solidaria-en-las-rosas-para-colaborar-con-genaro-gimenez\/\" title=\"Read more\" >&#8230;<\/a><\/p>\n","protected":false},"author":1,"featured_media":39776,"comment_status":"open","ping_status":"open","sticky":false,"template":"","format":"image","meta":{"_jetpack_memberships_contains_paid_content":false,"footnotes":"","jetpack_publicize_message":"","jetpack_publicize_feature_enabled":true,"jetpack_social_post_already_shared":true,"jetpack_social_options":{"image_generator_settings":{"template":"highway","default_image_id":0,"enabled":false},"version":2}},"categories":[8,1,7,3],"tags":[9715,2693,9716,8883,1634],"class_list":["post-39774","post","type-post","status-publish","format-image","has-post-thumbnail","hentry","category-deliberando","category-diario-armstrong","category-politica","category-region","tag-campana-2","tag-genaro","tag-gimenez","tag-las-rosas-2","tag-solidaria","post_format-post-format-image"],"jetpack_publicize_connections":[],"jetpack_featured_media_url":"https:\/\/armstrongyregion.com.ar\/diario\/wp-content\/uploads\/2023\/08\/GENARO-15-8-23.jpg","jetpack_shortlink":"https:\/\/wp.me\/p62QDO-alw","jetpack_sharing_enabled":true,"amp_enabled":true,"_links":{"self":[{"href":"https:\/\/armstrongyregion.com.ar\/diario\/wp-json\/wp\/v2\/posts\/39774","targetHints":{"allow":["GET"]}}],"collection":[{"href":"https:\/\/armstrongyregion.com.ar\/diario\/wp-json\/wp\/v2\/posts"}],"about":[{"href":"https:\/\/armstrongyregion.com.ar\/diario\/wp-json\/wp\/v2\/types\/post"}],"author":[{"embeddable":true,"href":"https:\/\/armstrongyregion.com.ar\/diario\/wp-json\/wp\/v2\/users\/1"}],"replies":[{"embeddable":true,"href":"https:\/\/armstrongyregion.com.ar\/diario\/wp-json\/wp\/v2\/comments?post=39774"}],"version-history":[{"count":1,"href":"https:\/\/armstrongyregion.com.ar\/diario\/wp-json\/wp\/v2\/posts\/39774\/revisions"}],"predecessor-version":[{"id":39777,"href":"https:\/\/armstrongyregion.com.ar\/diario\/wp-json\/wp\/v2\/posts\/39774\/revisions\/39777"}],"wp:featuredmedia":[{"embeddable":true,"href":"https:\/\/armstrongyregion.com.ar\/diario\/wp-json\/wp\/v2\/media\/39776"}],"wp:attachment":[{"href":"https:\/\/armstrongyregion.com.ar\/diario\/wp-json\/wp\/v2\/media?parent=39774"}],"wp:term":[{"taxonomy":"category","embeddable":true,"href":"https:\/\/armstrongyregion.com.ar\/diario\/wp-json\/wp\/v2\/categories?post=39774"},{"taxonomy":"post_tag","embeddable":true,"href":"https:\/\/armstrongyregion.com.ar\/diario\/wp-json\/wp\/v2\/tags?post=39774"}],"curies":[{"name":"wp","href":"https:\/\/api.w.org\/{rel}","templated":true}]}}