{"id":39771,"date":"2023-08-16T02:30:41","date_gmt":"2023-08-16T02:30:41","guid":{"rendered":"https:\/\/armstrongyregion.com.ar\/diario\/?p=39771"},"modified":"2023-08-16T02:30:44","modified_gmt":"2023-08-16T02:30:44","slug":"armstrong-acto-oficial-del-17-de-agosto-2","status":"publish","type":"post","link":"https:\/\/armstrongyregion.com.ar\/diario\/armstrong-acto-oficial-del-17-de-agosto-2\/","title":{"rendered":"Armstrong. Acto oficial del 17 de agosto."},"content":{"rendered":"\n<figure class=\"wp-block-image size-full\"><a href=\"http:\/\/armstrongyregion.com.ar\/diario\/wp-content\/uploads\/2023\/08\/acto17agosto.jpg\"><img loading=\"lazy\" decoding=\"async\" width=\"390\" height=\"388\" src=\"http:\/\/armstrongyregion.com.ar\/diario\/wp-content\/uploads\/2023\/08\/acto17agosto.jpg\" alt=\"\" class=\"wp-image-39772\" srcset=\"https:\/\/armstrongyregion.com.ar\/diario\/wp-content\/uploads\/2023\/08\/acto17agosto.jpg 390w, https:\/\/armstrongyregion.com.ar\/diario\/wp-content\/uploads\/2023\/08\/acto17agosto-300x298.jpg 300w, https:\/\/armstrongyregion.com.ar\/diario\/wp-content\/uploads\/2023\/08\/acto17agosto-150x150.jpg 150w\" sizes=\"auto, (max-width: 390px) 100vw, 390px\" \/><\/a><\/figure>\n\n\n\n<h2 class=\"wp-block-heading\"><strong>La Municipalidad de Armstrong invita a toda la comunidad a participar del acto oficial con motivo de un nuevo aniversario del paso a la inmortalidad del Gral. Don Jos\u00e9 de San Mart\u00edn, el d\u00eda jueves 17 de agosto a las 14:30 hs. en la plaza que lleva su nombre.<\/strong><\/h2>\n\n\n\n<p>Participan las comunidades educativas de la Escuela N\u00b0 2100 \u201cGabriela Brimmer\u201d y Jard\u00edn de Infantes N\u00b0 84 \u201cEl Aromo\u201d.<\/p>\n\n\n\n<p>Se invita a embanderar los edificios. En caso de inclemencias clim\u00e1ticas se realizar\u00e1 en la Estaci\u00f3n M\u00e1s.<\/p>\n","protected":false},"excerpt":{"rendered":"<p>La Municipalidad de Armstrong invita a toda la comunidad a participar del acto oficial con motivo de un nuevo aniversario del paso a la inmortalidad del Gral. Don Jos\u00e9 de San Mart\u00edn, el d\u00eda jueves 17 de agosto a las 14:30 hs. en la plaza que lleva su nombre. Participan las comunidades educativas de la <a href=\"https:\/\/armstrongyregion.com.ar\/diario\/armstrong-acto-oficial-del-17-de-agosto-2\/\" title=\"Read more\" >&#8230;<\/a><\/p>\n","protected":false},"author":1,"featured_media":39772,"comment_status":"open","ping_status":"open","sticky":false,"template":"","format":"image","meta":{"_jetpack_memberships_contains_paid_content":false,"footnotes":"","jetpack_publicize_message":"","jetpack_publicize_feature_enabled":true,"jetpack_social_post_already_shared":true,"jetpack_social_options":{"image_generator_settings":{"template":"highway","default_image_id":0,"enabled":false},"version":2}},"categories":[6,8,1,2,7],"tags":[1194,1212,2397,19],"class_list":["post-39771","post","type-post","status-publish","format-image","has-post-thumbnail","hentry","category-cultura-entretenimiento","category-deliberando","category-diario-armstrong","category-locales","category-politica","tag-1194","tag-acto","tag-agosto","tag-de","post_format-post-format-image"],"jetpack_publicize_connections":[],"jetpack_featured_media_url":"https:\/\/armstrongyregion.com.ar\/diario\/wp-content\/uploads\/2023\/08\/acto17agosto.jpg","jetpack_shortlink":"https:\/\/wp.me\/p62QDO-alt","jetpack_sharing_enabled":true,"amp_enabled":true,"_links":{"self":[{"href":"https:\/\/armstrongyregion.com.ar\/diario\/wp-json\/wp\/v2\/posts\/39771","targetHints":{"allow":["GET"]}}],"collection":[{"href":"https:\/\/armstrongyregion.com.ar\/diario\/wp-json\/wp\/v2\/posts"}],"about":[{"href":"https:\/\/armstrongyregion.com.ar\/diario\/wp-json\/wp\/v2\/types\/post"}],"author":[{"embeddable":true,"href":"https:\/\/armstrongyregion.com.ar\/diario\/wp-json\/wp\/v2\/users\/1"}],"replies":[{"embeddable":true,"href":"https:\/\/armstrongyregion.com.ar\/diario\/wp-json\/wp\/v2\/comments?post=39771"}],"version-history":[{"count":1,"href":"https:\/\/armstrongyregion.com.ar\/diario\/wp-json\/wp\/v2\/posts\/39771\/revisions"}],"predecessor-version":[{"id":39773,"href":"https:\/\/armstrongyregion.com.ar\/diario\/wp-json\/wp\/v2\/posts\/39771\/revisions\/39773"}],"wp:featuredmedia":[{"embeddable":true,"href":"https:\/\/armstrongyregion.com.ar\/diario\/wp-json\/wp\/v2\/media\/39772"}],"wp:attachment":[{"href":"https:\/\/armstrongyregion.com.ar\/diario\/wp-json\/wp\/v2\/media?parent=39771"}],"wp:term":[{"taxonomy":"category","embeddable":true,"href":"https:\/\/armstrongyregion.com.ar\/diario\/wp-json\/wp\/v2\/categories?post=39771"},{"taxonomy":"post_tag","embeddable":true,"href":"https:\/\/armstrongyregion.com.ar\/diario\/wp-json\/wp\/v2\/tags?post=39771"}],"curies":[{"name":"wp","href":"https:\/\/api.w.org\/{rel}","templated":true}]}}