{"id":39763,"date":"2023-08-16T02:18:04","date_gmt":"2023-08-16T02:18:04","guid":{"rendered":"https:\/\/armstrongyregion.com.ar\/diario\/?p=39763"},"modified":"2023-08-16T02:18:06","modified_gmt":"2023-08-16T02:18:06","slug":"armstrong-programa-nutrir-mas-2","status":"publish","type":"post","link":"https:\/\/armstrongyregion.com.ar\/diario\/armstrong-programa-nutrir-mas-2\/","title":{"rendered":"Armstrong. Programa Nutrir Mas."},"content":{"rendered":"\n<h2 class=\"wp-block-heading\"><strong>Dando continuidad al programa \u201cNutrir M\u00e1s\u201d iniciado en el 2022, la Municipalidad de Armstrong mediante la Direcci\u00f3n de Promoci\u00f3n Comunitaria invita a participar de dos nuevos encuentros.<\/strong><\/h2>\n\n\n\n<figure class=\"wp-block-image size-full\"><a href=\"http:\/\/armstrongyregion.com.ar\/diario\/wp-content\/uploads\/2023\/08\/nutrir_mas-1.jpg\"><img loading=\"lazy\" decoding=\"async\" width=\"390\" height=\"390\" src=\"http:\/\/armstrongyregion.com.ar\/diario\/wp-content\/uploads\/2023\/08\/nutrir_mas-1.jpg\" alt=\"\" class=\"wp-image-39765\" srcset=\"https:\/\/armstrongyregion.com.ar\/diario\/wp-content\/uploads\/2023\/08\/nutrir_mas-1.jpg 390w, https:\/\/armstrongyregion.com.ar\/diario\/wp-content\/uploads\/2023\/08\/nutrir_mas-1-300x300.jpg 300w, https:\/\/armstrongyregion.com.ar\/diario\/wp-content\/uploads\/2023\/08\/nutrir_mas-1-150x150.jpg 150w\" sizes=\"auto, (max-width: 390px) 100vw, 390px\" \/><\/a><\/figure>\n\n\n\n<p>Ambas convocatorias son gratuitas, a las 13:30 hs. en el Espacio Minimundo. Los interesados en asistir deber\u00e1n inscribirse previamente en Pte. Per\u00f3n 1768, a los tel\u00e9fonos&nbsp; 490333\/490210 \u00f3 al whatsapp 3471-325173.<\/p>\n\n\n\n<p>El objetivo es brindar herramientas de promoci\u00f3n de salud, para incrementar el control sobre la salud de madres y ni\u00f1os en los primeros a\u00f1os de vida y mejorarla. Buscar fortalecer la capacidad individual, de diferentes edades y g\u00e9nero, para mejorar la salud, as\u00ed como abordar los determinantes sociales de la salud a trav\u00e9s de una participaci\u00f3n significativa y un trabajo interdisciplinario e intersectorial.<\/p>\n\n\n\n<p>En esta oportunidad se propone \u201cHerramientas para lactancia materna y alimentaci\u00f3n en los primeros a\u00f1os de vida\u201d. El encuentro estar\u00e1 destinado a mujeres pre y post parto, madres de ni\u00f1os de 0 a 3 a\u00f1os, y personas que quieran informarse sobre la alimentaci\u00f3n en la temprana edad.<\/p>\n\n\n\n<p>Se abordan temas de inter\u00e9s con Pediatras, profesionales abocados a estimulaci\u00f3n temprana, trabajadoras sociales, bromatolog\u00eda, nutricionista y puericultoras.<\/p>\n\n\n\n<p>Primer Encuentro: Viernes 18 de agosto. Destinado a: embarazadas y madres de ni\u00f1os de 0 a 6 meses de edad. Profesionales disertantes: Puericultoras: Marina Franceschina y Paula Bulatovich. M\u00e9dica Generalista Dra. Daniela Baudino.&nbsp;<\/p>\n\n\n\n<p>Se abordar\u00e1n contenidos como mitos y creencias relacionadas con la lactancia; Cuidado de las mamas: Agua-Leche-Aire-Sol; Necesidades b\u00e1sicas de los\/las beb\u00e9s. El llanto como una forma de comunicaci\u00f3n m\u00e1s all\u00e1 del hambre; \u00bfQu\u00e9 implica la libre demanda?; Se\u00f1ales tempranas de hambre; Pautas de prendida y acople adecuados; Bajada de la leche. Pautas y tiempos de almacenamiento de la leche humana; Preparaci\u00f3n segura de leche de f\u00f3rmula; Pautas de colecho seguro, entre otros.<\/p>\n\n\n\n<p>Segundo Encuentro: Viernes 25 de agosto. Destinado a: madres de 6 meses de edad a 3 a\u00f1os. Profesionales disertantes: Estimuladora Temprana Mar\u00eda del Rosario G\u00f3mez, Nutricionista Lucrecia Pazzelli, M\u00e9dica Generalista Dra. Daniela Baudino.<\/p>\n\n\n\n<p>La promoci\u00f3n de Alimentaci\u00f3n y Nutrici\u00f3n saludable, debe buscar que los individuos como miembros de una familia, adopten pr\u00e1cticas alimentarias adecuadas que favorezcan su bienestar f\u00edsico, mental y social para mejorar su calidad de vida y desarrollo humano, incidiendo en los componentes de la seguridad alimentaria.<\/p>\n\n\n\n<p>Se brindar\u00e1 la siguiente informaci\u00f3n: Consejos para una alimentaci\u00f3n saludable; Establecer pautas de higiene en los alimentos; Crear h\u00e1bitos y rutinas diarias para los ni\u00f1os; Mostrar brevemente la importancia de la comida casera. Alimentos naturales frescos y m\u00ednimamente procesados y ultraprocesados; Mostrar brevemente la ley de etiquetado frontal.<\/p>\n","protected":false},"excerpt":{"rendered":"<p>Dando continuidad al programa \u201cNutrir M\u00e1s\u201d iniciado en el 2022, la Municipalidad de Armstrong mediante la Direcci\u00f3n de Promoci\u00f3n Comunitaria invita a participar de dos nuevos encuentros. Ambas convocatorias son gratuitas, a las 13:30 hs. en el Espacio Minimundo. Los interesados en asistir deber\u00e1n inscribirse previamente en Pte. Per\u00f3n 1768, a los tel\u00e9fonos&nbsp; 490333\/490210 \u00f3 <a href=\"https:\/\/armstrongyregion.com.ar\/diario\/armstrong-programa-nutrir-mas-2\/\" title=\"Read more\" >&#8230;<\/a><\/p>\n","protected":false},"author":1,"featured_media":39765,"comment_status":"open","ping_status":"open","sticky":false,"template":"","format":"image","meta":{"_jetpack_memberships_contains_paid_content":false,"footnotes":"","jetpack_publicize_message":"","jetpack_publicize_feature_enabled":true,"jetpack_social_post_already_shared":true,"jetpack_social_options":{"image_generator_settings":{"template":"highway","default_image_id":0,"enabled":false},"version":2}},"categories":[8,1,2,7,3],"tags":[20,9022,9710,582],"class_list":["post-39763","post","type-post","status-publish","format-image","has-post-thumbnail","hentry","category-deliberando","category-diario-armstrong","category-locales","category-politica","category-region","tag-armstrong","tag-mas-2","tag-nutrir","tag-programa","post_format-post-format-image"],"jetpack_publicize_connections":[],"jetpack_featured_media_url":"https:\/\/armstrongyregion.com.ar\/diario\/wp-content\/uploads\/2023\/08\/nutrir_mas-1.jpg","jetpack_shortlink":"https:\/\/wp.me\/p62QDO-all","jetpack_sharing_enabled":true,"amp_enabled":true,"_links":{"self":[{"href":"https:\/\/armstrongyregion.com.ar\/diario\/wp-json\/wp\/v2\/posts\/39763","targetHints":{"allow":["GET"]}}],"collection":[{"href":"https:\/\/armstrongyregion.com.ar\/diario\/wp-json\/wp\/v2\/posts"}],"about":[{"href":"https:\/\/armstrongyregion.com.ar\/diario\/wp-json\/wp\/v2\/types\/post"}],"author":[{"embeddable":true,"href":"https:\/\/armstrongyregion.com.ar\/diario\/wp-json\/wp\/v2\/users\/1"}],"replies":[{"embeddable":true,"href":"https:\/\/armstrongyregion.com.ar\/diario\/wp-json\/wp\/v2\/comments?post=39763"}],"version-history":[{"count":1,"href":"https:\/\/armstrongyregion.com.ar\/diario\/wp-json\/wp\/v2\/posts\/39763\/revisions"}],"predecessor-version":[{"id":39766,"href":"https:\/\/armstrongyregion.com.ar\/diario\/wp-json\/wp\/v2\/posts\/39763\/revisions\/39766"}],"wp:featuredmedia":[{"embeddable":true,"href":"https:\/\/armstrongyregion.com.ar\/diario\/wp-json\/wp\/v2\/media\/39765"}],"wp:attachment":[{"href":"https:\/\/armstrongyregion.com.ar\/diario\/wp-json\/wp\/v2\/media?parent=39763"}],"wp:term":[{"taxonomy":"category","embeddable":true,"href":"https:\/\/armstrongyregion.com.ar\/diario\/wp-json\/wp\/v2\/categories?post=39763"},{"taxonomy":"post_tag","embeddable":true,"href":"https:\/\/armstrongyregion.com.ar\/diario\/wp-json\/wp\/v2\/tags?post=39763"}],"curies":[{"name":"wp","href":"https:\/\/api.w.org\/{rel}","templated":true}]}}