{"id":39761,"date":"2023-08-16T02:11:14","date_gmt":"2023-08-16T02:11:14","guid":{"rendered":"https:\/\/armstrongyregion.com.ar\/diario\/?p=39761"},"modified":"2023-08-16T02:11:17","modified_gmt":"2023-08-16T02:11:17","slug":"armstrong-orden-del-dia-15-de-agosto-2","status":"publish","type":"post","link":"https:\/\/armstrongyregion.com.ar\/diario\/armstrong-orden-del-dia-15-de-agosto-2\/","title":{"rendered":"Armstrong. Orden del D\u00eda 15 de agosto."},"content":{"rendered":"\n<figure class=\"wp-block-image size-full\"><a href=\"http:\/\/armstrongyregion.com.ar\/diario\/wp-content\/uploads\/2023\/04\/Concejo-abril-2023-.jpg\"><img loading=\"lazy\" decoding=\"async\" width=\"472\" height=\"375\" src=\"http:\/\/armstrongyregion.com.ar\/diario\/wp-content\/uploads\/2023\/04\/Concejo-abril-2023-.jpg\" alt=\"\" class=\"wp-image-38135\" srcset=\"https:\/\/armstrongyregion.com.ar\/diario\/wp-content\/uploads\/2023\/04\/Concejo-abril-2023-.jpg 472w, https:\/\/armstrongyregion.com.ar\/diario\/wp-content\/uploads\/2023\/04\/Concejo-abril-2023--300x238.jpg 300w\" sizes=\"auto, (max-width: 472px) 100vw, 472px\" \/><\/a><\/figure>\n\n\n\n<p>1- ACTA ANTERIOR:<br>\uf0b7 ACTA SESI\u00d3N ORDINARIA No 1124<br>2- MENSAJES DEL D.E.:<br>A- DIRECCI\u00d3N DE CULTURA Y DEPORTE: INVITACI\u00d3N AL ACTO POR EL PASO A<br>LA INMORTALIDAD DEL GENERAL DON JOS\u00c9 DE SAN MART\u00cdN<br>B- PROYECTO DE ORDENANZA: MODIFICACI\u00d3N DE LA ORDENANZA N\u00b0 1473\/2019<br>DE ACEPTACI\u00d3N DONACI\u00d3N DE SUPERFICIE DE TERRENO PROPIEDAD DE LOS<br>SE\u00d1ORES SERGIO JAVIER VALENTINI Y MARIA ESTHER COZZI.<br>3- CORRESPONDENCIA:<br>4- DICT\u00c1MENES DE COMISIONES:<br>5- PROYECTOS DE CONCEJALES:<br>A- BLOQUE DE FRENTE PROGRESISTA, C\u00cdVICO Y SOCIAL:<br>1- RES: PEDIDO DE INFORME A LA SECRETARIA DE TRANSPORTE Y<br>SUBSECRETAR\u00cdA DE BOLETO EDUCATIVO REFERIDO AL FUNCIONAMIENTO<br>DEL \u201cBOLETO EDUCATIVO GRATUITO\u201d.<br>B- BLOQUE DE RENOVACI\u00d3N POR ARMSTRONG:<br>2- ORD.: FONDO PARA LA ADQUISICI\u00d3N DE PREDIOS DESTINADOS A LOTEOS<br>MUNICIPALES<br>C- BLOQUE JUSTICIALISTA:<br>D- CONCEJO:<br>3- M.D.: 173o ANIVERSARIO DEL FALLECIMIENTO DEL GRAL. JOSE DE SAN<br>MART\u00cdN<\/p>\n\n\n\n<p>INICIO A LAS 20:00 HORAS.<\/p>\n","protected":false},"excerpt":{"rendered":"<p>1- ACTA ANTERIOR:\uf0b7 ACTA SESI\u00d3N ORDINARIA No 11242- MENSAJES DEL D.E.:A- DIRECCI\u00d3N DE CULTURA Y DEPORTE: INVITACI\u00d3N AL ACTO POR EL PASO ALA INMORTALIDAD DEL GENERAL DON JOS\u00c9 DE SAN MART\u00cdNB- PROYECTO DE ORDENANZA: MODIFICACI\u00d3N DE LA ORDENANZA N\u00b0 1473\/2019DE ACEPTACI\u00d3N DONACI\u00d3N DE SUPERFICIE DE TERRENO PROPIEDAD DE LOSSE\u00d1ORES SERGIO JAVIER VALENTINI Y MARIA ESTHER <a href=\"https:\/\/armstrongyregion.com.ar\/diario\/armstrong-orden-del-dia-15-de-agosto-2\/\" title=\"Read more\" >&#8230;<\/a><\/p>\n","protected":false},"author":1,"featured_media":38135,"comment_status":"open","ping_status":"open","sticky":false,"template":"","format":"image","meta":{"_jetpack_memberships_contains_paid_content":false,"footnotes":"","jetpack_publicize_message":"","jetpack_publicize_feature_enabled":true,"jetpack_social_post_already_shared":true,"jetpack_social_options":{"image_generator_settings":{"template":"highway","default_image_id":0,"enabled":false},"version":2}},"categories":[8,1,2,7,3],"tags":[1856,2397,20,19,8609,1570],"class_list":["post-39761","post","type-post","status-publish","format-image","has-post-thumbnail","hentry","category-deliberando","category-diario-armstrong","category-locales","category-politica","category-region","tag-1856","tag-agosto","tag-armstrong","tag-de","tag-dia-2","tag-orden","post_format-post-format-image"],"jetpack_publicize_connections":[],"jetpack_featured_media_url":"https:\/\/armstrongyregion.com.ar\/diario\/wp-content\/uploads\/2023\/04\/Concejo-abril-2023-.jpg","jetpack_shortlink":"https:\/\/wp.me\/p62QDO-alj","jetpack_sharing_enabled":true,"amp_enabled":true,"_links":{"self":[{"href":"https:\/\/armstrongyregion.com.ar\/diario\/wp-json\/wp\/v2\/posts\/39761","targetHints":{"allow":["GET"]}}],"collection":[{"href":"https:\/\/armstrongyregion.com.ar\/diario\/wp-json\/wp\/v2\/posts"}],"about":[{"href":"https:\/\/armstrongyregion.com.ar\/diario\/wp-json\/wp\/v2\/types\/post"}],"author":[{"embeddable":true,"href":"https:\/\/armstrongyregion.com.ar\/diario\/wp-json\/wp\/v2\/users\/1"}],"replies":[{"embeddable":true,"href":"https:\/\/armstrongyregion.com.ar\/diario\/wp-json\/wp\/v2\/comments?post=39761"}],"version-history":[{"count":1,"href":"https:\/\/armstrongyregion.com.ar\/diario\/wp-json\/wp\/v2\/posts\/39761\/revisions"}],"predecessor-version":[{"id":39762,"href":"https:\/\/armstrongyregion.com.ar\/diario\/wp-json\/wp\/v2\/posts\/39761\/revisions\/39762"}],"wp:featuredmedia":[{"embeddable":true,"href":"https:\/\/armstrongyregion.com.ar\/diario\/wp-json\/wp\/v2\/media\/38135"}],"wp:attachment":[{"href":"https:\/\/armstrongyregion.com.ar\/diario\/wp-json\/wp\/v2\/media?parent=39761"}],"wp:term":[{"taxonomy":"category","embeddable":true,"href":"https:\/\/armstrongyregion.com.ar\/diario\/wp-json\/wp\/v2\/categories?post=39761"},{"taxonomy":"post_tag","embeddable":true,"href":"https:\/\/armstrongyregion.com.ar\/diario\/wp-json\/wp\/v2\/tags?post=39761"}],"curies":[{"name":"wp","href":"https:\/\/api.w.org\/{rel}","templated":true}]}}