{"id":39747,"date":"2023-08-15T02:20:03","date_gmt":"2023-08-15T02:20:03","guid":{"rendered":"https:\/\/armstrongyregion.com.ar\/diario\/?p=39747"},"modified":"2023-08-15T02:20:05","modified_gmt":"2023-08-15T02:20:05","slug":"clerici-y-casalegno-convocaron-a-estudiantes-en-la-jornada-canada-joven-hacia-el-2030","status":"publish","type":"post","link":"https:\/\/armstrongyregion.com.ar\/diario\/clerici-y-casalegno-convocaron-a-estudiantes-en-la-jornada-canada-joven-hacia-el-2030\/","title":{"rendered":"Cl\u00e9rici y Casalegno convocaron a estudiantes en la jornada \u00abCa\u00f1ada J\u00f3ven hacia el 2030\u00bb."},"content":{"rendered":"\n<figure class=\"wp-block-image size-full\"><a href=\"http:\/\/armstrongyregion.com.ar\/diario\/wp-content\/uploads\/2023\/08\/CANADA-JOVEN-.jpg\"><img loading=\"lazy\" decoding=\"async\" width=\"371\" height=\"248\" src=\"http:\/\/armstrongyregion.com.ar\/diario\/wp-content\/uploads\/2023\/08\/CANADA-JOVEN-.jpg\" alt=\"\" class=\"wp-image-39748\" srcset=\"https:\/\/armstrongyregion.com.ar\/diario\/wp-content\/uploads\/2023\/08\/CANADA-JOVEN-.jpg 371w, https:\/\/armstrongyregion.com.ar\/diario\/wp-content\/uploads\/2023\/08\/CANADA-JOVEN--300x201.jpg 300w\" sizes=\"auto, (max-width: 371px) 100vw, 371px\" \/><\/a><\/figure>\n\n\n\n<p>La intendenta Stella Cl\u00e9rici junto al presidente del Concejo, Marcelo Casalegno, convocaron a las juventudes en la jornada \u00abCa\u00f1ada Joven hacia el 2030\u201d, en el marco de las actividades por agosto, mes de la juventud.<\/p>\n\n\n\n<p>A trav\u00e9s de esta iniciativa se dio un \u00e1mbito de participaci\u00f3n y debate en el que los alumnos de escuelas secundarias dieron su mirada con propuestas e iniciativas para llevar adelante en la ciudad. \u201cJunto a las juventudes, proyectamos la ciudad que queremos para el futuro. Asumimos el compromiso de llevar adelante los proyectos que crearon chicas y chicos de todas las escuelas secundarias rumbo a la Ca\u00f1ada Joven 2030\u201d, expres\u00f3 Casalegno.&nbsp;<\/p>\n","protected":false},"excerpt":{"rendered":"<p>La intendenta Stella Cl\u00e9rici junto al presidente del Concejo, Marcelo Casalegno, convocaron a las juventudes en la jornada \u00abCa\u00f1ada Joven hacia el 2030\u201d, en el marco de las actividades por agosto, mes de la juventud. A trav\u00e9s de esta iniciativa se dio un \u00e1mbito de participaci\u00f3n y debate en el que los alumnos de escuelas <a href=\"https:\/\/armstrongyregion.com.ar\/diario\/clerici-y-casalegno-convocaron-a-estudiantes-en-la-jornada-canada-joven-hacia-el-2030\/\" title=\"Read more\" >&#8230;<\/a><\/p>\n","protected":false},"author":1,"featured_media":39748,"comment_status":"open","ping_status":"open","sticky":false,"template":"","format":"image","meta":{"_jetpack_memberships_contains_paid_content":false,"footnotes":"","jetpack_publicize_message":"","jetpack_publicize_feature_enabled":true,"jetpack_social_post_already_shared":true,"jetpack_social_options":{"image_generator_settings":{"template":"highway","default_image_id":0,"enabled":false},"version":2}},"categories":[8,1,7,3],"tags":[9709,163,588,9156,16,1534,688],"class_list":["post-39747","post","type-post","status-publish","format-image","has-post-thumbnail","hentry","category-deliberando","category-diario-armstrong","category-politica","category-region","tag-9709","tag-canada","tag-casalegno","tag-clerici-2","tag-el","tag-hacia","tag-joven","post_format-post-format-image"],"jetpack_publicize_connections":[],"jetpack_featured_media_url":"https:\/\/armstrongyregion.com.ar\/diario\/wp-content\/uploads\/2023\/08\/CANADA-JOVEN-.jpg","jetpack_shortlink":"https:\/\/wp.me\/p62QDO-al5","jetpack_sharing_enabled":true,"amp_enabled":true,"_links":{"self":[{"href":"https:\/\/armstrongyregion.com.ar\/diario\/wp-json\/wp\/v2\/posts\/39747","targetHints":{"allow":["GET"]}}],"collection":[{"href":"https:\/\/armstrongyregion.com.ar\/diario\/wp-json\/wp\/v2\/posts"}],"about":[{"href":"https:\/\/armstrongyregion.com.ar\/diario\/wp-json\/wp\/v2\/types\/post"}],"author":[{"embeddable":true,"href":"https:\/\/armstrongyregion.com.ar\/diario\/wp-json\/wp\/v2\/users\/1"}],"replies":[{"embeddable":true,"href":"https:\/\/armstrongyregion.com.ar\/diario\/wp-json\/wp\/v2\/comments?post=39747"}],"version-history":[{"count":1,"href":"https:\/\/armstrongyregion.com.ar\/diario\/wp-json\/wp\/v2\/posts\/39747\/revisions"}],"predecessor-version":[{"id":39749,"href":"https:\/\/armstrongyregion.com.ar\/diario\/wp-json\/wp\/v2\/posts\/39747\/revisions\/39749"}],"wp:featuredmedia":[{"embeddable":true,"href":"https:\/\/armstrongyregion.com.ar\/diario\/wp-json\/wp\/v2\/media\/39748"}],"wp:attachment":[{"href":"https:\/\/armstrongyregion.com.ar\/diario\/wp-json\/wp\/v2\/media?parent=39747"}],"wp:term":[{"taxonomy":"category","embeddable":true,"href":"https:\/\/armstrongyregion.com.ar\/diario\/wp-json\/wp\/v2\/categories?post=39747"},{"taxonomy":"post_tag","embeddable":true,"href":"https:\/\/armstrongyregion.com.ar\/diario\/wp-json\/wp\/v2\/tags?post=39747"}],"curies":[{"name":"wp","href":"https:\/\/api.w.org\/{rel}","templated":true}]}}