{"id":39745,"date":"2023-08-15T02:15:39","date_gmt":"2023-08-15T02:15:39","guid":{"rendered":"https:\/\/armstrongyregion.com.ar\/diario\/?p=39745"},"modified":"2023-08-15T02:15:42","modified_gmt":"2023-08-15T02:15:42","slug":"armstrong-informe-area-de-orden-publico-14-08-2023","status":"publish","type":"post","link":"https:\/\/armstrongyregion.com.ar\/diario\/armstrong-informe-area-de-orden-publico-14-08-2023\/","title":{"rendered":"Armstrong. Informe \u00c1rea de Orden P\u00fablico 14\/08\/2023."},"content":{"rendered":"\n<figure class=\"wp-block-image size-full\"><a href=\"http:\/\/armstrongyregion.com.ar\/diario\/wp-content\/uploads\/2023\/04\/informe_orden_publico.jpg\"><img loading=\"lazy\" decoding=\"async\" width=\"405\" height=\"406\" src=\"http:\/\/armstrongyregion.com.ar\/diario\/wp-content\/uploads\/2023\/04\/informe_orden_publico.jpg\" alt=\"\" class=\"wp-image-38258\" srcset=\"https:\/\/armstrongyregion.com.ar\/diario\/wp-content\/uploads\/2023\/04\/informe_orden_publico.jpg 405w, https:\/\/armstrongyregion.com.ar\/diario\/wp-content\/uploads\/2023\/04\/informe_orden_publico-300x300.jpg 300w, https:\/\/armstrongyregion.com.ar\/diario\/wp-content\/uploads\/2023\/04\/informe_orden_publico-150x150.jpg 150w\" sizes=\"auto, (max-width: 405px) 100vw, 405px\" \/><\/a><\/figure>\n\n\n\n<p>El \u00c1rea de Orden P\u00fablico de la Municipalidad de Armstrong inform\u00f3 que en el transcurso de la<br>\u00faltima semana se procedi\u00f3 a realizar recorridos en coordinaci\u00f3n con Polic\u00eda y central de monitoreo<br>para acciones de prevenci\u00f3n de faltas y delitos, con presencia efectiva en barrio FoNaVi Sur<br>incluyendo plaza Nona Rocha.<br>Tambi\u00e9n se llevan a cabo recorridos preventivos en coordinaci\u00f3n con la polic\u00eda local en diferentes<br>zonas de la ciudad, para dar aviso a la comisar\u00eda de personas y veh\u00edculos sospechosos, con<br>comunicaci\u00f3n entre las patrullas y coordinaci\u00f3n con central de monitoreo.<br>Con presencia policial preventiva se secuestr\u00f3 un motoveh\u00edculo conducido por una femenina<br>mayor de edad por circular en contramano, falta de dominio ostensible, falta de documentaci\u00f3n<br>exigible para circular.<br>Secuestro de otro motoveh\u00edculo conducido por un menor de edad por falta de documentaci\u00f3n<br>exigible para circular.<br>En ambos casos interviene el Juzgado Municipal de Faltas.<br>En el Km. 396 de Ruta Nacional N\u00b0 9 se realiz\u00f3 un operativo de control en conjunto con la Agencia<br>Provincial de Seguridad Vial, Polic\u00eda de Seguridad Vial y Comisar\u00eda Tercera, consistente en<br>alcoholemias fiscalizaci\u00f3n de documentaci\u00f3n obligatoria para circular, excesos de pasajeros, uso<br>de dispositivos de seguridad, etc.<br>Resultado: Veh\u00edculos controlados: 85. 14 actas labradas por licencias de conducir vencidas, falta de<br>seguro y falta de Revisi\u00f3n T\u00e9cnica Obligatoria.<\/p>\n","protected":false},"excerpt":{"rendered":"<p>El \u00c1rea de Orden P\u00fablico de la Municipalidad de Armstrong inform\u00f3 que en el transcurso de la\u00faltima semana se procedi\u00f3 a realizar recorridos en coordinaci\u00f3n con Polic\u00eda y central de monitoreopara acciones de prevenci\u00f3n de faltas y delitos, con presencia efectiva en barrio FoNaVi Surincluyendo plaza Nona Rocha.Tambi\u00e9n se llevan a cabo recorridos preventivos en <a href=\"https:\/\/armstrongyregion.com.ar\/diario\/armstrong-informe-area-de-orden-publico-14-08-2023\/\" title=\"Read more\" >&#8230;<\/a><\/p>\n","protected":false},"author":1,"featured_media":38258,"comment_status":"open","ping_status":"open","sticky":false,"template":"","format":"image","meta":{"_jetpack_memberships_contains_paid_content":false,"footnotes":"","jetpack_publicize_message":"","jetpack_publicize_feature_enabled":true,"jetpack_social_post_already_shared":true,"jetpack_social_options":{"image_generator_settings":{"template":"highway","default_image_id":0,"enabled":false},"version":2}},"categories":[8,1,2,7,3],"tags":[20,8653,1570,8585],"class_list":["post-39745","post","type-post","status-publish","format-image","has-post-thumbnail","hentry","category-deliberando","category-diario-armstrong","category-locales","category-politica","category-region","tag-armstrong","tag-informe-2","tag-orden","tag-publico-2","post_format-post-format-image"],"jetpack_publicize_connections":[],"jetpack_featured_media_url":"https:\/\/armstrongyregion.com.ar\/diario\/wp-content\/uploads\/2023\/04\/informe_orden_publico.jpg","jetpack_shortlink":"https:\/\/wp.me\/p62QDO-al3","jetpack_sharing_enabled":true,"amp_enabled":true,"_links":{"self":[{"href":"https:\/\/armstrongyregion.com.ar\/diario\/wp-json\/wp\/v2\/posts\/39745","targetHints":{"allow":["GET"]}}],"collection":[{"href":"https:\/\/armstrongyregion.com.ar\/diario\/wp-json\/wp\/v2\/posts"}],"about":[{"href":"https:\/\/armstrongyregion.com.ar\/diario\/wp-json\/wp\/v2\/types\/post"}],"author":[{"embeddable":true,"href":"https:\/\/armstrongyregion.com.ar\/diario\/wp-json\/wp\/v2\/users\/1"}],"replies":[{"embeddable":true,"href":"https:\/\/armstrongyregion.com.ar\/diario\/wp-json\/wp\/v2\/comments?post=39745"}],"version-history":[{"count":1,"href":"https:\/\/armstrongyregion.com.ar\/diario\/wp-json\/wp\/v2\/posts\/39745\/revisions"}],"predecessor-version":[{"id":39746,"href":"https:\/\/armstrongyregion.com.ar\/diario\/wp-json\/wp\/v2\/posts\/39745\/revisions\/39746"}],"wp:featuredmedia":[{"embeddable":true,"href":"https:\/\/armstrongyregion.com.ar\/diario\/wp-json\/wp\/v2\/media\/38258"}],"wp:attachment":[{"href":"https:\/\/armstrongyregion.com.ar\/diario\/wp-json\/wp\/v2\/media?parent=39745"}],"wp:term":[{"taxonomy":"category","embeddable":true,"href":"https:\/\/armstrongyregion.com.ar\/diario\/wp-json\/wp\/v2\/categories?post=39745"},{"taxonomy":"post_tag","embeddable":true,"href":"https:\/\/armstrongyregion.com.ar\/diario\/wp-json\/wp\/v2\/tags?post=39745"}],"curies":[{"name":"wp","href":"https:\/\/api.w.org\/{rel}","templated":true}]}}