{"id":39737,"date":"2023-08-13T02:34:20","date_gmt":"2023-08-13T02:34:20","guid":{"rendered":"https:\/\/armstrongyregion.com.ar\/diario\/?p=39737"},"modified":"2023-08-13T02:34:23","modified_gmt":"2023-08-13T02:34:23","slug":"vamos-a-implementar-el-programa-senador-las-24hs","status":"publish","type":"post","link":"https:\/\/armstrongyregion.com.ar\/diario\/vamos-a-implementar-el-programa-senador-las-24hs\/","title":{"rendered":"\u00abVamos a implementar el programa Senador las 24hs\u00bb."},"content":{"rendered":"\n<figure class=\"wp-block-image size-full\"><a href=\"http:\/\/armstrongyregion.com.ar\/diario\/wp-content\/uploads\/2023\/07\/crossetti-4-7-23.jpg\"><img loading=\"lazy\" decoding=\"async\" width=\"360\" height=\"203\" src=\"http:\/\/armstrongyregion.com.ar\/diario\/wp-content\/uploads\/2023\/07\/crossetti-4-7-23.jpg\" alt=\"\" class=\"wp-image-39280\" srcset=\"https:\/\/armstrongyregion.com.ar\/diario\/wp-content\/uploads\/2023\/07\/crossetti-4-7-23.jpg 360w, https:\/\/armstrongyregion.com.ar\/diario\/wp-content\/uploads\/2023\/07\/crossetti-4-7-23-300x169.jpg 300w\" sizes=\"auto, (max-width: 360px) 100vw, 360px\" \/><\/a><\/figure>\n\n\n\n<h2 class=\"wp-block-heading\">As\u00ed lo expres\u00f3 el candidato a Senador por el Dep. Belgrano Alberto Crossetti, \u00abtengo un proyecto que voy a llevar adelante, S24 (Senador 24hs), para atender las urgencias del vecino a todo momento.<\/h2>\n\n\n\n<figure class=\"wp-block-audio\"><audio controls src=\"http:\/\/armstrongyregion.com.ar\/diario\/wp-content\/uploads\/2023\/08\/multimedia.audio_.9a59aa07afa1e2f7.YXVkaW8gbW9uby5tcDM.mp3\"><\/audio><figcaption class=\"wp-element-caption\">Alberto Crossetti. Candidato a Senador Dpto. Belgrano<\/figcaption><\/figure>\n\n\n\n<p>Comenz\u00f3 la carrera de cara a las elecciones generales en la provincia de Santa Fe. El 10 de septiembre la provincia elegir\u00e1 Concejales, Intendentes, Ptes. Comunales, Senadores, Diputados y Gobernador.&nbsp;<\/p>\n\n\n\n<p>El candidato a Senador por el Dep. Belgrano Alberto Crosetti present\u00f3 sus propuestas de campa\u00f1a, Crosetti competir\u00e1 por una banca en la C\u00e1mara Alta del Poder Legislativo provincial de Santa Fe junto al actual legislador Guillermo Cornaglia y el Intendente de Armstrong Pablo Verdecchia.\u00a0<\/p>\n\n\n\n<p>Fuente: Renacer Regional.<\/p>\n","protected":false},"excerpt":{"rendered":"<p>As\u00ed lo expres\u00f3 el candidato a Senador por el Dep. Belgrano Alberto Crossetti, \u00abtengo un proyecto que voy a llevar adelante, S24 (Senador 24hs), para atender las urgencias del vecino a todo momento. Comenz\u00f3 la carrera de cara a las elecciones generales en la provincia de Santa Fe. El 10 de septiembre la provincia elegir\u00e1 <a href=\"https:\/\/armstrongyregion.com.ar\/diario\/vamos-a-implementar-el-programa-senador-las-24hs\/\" title=\"Read more\" >&#8230;<\/a><\/p>\n","protected":false},"author":1,"featured_media":39280,"comment_status":"open","ping_status":"open","sticky":false,"template":"","format":"image","meta":{"_jetpack_memberships_contains_paid_content":false,"footnotes":"","jetpack_publicize_message":"","jetpack_publicize_feature_enabled":true,"jetpack_social_post_already_shared":true,"jetpack_social_options":{"image_generator_settings":{"template":"highway","default_image_id":0,"enabled":false},"version":2}},"categories":[8,5,2,7,3],"tags":[9705,33,9706,16,582,238,3683],"class_list":["post-39737","post","type-post","status-publish","format-image","has-post-thumbnail","hentry","category-deliberando","category-deportes","category-locales","category-politica","category-region","tag-24hs","tag-a","tag-crossetti-2","tag-el","tag-programa","tag-senador","tag-vamos","post_format-post-format-image"],"jetpack_publicize_connections":[],"jetpack_featured_media_url":"https:\/\/armstrongyregion.com.ar\/diario\/wp-content\/uploads\/2023\/07\/crossetti-4-7-23.jpg","jetpack_shortlink":"https:\/\/wp.me\/p62QDO-akV","jetpack_sharing_enabled":true,"amp_enabled":true,"_links":{"self":[{"href":"https:\/\/armstrongyregion.com.ar\/diario\/wp-json\/wp\/v2\/posts\/39737","targetHints":{"allow":["GET"]}}],"collection":[{"href":"https:\/\/armstrongyregion.com.ar\/diario\/wp-json\/wp\/v2\/posts"}],"about":[{"href":"https:\/\/armstrongyregion.com.ar\/diario\/wp-json\/wp\/v2\/types\/post"}],"author":[{"embeddable":true,"href":"https:\/\/armstrongyregion.com.ar\/diario\/wp-json\/wp\/v2\/users\/1"}],"replies":[{"embeddable":true,"href":"https:\/\/armstrongyregion.com.ar\/diario\/wp-json\/wp\/v2\/comments?post=39737"}],"version-history":[{"count":1,"href":"https:\/\/armstrongyregion.com.ar\/diario\/wp-json\/wp\/v2\/posts\/39737\/revisions"}],"predecessor-version":[{"id":39739,"href":"https:\/\/armstrongyregion.com.ar\/diario\/wp-json\/wp\/v2\/posts\/39737\/revisions\/39739"}],"wp:featuredmedia":[{"embeddable":true,"href":"https:\/\/armstrongyregion.com.ar\/diario\/wp-json\/wp\/v2\/media\/39280"}],"wp:attachment":[{"href":"https:\/\/armstrongyregion.com.ar\/diario\/wp-json\/wp\/v2\/media?parent=39737"}],"wp:term":[{"taxonomy":"category","embeddable":true,"href":"https:\/\/armstrongyregion.com.ar\/diario\/wp-json\/wp\/v2\/categories?post=39737"},{"taxonomy":"post_tag","embeddable":true,"href":"https:\/\/armstrongyregion.com.ar\/diario\/wp-json\/wp\/v2\/tags?post=39737"}],"curies":[{"name":"wp","href":"https:\/\/api.w.org\/{rel}","templated":true}]}}