{"id":39730,"date":"2023-08-13T02:04:54","date_gmt":"2023-08-13T02:04:54","guid":{"rendered":"https:\/\/armstrongyregion.com.ar\/diario\/?p=39730"},"modified":"2023-08-13T02:04:57","modified_gmt":"2023-08-13T02:04:57","slug":"armstrong-quedo-inaugurada-la-nueva-iluminacion-en-calle-iraci","status":"publish","type":"post","link":"https:\/\/armstrongyregion.com.ar\/diario\/armstrong-quedo-inaugurada-la-nueva-iluminacion-en-calle-iraci\/","title":{"rendered":"<strong>Armstrong. Qued\u00f3 inaugurada la nueva iluminaci\u00f3n en calle Iraci.<\/strong>"},"content":{"rendered":"\n<figure class=\"wp-block-image size-full\"><a href=\"http:\/\/armstrongyregion.com.ar\/diario\/wp-content\/uploads\/2023\/08\/ILUMINACION-12-8-A.jpg\"><img loading=\"lazy\" decoding=\"async\" width=\"338\" height=\"225\" src=\"http:\/\/armstrongyregion.com.ar\/diario\/wp-content\/uploads\/2023\/08\/ILUMINACION-12-8-A.jpg\" alt=\"\" class=\"wp-image-39731\" srcset=\"https:\/\/armstrongyregion.com.ar\/diario\/wp-content\/uploads\/2023\/08\/ILUMINACION-12-8-A.jpg 338w, https:\/\/armstrongyregion.com.ar\/diario\/wp-content\/uploads\/2023\/08\/ILUMINACION-12-8-A-300x200.jpg 300w\" sizes=\"auto, (max-width: 338px) 100vw, 338px\" \/><\/a><\/figure>\n\n\n\n<h2 class=\"wp-block-heading\"><strong>El pasado jueves se inaugur\u00f3 la primera etapa de la nueva iluminaci\u00f3n en calle Iraci. Entre Sanguinetti y Bv. 14 de Diciembre.<\/strong><\/h2>\n\n\n\n<figure class=\"wp-block-image size-full\"><a href=\"http:\/\/armstrongyregion.com.ar\/diario\/wp-content\/uploads\/2023\/08\/ILUMINACION-12-8-B.jpg\"><img loading=\"lazy\" decoding=\"async\" width=\"338\" height=\"225\" src=\"http:\/\/armstrongyregion.com.ar\/diario\/wp-content\/uploads\/2023\/08\/ILUMINACION-12-8-B.jpg\" alt=\"\" class=\"wp-image-39732\" srcset=\"https:\/\/armstrongyregion.com.ar\/diario\/wp-content\/uploads\/2023\/08\/ILUMINACION-12-8-B.jpg 338w, https:\/\/armstrongyregion.com.ar\/diario\/wp-content\/uploads\/2023\/08\/ILUMINACION-12-8-B-300x200.jpg 300w\" sizes=\"auto, (max-width: 338px) 100vw, 338px\" \/><\/a><\/figure>\n\n\n\n<p><strong>El intendente Dr. Pablo Verdecchia en di\u00e1logo con nuestro medio expres\u00f3; \u201cEstamos llevando a cabo la renovaci\u00f3n del 100% de la iluminaci\u00f3n existente para el a\u00f1o 2025. Pensar los objetivos de la ciudad a largo plazo permite organizar los recursos para que en momentos de crisis como estos, podamos seguir avanzando con las obras que nuestra ciudad necesita\u201d.<\/strong><\/p>\n","protected":false},"excerpt":{"rendered":"<p>El pasado jueves se inaugur\u00f3 la primera etapa de la nueva iluminaci\u00f3n en calle Iraci. Entre Sanguinetti y Bv. 14 de Diciembre. El intendente Dr. Pablo Verdecchia en di\u00e1logo con nuestro medio expres\u00f3; \u201cEstamos llevando a cabo la renovaci\u00f3n del 100% de la iluminaci\u00f3n existente para el a\u00f1o 2025. Pensar los objetivos de la ciudad <a href=\"https:\/\/armstrongyregion.com.ar\/diario\/armstrong-quedo-inaugurada-la-nueva-iluminacion-en-calle-iraci\/\" title=\"Read more\" >&#8230;<\/a><\/p>\n","protected":false},"author":1,"featured_media":39731,"comment_status":"open","ping_status":"open","sticky":false,"template":"","format":"image","meta":{"_jetpack_memberships_contains_paid_content":false,"footnotes":"","jetpack_publicize_message":"","jetpack_publicize_feature_enabled":true,"jetpack_social_post_already_shared":true,"jetpack_social_options":{"image_generator_settings":{"template":"highway","default_image_id":0,"enabled":false},"version":2}},"categories":[8,1,2,7,3],"tags":[20,345,15,714,2768,3834,31,275,1661],"class_list":["post-39730","post","type-post","status-publish","format-image","has-post-thumbnail","hentry","category-deliberando","category-diario-armstrong","category-locales","category-politica","category-region","tag-armstrong","tag-calle","tag-en","tag-iluminacion","tag-inaugurada","tag-iraci","tag-la","tag-nueva","tag-quedo","post_format-post-format-image"],"jetpack_publicize_connections":[],"jetpack_featured_media_url":"https:\/\/armstrongyregion.com.ar\/diario\/wp-content\/uploads\/2023\/08\/ILUMINACION-12-8-A.jpg","jetpack_shortlink":"https:\/\/wp.me\/p62QDO-akO","jetpack_sharing_enabled":true,"amp_enabled":true,"_links":{"self":[{"href":"https:\/\/armstrongyregion.com.ar\/diario\/wp-json\/wp\/v2\/posts\/39730","targetHints":{"allow":["GET"]}}],"collection":[{"href":"https:\/\/armstrongyregion.com.ar\/diario\/wp-json\/wp\/v2\/posts"}],"about":[{"href":"https:\/\/armstrongyregion.com.ar\/diario\/wp-json\/wp\/v2\/types\/post"}],"author":[{"embeddable":true,"href":"https:\/\/armstrongyregion.com.ar\/diario\/wp-json\/wp\/v2\/users\/1"}],"replies":[{"embeddable":true,"href":"https:\/\/armstrongyregion.com.ar\/diario\/wp-json\/wp\/v2\/comments?post=39730"}],"version-history":[{"count":1,"href":"https:\/\/armstrongyregion.com.ar\/diario\/wp-json\/wp\/v2\/posts\/39730\/revisions"}],"predecessor-version":[{"id":39733,"href":"https:\/\/armstrongyregion.com.ar\/diario\/wp-json\/wp\/v2\/posts\/39730\/revisions\/39733"}],"wp:featuredmedia":[{"embeddable":true,"href":"https:\/\/armstrongyregion.com.ar\/diario\/wp-json\/wp\/v2\/media\/39731"}],"wp:attachment":[{"href":"https:\/\/armstrongyregion.com.ar\/diario\/wp-json\/wp\/v2\/media?parent=39730"}],"wp:term":[{"taxonomy":"category","embeddable":true,"href":"https:\/\/armstrongyregion.com.ar\/diario\/wp-json\/wp\/v2\/categories?post=39730"},{"taxonomy":"post_tag","embeddable":true,"href":"https:\/\/armstrongyregion.com.ar\/diario\/wp-json\/wp\/v2\/tags?post=39730"}],"curies":[{"name":"wp","href":"https:\/\/api.w.org\/{rel}","templated":true}]}}