{"id":3973,"date":"2015-09-08T15:06:33","date_gmt":"2015-09-08T15:06:33","guid":{"rendered":"https:\/\/armstrongyregion.com.ar\/diario\/?p=3973"},"modified":"2015-09-08T15:06:33","modified_gmt":"2015-09-08T15:06:33","slug":"suenos-de-corazon-en-el-museo-historico-municipal","status":"publish","type":"post","link":"https:\/\/armstrongyregion.com.ar\/diario\/suenos-de-corazon-en-el-museo-historico-municipal\/","title":{"rendered":"\u201cSue\u00f1os de Coraz\u00f3n\u201d en el Museo Hist\u00f3rico Municipal."},"content":{"rendered":"<p><a href=\"http:\/\/armstrongyregion.com.ar\/diario\/wp-content\/uploads\/2015\/09\/mhmseptiembreplaca.jpg\"><img loading=\"lazy\" decoding=\"async\" class=\"alignnone size-medium wp-image-3974\" src=\"http:\/\/armstrongyregion.com.ar\/diario\/wp-content\/uploads\/2015\/09\/mhmseptiembreplaca-300x215.jpg\" alt=\"mhmseptiembreplaca\" width=\"300\" height=\"215\" srcset=\"https:\/\/armstrongyregion.com.ar\/diario\/wp-content\/uploads\/2015\/09\/mhmseptiembreplaca-300x215.jpg 300w, https:\/\/armstrongyregion.com.ar\/diario\/wp-content\/uploads\/2015\/09\/mhmseptiembreplaca-1024x732.jpg 1024w, https:\/\/armstrongyregion.com.ar\/diario\/wp-content\/uploads\/2015\/09\/mhmseptiembreplaca.jpg 1165w\" sizes=\"auto, (max-width: 300px) 100vw, 300px\" \/><\/a>La Municipalidad de Armstrong invita a la apertura de la muestra titulada \u201cSue\u00f1os de Coraz\u00f3n\u201d , dibujos sobre textiles recuperados y objetos textiles ,que se realizar\u00e1 el pr\u00f3ximo jueves 10 de setiembre a las 19:30 hs. en el SUM del Museo Hist\u00f3rico Municipal (MHM).<br \/>\nLa obra es de la artista rosarina Mar\u00eda Cristina P\u00e9rez quien obtiene su t\u00edtulo en la Escuela de Bellas Artes de la Facultad de Humanidades y Artes, Universidad Nacional de Rosario. Es docente investigadora. Ha sido Directora de la E.B.A. En la actualidad es Consejera Directiva titular en el Consejo Directivo de la Facultad de Humanidades y Artes, U.N.R. Es docente titular concursada en Dibujo III, Dibujo V, y Taller de Pintura II (Especialidad). Participa en congresos y jornadas nacionales e internacionales. Ha publicado en el \u00e1mbito nacional e internacional. Expone desde 1983, en muestras grupales e individuales. Ha participado en numerosos salones, obteniendo premios y menciones.<\/p>\n","protected":false},"excerpt":{"rendered":"<p>La Municipalidad de Armstrong invita a la apertura de la muestra titulada \u201cSue\u00f1os de Coraz\u00f3n\u201d , dibujos sobre textiles recuperados y objetos textiles ,que se realizar\u00e1 el pr\u00f3ximo jueves 10 de setiembre a las 19:30 hs. en el SUM del Museo Hist\u00f3rico Municipal (MHM). La obra es de la artista rosarina Mar\u00eda Cristina P\u00e9rez quien <a href=\"https:\/\/armstrongyregion.com.ar\/diario\/suenos-de-corazon-en-el-museo-historico-municipal\/\" title=\"Read more\" >&#8230;<\/a><\/p>\n","protected":false},"author":2,"featured_media":3974,"comment_status":"open","ping_status":"open","sticky":false,"template":"","format":"standard","meta":{"_jetpack_memberships_contains_paid_content":false,"footnotes":"","jetpack_publicize_message":"","jetpack_publicize_feature_enabled":true,"jetpack_social_post_already_shared":false,"jetpack_social_options":{"image_generator_settings":{"template":"highway","default_image_id":0,"enabled":false},"version":2}},"categories":[6,1,2],"tags":[2703,19,16,15,2134,524,1361,1627],"class_list":["post-3973","post","type-post","status-publish","format-standard","has-post-thumbnail","hentry","category-cultura-entretenimiento","category-diario-armstrong","category-locales","tag-corazon","tag-de","tag-el","tag-en","tag-historico","tag-municipal","tag-museo","tag-suenos"],"jetpack_publicize_connections":[],"jetpack_featured_media_url":"https:\/\/armstrongyregion.com.ar\/diario\/wp-content\/uploads\/2015\/09\/mhmseptiembreplaca.jpg","jetpack_shortlink":"https:\/\/wp.me\/p62QDO-125","jetpack_sharing_enabled":true,"amp_enabled":true,"_links":{"self":[{"href":"https:\/\/armstrongyregion.com.ar\/diario\/wp-json\/wp\/v2\/posts\/3973","targetHints":{"allow":["GET"]}}],"collection":[{"href":"https:\/\/armstrongyregion.com.ar\/diario\/wp-json\/wp\/v2\/posts"}],"about":[{"href":"https:\/\/armstrongyregion.com.ar\/diario\/wp-json\/wp\/v2\/types\/post"}],"author":[{"embeddable":true,"href":"https:\/\/armstrongyregion.com.ar\/diario\/wp-json\/wp\/v2\/users\/2"}],"replies":[{"embeddable":true,"href":"https:\/\/armstrongyregion.com.ar\/diario\/wp-json\/wp\/v2\/comments?post=3973"}],"version-history":[{"count":0,"href":"https:\/\/armstrongyregion.com.ar\/diario\/wp-json\/wp\/v2\/posts\/3973\/revisions"}],"wp:featuredmedia":[{"embeddable":true,"href":"https:\/\/armstrongyregion.com.ar\/diario\/wp-json\/wp\/v2\/media\/3974"}],"wp:attachment":[{"href":"https:\/\/armstrongyregion.com.ar\/diario\/wp-json\/wp\/v2\/media?parent=3973"}],"wp:term":[{"taxonomy":"category","embeddable":true,"href":"https:\/\/armstrongyregion.com.ar\/diario\/wp-json\/wp\/v2\/categories?post=3973"},{"taxonomy":"post_tag","embeddable":true,"href":"https:\/\/armstrongyregion.com.ar\/diario\/wp-json\/wp\/v2\/tags?post=3973"}],"curies":[{"name":"wp","href":"https:\/\/api.w.org\/{rel}","templated":true}]}}