{"id":39724,"date":"2023-08-11T03:44:18","date_gmt":"2023-08-11T03:44:18","guid":{"rendered":"https:\/\/armstrongyregion.com.ar\/diario\/?p=39724"},"modified":"2023-08-11T03:47:58","modified_gmt":"2023-08-11T03:47:58","slug":"armstrong-charla-sobre-cooperativismo-a-alumnos-de-escuelas-secundarias-a-cargo-del-lic-eduardo-fontenla","status":"publish","type":"post","link":"https:\/\/armstrongyregion.com.ar\/diario\/armstrong-charla-sobre-cooperativismo-a-alumnos-de-escuelas-secundarias-a-cargo-del-lic-eduardo-fontenla\/","title":{"rendered":"Armstrong. Charla sobre Cooperativismo a alumnos de escuelas secundarias a cargo del Lic. Eduardo Fontenla."},"content":{"rendered":"\n<figure class=\"wp-block-image size-full\"><a href=\"http:\/\/armstrongyregion.com.ar\/diario\/wp-content\/uploads\/2023\/08\/charla-fontenla.jpg\"><img loading=\"lazy\" decoding=\"async\" width=\"500\" height=\"282\" src=\"http:\/\/armstrongyregion.com.ar\/diario\/wp-content\/uploads\/2023\/08\/charla-fontenla.jpg\" alt=\"\" class=\"wp-image-39725\" srcset=\"https:\/\/armstrongyregion.com.ar\/diario\/wp-content\/uploads\/2023\/08\/charla-fontenla.jpg 500w, https:\/\/armstrongyregion.com.ar\/diario\/wp-content\/uploads\/2023\/08\/charla-fontenla-300x169.jpg 300w\" sizes=\"auto, (max-width: 500px) 100vw, 500px\" \/><\/a><\/figure>\n\n\n\n<p><strong>El licenciado Eduardo Fontenla estuvo en la ciudad de Armstrong, invitado por la Cooperativa Agropecuaria de Armstrong en el marco de su 70\u00b0 aniversario<\/strong>. <\/p>\n\n\n\n<p>El pasado mi\u00e9rcoles 9 de agosto, la Cooperativa <strong>Agropecuaria de Armstrong en el marco de su 70\u00b0 aniversario<\/strong>, brind\u00f3 una charla destinada a alumnos de 5to a\u00f1o de las Escuelas N\u00b0 51 Dr. Manuel Belgrano y N\u00b0 33 Dr. Mariano Moreno. La apertura estuvo a cargo del <strong>Pte. de la instituci\u00f3n Sr. Ra\u00fal Faraoni<\/strong>, quien present\u00f3 al disertante<strong> Lic.  Eduardo Fontenla.<\/strong><\/p>\n\n\n\n<figure class=\"wp-block-image size-full\"><a href=\"http:\/\/armstrongyregion.com.ar\/diario\/wp-content\/uploads\/2023\/08\/charla-fontenla-b.jpg\"><img loading=\"lazy\" decoding=\"async\" width=\"537\" height=\"355\" src=\"http:\/\/armstrongyregion.com.ar\/diario\/wp-content\/uploads\/2023\/08\/charla-fontenla-b.jpg\" alt=\"\" class=\"wp-image-39726\" srcset=\"https:\/\/armstrongyregion.com.ar\/diario\/wp-content\/uploads\/2023\/08\/charla-fontenla-b.jpg 537w, https:\/\/armstrongyregion.com.ar\/diario\/wp-content\/uploads\/2023\/08\/charla-fontenla-b-300x198.jpg 300w\" sizes=\"auto, (max-width: 537px) 100vw, 537px\" \/><\/a><\/figure>\n\n\n\n<p><strong> <\/strong><\/p>\n\n\n\n<p>Cabe destacar que el objetivo principal de esta actividad fue difundir la importancia de planificar el desarrollo sostenible con base en las cooperativas, incluyendo el di\u00e1logo con los j\u00f3venes.<\/p>\n\n\n\n<p>Fontela es especialista en cooperativismo y mutualismo y es integrante de la Coordinaci\u00f3n Nacional de Desarrollo Profesional y Territorial del Colegio de Graduados en Cooperativismo y Mutualismo.<\/p>\n\n\n\n<p><strong>\u00abEN EL PA\u00cdS EXISTEN TRES ECONOM\u00cdAS\u00bb<\/strong><\/p>\n\n\n\n<p>\u00abLo que buscamos \u2014 prosigui\u00f3 \u2014 es hacer una presentaci\u00f3n y luego una participaci\u00f3n y un di\u00e1logo. Nosotros venimos siempre con la idea de que no hay nadie que sepa todo y no hay nadie que no sepa nada. Partimos de ah\u00ed y de ver c\u00f3mo tambi\u00e9n los alumnos nos pueden expresar sus expectativas, sus necesidades, c\u00f3mo ven la realidad, compartir enfoques y ver si podemos sacar alguna conclusi\u00f3n com\u00fan\u00bb.<\/p>\n\n\n\n<p>Consultado sobre c\u00f3mo afecta el actual escenario econ\u00f3mico al mundo cooperativo, Fontenla coment\u00f3 que <strong>\u201cen nuestro pa\u00eds existen tres econom\u00edas: la econom\u00eda de capital privada, la econom\u00eda del Estado y la econom\u00eda cooperativa. Nosotros sostenemos que las regiones y las provincias del pa\u00eds funcionan mejor cuando existen las tres econom\u00edas. Y la econom\u00eda cooperativa nos parece muy importante sobre todo por el arraigo local y regional\u00bb.<\/strong><\/p>\n\n\n\n<p><strong>Puso luego especial \u00e9nfasis al puntualizar que \u00abhay algo que caracteriza a las cooperativas y es que su contribuci\u00f3n a lo local es clave. Su excedente, su contrataci\u00f3n de mano de obra y dem\u00e1s, siempre tienen un anclaje local. Por eso, solemos decir que no son lo mismo las comunidades y ciudades donde existen cooperativas que aquellas en las que no existen. Son muchos m\u00e1s din\u00e1micas, son mucho m\u00e1s potentes las comunidades donde hay presencia de econom\u00eda cooperativa\u201d.<\/strong><\/p>\n","protected":false},"excerpt":{"rendered":"<p>El licenciado Eduardo Fontenla estuvo en la ciudad de Armstrong, invitado por la Cooperativa Agropecuaria de Armstrong en el marco de su 70\u00b0 aniversario. El pasado mi\u00e9rcoles 9 de agosto, la Cooperativa Agropecuaria de Armstrong en el marco de su 70\u00b0 aniversario, brind\u00f3 una charla destinada a alumnos de 5to a\u00f1o de las Escuelas N\u00b0 <a href=\"https:\/\/armstrongyregion.com.ar\/diario\/armstrong-charla-sobre-cooperativismo-a-alumnos-de-escuelas-secundarias-a-cargo-del-lic-eduardo-fontenla\/\" title=\"Read more\" >&#8230;<\/a><\/p>\n","protected":false},"author":1,"featured_media":39725,"comment_status":"open","ping_status":"open","sticky":false,"template":"","format":"image","meta":{"_jetpack_memberships_contains_paid_content":false,"footnotes":"","jetpack_publicize_message":"","jetpack_publicize_feature_enabled":true,"jetpack_social_post_already_shared":true,"jetpack_social_options":{"image_generator_settings":{"template":"highway","default_image_id":0,"enabled":false},"version":2}},"categories":[6,8,1,2,7,3],"tags":[1311,432,9700,9699,9701],"class_list":["post-39724","post","type-post","status-publish","format-image","has-post-thumbnail","hentry","category-cultura-entretenimiento","category-deliberando","category-diario-armstrong","category-locales","category-politica","category-region","tag-agricola","tag-charla","tag-coopertaviva","tag-fontenla","tag-ganadera","post_format-post-format-image"],"jetpack_publicize_connections":[],"jetpack_featured_media_url":"https:\/\/armstrongyregion.com.ar\/diario\/wp-content\/uploads\/2023\/08\/charla-fontenla.jpg","jetpack_shortlink":"https:\/\/wp.me\/p62QDO-akI","jetpack_sharing_enabled":true,"amp_enabled":true,"_links":{"self":[{"href":"https:\/\/armstrongyregion.com.ar\/diario\/wp-json\/wp\/v2\/posts\/39724","targetHints":{"allow":["GET"]}}],"collection":[{"href":"https:\/\/armstrongyregion.com.ar\/diario\/wp-json\/wp\/v2\/posts"}],"about":[{"href":"https:\/\/armstrongyregion.com.ar\/diario\/wp-json\/wp\/v2\/types\/post"}],"author":[{"embeddable":true,"href":"https:\/\/armstrongyregion.com.ar\/diario\/wp-json\/wp\/v2\/users\/1"}],"replies":[{"embeddable":true,"href":"https:\/\/armstrongyregion.com.ar\/diario\/wp-json\/wp\/v2\/comments?post=39724"}],"version-history":[{"count":2,"href":"https:\/\/armstrongyregion.com.ar\/diario\/wp-json\/wp\/v2\/posts\/39724\/revisions"}],"predecessor-version":[{"id":39729,"href":"https:\/\/armstrongyregion.com.ar\/diario\/wp-json\/wp\/v2\/posts\/39724\/revisions\/39729"}],"wp:featuredmedia":[{"embeddable":true,"href":"https:\/\/armstrongyregion.com.ar\/diario\/wp-json\/wp\/v2\/media\/39725"}],"wp:attachment":[{"href":"https:\/\/armstrongyregion.com.ar\/diario\/wp-json\/wp\/v2\/media?parent=39724"}],"wp:term":[{"taxonomy":"category","embeddable":true,"href":"https:\/\/armstrongyregion.com.ar\/diario\/wp-json\/wp\/v2\/categories?post=39724"},{"taxonomy":"post_tag","embeddable":true,"href":"https:\/\/armstrongyregion.com.ar\/diario\/wp-json\/wp\/v2\/tags?post=39724"}],"curies":[{"name":"wp","href":"https:\/\/api.w.org\/{rel}","templated":true}]}}