{"id":39717,"date":"2023-08-11T02:03:01","date_gmt":"2023-08-11T02:03:01","guid":{"rendered":"https:\/\/armstrongyregion.com.ar\/diario\/?p=39717"},"modified":"2023-08-11T02:03:04","modified_gmt":"2023-08-11T02:03:04","slug":"la-provincia-realizo-una-jornada-de-capacitacion-sobre-grooming-ciudadania-digital-y-linea-102-en-ciudad-capital","status":"publish","type":"post","link":"https:\/\/armstrongyregion.com.ar\/diario\/la-provincia-realizo-una-jornada-de-capacitacion-sobre-grooming-ciudadania-digital-y-linea-102-en-ciudad-capital\/","title":{"rendered":"La provincia realiz\u00f3 una jornada de capacitaci\u00f3n sobre Grooming, Ciudadan\u00eda Digital y L\u00ednea 102, en ciudad capital."},"content":{"rendered":"\n<figure class=\"wp-block-image size-full\"><a href=\"http:\/\/armstrongyregion.com.ar\/diario\/wp-content\/uploads\/2023\/08\/festran-10-8-23.jpg\"><img loading=\"lazy\" decoding=\"async\" width=\"400\" height=\"267\" src=\"http:\/\/armstrongyregion.com.ar\/diario\/wp-content\/uploads\/2023\/08\/festran-10-8-23.jpg\" alt=\"\" class=\"wp-image-39718\" srcset=\"https:\/\/armstrongyregion.com.ar\/diario\/wp-content\/uploads\/2023\/08\/festran-10-8-23.jpg 400w, https:\/\/armstrongyregion.com.ar\/diario\/wp-content\/uploads\/2023\/08\/festran-10-8-23-300x200.jpg 300w\" sizes=\"auto, (max-width: 400px) 100vw, 400px\" \/><\/a><\/figure>\n\n\n\n<h2 class=\"wp-block-heading\">En el marco de la adhesi\u00f3n a la ley N\u00ba 27.590 \u00abMica Ortega\u201d, estuvo dirigida a personal de instituciones relacionadas con el cuidado de la ni\u00f1ez y adolescencia.<\/h2>\n\n\n\n<p>El Ministerio de Desarrollo Social de la provincia, a trav\u00e9s de la secretar\u00eda de los Derechos de la Ni\u00f1ez, Adolescencia y Familia, realiz\u00f3 la \u201cJornada de Capacitaci\u00f3n sobre Grooming, Ciudadan\u00eda Digital y L\u00ednea 102\u201d. La actividad se llev\u00f3 a cabo este mi\u00e9rcoles en la sede de la Federaci\u00f3n de Sindicatos de Trabajadores Municipales (Festram) en la ciudad de Santa Fe,<\/p>\n\n\n\n<p>El encuentro, que tuvo como marco el antecedente la adhesi\u00f3n a la Ley N\u00ba 27.590 \u00abMica Ortega\u201d, por parte del gobierno provincial, estuvo dirigida al personal que integra las distintas instituciones que trabajan con ni\u00f1ez y adolescencia, especialmente Centros de Acci\u00f3n Familiar (CAF) y centros residenciales.<\/p>\n\n\n\n<p>El objetivo principal de la capacitaci\u00f3n fue concientizar sobre la problem\u00e1tica de la vulneraci\u00f3n de los derechos de los ni\u00f1os, ni\u00f1as y adolescentes a trav\u00e9s de los entornos digitales. Y en la oportunidad disertaron coordinadores y profesionales de las secretar\u00edas nacional y provincial de Ni\u00f1ez.<\/p>\n\n\n\n<p>Las disertaciones giraron en torno a nociones conceptuales, tales como la violencia en entornos digitales, pasando por temas como el Plan Federal de capacitaci\u00f3n, el Programa Clic Derechos y la promoci\u00f3n y protecci\u00f3n de derechos de ni\u00f1as, ni\u00f1os y adolescentes.<\/p>\n\n\n\n<p>Adem\u00e1s, Lorena Bessonart y Daniela Gil, integrantes del equipo de la L\u00ednea 102, hicieron una presentaci\u00f3n de la misma posicion\u00e1ndola como herramienta de prevenci\u00f3n, promoci\u00f3n, difusi\u00f3n y protecci\u00f3n de los ni\u00f1os, ni\u00f1as y adolescentes.<\/p>\n\n\n\n<p>Al respecto, la secretaria de los Derechos de la Ni\u00f1ez, Adolescencia y Familia de la provincia, Patricia Chialvo, expres\u00f3: \u201cTomando conciencia de una problem\u00e1tica tan actual como es el grooming, debemos encontrar entre todos las herramientas adecuadas a la hora de intervenir en nuestros lugares de trabajo; y son ustedes, los trabajadores, quienes deben apropiarse de estas herramientas para enfrentar, de la mejor manera, estos nuevos desaf\u00edos que se les presentan\u201d.<\/p>\n\n\n\n<p>Por su parte, la jefa de Gabinete de la secretar\u00eda de Ni\u00f1ez, Adolescencia y Familia de Naci\u00f3n, Paula Chinellato, explic\u00f3 que \u201cel desaf\u00edo que tenemos desde las \u00e1reas de Ni\u00f1ez es empezar a abordar estas nuevas problem\u00e1ticas, tom\u00e1ndolas como una realidad que todo el tiempo se va modificando. Por ello, nos tenemos que aggiornar, capacitar, e incorporar nuevas perspectivas a la tem\u00e1tica de las violencias en los entornos digitales\u201d.<\/p>\n\n\n\n<p>La capacitaci\u00f3n estuvo a cargo de Paula Chinellato, Jjfa de Gabinete de la Secretar\u00eda de Ni\u00f1ez, Adolescencia y Familia de Naci\u00f3n, junto con Mariana Labhart, del Programa Clic Derechos, de la Jefatura de Gabinete de asesores de la Secretar\u00eda Nacional de Ni\u00f1ez, Adolescencia y Familia.<\/p>\n\n\n\n<p><strong>PRESENTES<\/strong><br>De la actividad participaron tambi\u00e9n la subsecretaria de Promoci\u00f3n y Protecci\u00f3n de Derechos de la Ni\u00f1ez, Adolescencia y Familia, Patricia Virgilio; la subsecretaria de Prevenci\u00f3n en Salud y Trayectorias Educativas de Ni\u00f1as, Ni\u00f1os y Adolescentes, Adriana Lusso; la directora provincial de Promoci\u00f3n de los Derechos de la Ni\u00f1ez, Adolescencia y Familia \u2013 Santa Fe, In\u00e9s Colmegna; y el Equipo Clic Derechos Santa Fe integrado por Marina Pagliaroli, Noelia Dieguez y Patricia Tibaldo, junto con dem\u00e1s autoridades nacionales y provinciales.<\/p>\n\n\n\n<p><strong>GROOMING<\/strong><br>Se conoce como grooming a toda acci\u00f3n por la que una persona adulta contacta a una ni\u00f1a, ni\u00f1o o adolescente a trav\u00e9s de comunicaciones electr\u00f3nicas, telecomunicaciones o cualquier otra tecnolog\u00eda de transmisi\u00f3n de datos, para atentar contra su integridad sexual. Muchas veces el contacto se realiza bajo una\u202f identidad falsa\u202fy creando un\u202fv\u00ednculo de confianza, pero tambi\u00e9n puede ser alguien conocido, del c\u00edrculo \u00edntimo, o un desconocido que no oculte su identidad.<\/p>\n\n\n\n<p>Es importante saber que, aunque la violencia ocurra en forma virtual,\u202fel da\u00f1o que produce es real y es necesario intervenir para restituir los derechos vulnerados. Desde diciembre de 2013 el C\u00f3digo Penal establece que \u202fel grooming es un delito\u202fque puede tener una pena de prisi\u00f3n de seis meses a cuatro a\u00f1os.<\/p>\n\n\n\n<p><strong>PROGRAMA CLIC DERECHOS<\/strong><br>La Ley 27.590 \u201cMica Ortega\u201d sancionada en 2020 y su decreto 407\/2022 de reglamentaci\u00f3n, crearon el\u202fPrograma Nacional de Prevenci\u00f3n y Concientizaci\u00f3n del Grooming o Ciberacoso contra Ni\u00f1as, Ni\u00f1os y Adolescentes &#8211; Clic Derechos, que tiene como objetivo proteger del grooming a infancias y adolescencias; ense\u00f1arles a usar internet de manera responsable; capacitar a las personas que trabajan en las escuelas; dar informaci\u00f3n acerca de este delito en los medios de comunicaci\u00f3n; y explicar c\u00f3mo y d\u00f3nde denunciar los casos.<\/p>\n\n\n\n<p><strong>L\u00cdNEA 102<\/strong><br>Es un servicio gratuito y confidencial, de atenci\u00f3n especializada sobre los derechos de chicas y chicos. Es un espacio de escucha, acompa\u00f1amiento y contenci\u00f3n a ni\u00f1as, ni\u00f1os y adolescentes, al que tambi\u00e9n pueden llamar personas adultas para consultar y recibir orientaci\u00f3n por diversos motivos.<\/p>\n\n\n\n<p>Seg\u00fan las expertas, desde su implementaci\u00f3n en 2021, la l\u00ednea recibi\u00f3 desde 124 localidades de la provincia un total de 1794 llamadas que fueron recepcionadas con car\u00e1cter de casos de riesgo, de la cuales 1008 fueron resueltas por los operadores y 324 fueron derivadas para su resoluci\u00f3n a trav\u00e9s de otros canales del Estado.<\/p>\n","protected":false},"excerpt":{"rendered":"<p>En el marco de la adhesi\u00f3n a la ley N\u00ba 27.590 \u00abMica Ortega\u201d, estuvo dirigida a personal de instituciones relacionadas con el cuidado de la ni\u00f1ez y adolescencia. El Ministerio de Desarrollo Social de la provincia, a trav\u00e9s de la secretar\u00eda de los Derechos de la Ni\u00f1ez, Adolescencia y Familia, realiz\u00f3 la \u201cJornada de Capacitaci\u00f3n <a href=\"https:\/\/armstrongyregion.com.ar\/diario\/la-provincia-realizo-una-jornada-de-capacitacion-sobre-grooming-ciudadania-digital-y-linea-102-en-ciudad-capital\/\" title=\"Read more\" >&#8230;<\/a><\/p>\n","protected":false},"author":1,"featured_media":39718,"comment_status":"open","ping_status":"open","sticky":false,"template":"","format":"image","meta":{"_jetpack_memberships_contains_paid_content":false,"footnotes":"","jetpack_publicize_message":"","jetpack_publicize_feature_enabled":true,"jetpack_social_post_already_shared":true,"jetpack_social_options":{"image_generator_settings":{"template":"highway","default_image_id":0,"enabled":false},"version":2}},"categories":[8,1,2,7,3],"tags":[1292,9567,9311,9568,118,13],"class_list":["post-39717","post","type-post","status-publish","format-image","has-post-thumbnail","hentry","category-deliberando","category-diario-armstrong","category-locales","category-politica","category-region","tag-capacitacion","tag-ciudadania-digital","tag-grooming","tag-linea-102","tag-sobre","tag-y","post_format-post-format-image"],"jetpack_publicize_connections":[],"jetpack_featured_media_url":"https:\/\/armstrongyregion.com.ar\/diario\/wp-content\/uploads\/2023\/08\/festran-10-8-23.jpg","jetpack_shortlink":"https:\/\/wp.me\/p62QDO-akB","jetpack_sharing_enabled":true,"amp_enabled":true,"_links":{"self":[{"href":"https:\/\/armstrongyregion.com.ar\/diario\/wp-json\/wp\/v2\/posts\/39717","targetHints":{"allow":["GET"]}}],"collection":[{"href":"https:\/\/armstrongyregion.com.ar\/diario\/wp-json\/wp\/v2\/posts"}],"about":[{"href":"https:\/\/armstrongyregion.com.ar\/diario\/wp-json\/wp\/v2\/types\/post"}],"author":[{"embeddable":true,"href":"https:\/\/armstrongyregion.com.ar\/diario\/wp-json\/wp\/v2\/users\/1"}],"replies":[{"embeddable":true,"href":"https:\/\/armstrongyregion.com.ar\/diario\/wp-json\/wp\/v2\/comments?post=39717"}],"version-history":[{"count":1,"href":"https:\/\/armstrongyregion.com.ar\/diario\/wp-json\/wp\/v2\/posts\/39717\/revisions"}],"predecessor-version":[{"id":39719,"href":"https:\/\/armstrongyregion.com.ar\/diario\/wp-json\/wp\/v2\/posts\/39717\/revisions\/39719"}],"wp:featuredmedia":[{"embeddable":true,"href":"https:\/\/armstrongyregion.com.ar\/diario\/wp-json\/wp\/v2\/media\/39718"}],"wp:attachment":[{"href":"https:\/\/armstrongyregion.com.ar\/diario\/wp-json\/wp\/v2\/media?parent=39717"}],"wp:term":[{"taxonomy":"category","embeddable":true,"href":"https:\/\/armstrongyregion.com.ar\/diario\/wp-json\/wp\/v2\/categories?post=39717"},{"taxonomy":"post_tag","embeddable":true,"href":"https:\/\/armstrongyregion.com.ar\/diario\/wp-json\/wp\/v2\/tags?post=39717"}],"curies":[{"name":"wp","href":"https:\/\/api.w.org\/{rel}","templated":true}]}}