{"id":39696,"date":"2023-08-09T00:40:24","date_gmt":"2023-08-09T00:40:24","guid":{"rendered":"https:\/\/armstrongyregion.com.ar\/diario\/?p=39696"},"modified":"2023-08-09T00:40:27","modified_gmt":"2023-08-09T00:40:27","slug":"armstrong-multitudinaria-maraton-honrando-al-gran-delfo","status":"publish","type":"post","link":"https:\/\/armstrongyregion.com.ar\/diario\/armstrong-multitudinaria-maraton-honrando-al-gran-delfo\/","title":{"rendered":"Armstrong. Multitudinaria marat\u00f3n honrando al Gran Delfo."},"content":{"rendered":"\n<figure class=\"wp-block-image size-full\"><a href=\"http:\/\/armstrongyregion.com.ar\/diario\/wp-content\/uploads\/2023\/08\/medio-maraton-.jpg\"><img loading=\"lazy\" decoding=\"async\" width=\"375\" height=\"467\" src=\"http:\/\/armstrongyregion.com.ar\/diario\/wp-content\/uploads\/2023\/08\/medio-maraton-.jpg\" alt=\"\" class=\"wp-image-39697\" srcset=\"https:\/\/armstrongyregion.com.ar\/diario\/wp-content\/uploads\/2023\/08\/medio-maraton-.jpg 375w, https:\/\/armstrongyregion.com.ar\/diario\/wp-content\/uploads\/2023\/08\/medio-maraton--241x300.jpg 241w\" sizes=\"auto, (max-width: 375px) 100vw, 375px\" \/><\/a><\/figure>\n\n\n\n<p>El domingo 6 de agosto con r\u00e9cords de inscriptos se realiz\u00f3 la 19\u00b0 edici\u00f3n del marat\u00f3n en<br>homenaje a Delfo Cabrera, a 75 a\u00f1os de la proeza alcanzada por el armstronense en los Juegos<br>Ol\u00edmpicos de Londres.<br>Nuestra ciudad vivi\u00f3 una verdadera fiesta del deporte, consagrando as\u00ed a este evento como uno de<br>los m\u00e1s importantes de la regi\u00f3n sumado a que a partir de este a\u00f1o las distancias de 10k y 21k son<br>certificadas, lo que les permite a los competidores formar parte del ranking nacional y tener la<br>posibilidad de integrar equipos nacionales.<br>Con una organizaci\u00f3n impecable por parte de la Municipalidad de Armstrong y la fiscalizaci\u00f3n<br>integral de la prueba a cargo de la Asociaci\u00f3n Rosarina de Atletismo (A.R.D.A.), en esta edici\u00f3n<br>2023 se cont\u00f3 con la participaci\u00f3n de 490 atletas en los circuitos competitivos, y m\u00e1s de 250<br>personas que se sumaron a los 6 km. integrativos, entre ellos, familiares directos de Delfo Cabrera.<br>El circuito perfectamente se\u00f1alizado para comodidad de los corredores, con banderilleros y jueces<br>de A.R.D.A. recorri\u00e9ndolo. Puestos de hidrataci\u00f3n y nutrientes en la llegada, y el acompa\u00f1amiento<br>y asistencia del S.U.S.A.M.Co, Bomberos Voluntarios y agentes de Tr\u00e1nsito.<br>Este a\u00f1o, los premios que se entregaron del 1\u00b0 al 5\u00b0 puesto de cada categor\u00eda para damas y<br>caballeros fue muy original. Se trata de una r\u00e9plica de la musculosa que us\u00f3 Delfo ese caluroso 7<br>de agosto de 1948 con el N\u00b0 233 en su pecho, emocionando a m\u00e1s de uno.<br>Como sucede en todas las competencias similares del pa\u00eds, se entregaron premios en efectivo del<br>1\u00b0 al 5\u00b0 puesto de la general, en 10k y 21k, damas y caballeros, y la Copa Challenger que por<br>reglamento la gana quien logra 3 triunfos consecutivos en la mayor distancia, por los caballeros<br>qued\u00f3 en casa aunque el atleta mejor posicionado fue Daniel Penta, de la ciudad de Rosario.<br>Con la Copa Challenger de damas no sucedi\u00f3 lo mismo. Por haber ganado 3 ediciones consecutivas<br>en 21k, la esperancina Patricia Ponce se alz\u00f3 con la misma.<br>El municipio agradece a los sponsors que acompa\u00f1aron con su auspicio: CADAL, Olivero Online,<br>Tarjeta Valor, Arsemet, Seguros La Segunda, Centro \u00d3ptico Armstrong.<br>Desde la organizaci\u00f3n anunciaron que ya se encuentran trabajando para el domingo 4 de agosto<br>de 2024 cuando se realice la edici\u00f3n N\u00b0 20 de esta gran propuesta deportiva que enorgullece a los<br>armstronenses, honrando la memoria de Delfo y acompa\u00f1ando al atletismo y sus protagonistas.<\/p>\n","protected":false},"excerpt":{"rendered":"<p>El domingo 6 de agosto con r\u00e9cords de inscriptos se realiz\u00f3 la 19\u00b0 edici\u00f3n del marat\u00f3n enhomenaje a Delfo Cabrera, a 75 a\u00f1os de la proeza alcanzada por el armstronense en los JuegosOl\u00edmpicos de Londres.Nuestra ciudad vivi\u00f3 una verdadera fiesta del deporte, consagrando as\u00ed a este evento como uno delos m\u00e1s importantes de la regi\u00f3n <a href=\"https:\/\/armstrongyregion.com.ar\/diario\/armstrong-multitudinaria-maraton-honrando-al-gran-delfo\/\" title=\"Read more\" >&#8230;<\/a><\/p>\n","protected":false},"author":1,"featured_media":39697,"comment_status":"open","ping_status":"open","sticky":false,"template":"","format":"image","meta":{"_jetpack_memberships_contains_paid_content":false,"footnotes":"","jetpack_publicize_message":"","jetpack_publicize_feature_enabled":true,"jetpack_social_post_already_shared":true,"jetpack_social_options":{"image_generator_settings":{"template":"highway","default_image_id":0,"enabled":false},"version":2}},"categories":[8,1,2,7,3],"tags":[179,20,1563,405,9694,1562,4326],"class_list":["post-39696","post","type-post","status-publish","format-image","has-post-thumbnail","hentry","category-deliberando","category-diario-armstrong","category-locales","category-politica","category-region","tag-al","tag-armstrong","tag-delfo","tag-gran","tag-honrando","tag-maraton","tag-multitudinaria","post_format-post-format-image"],"jetpack_publicize_connections":[],"jetpack_featured_media_url":"https:\/\/armstrongyregion.com.ar\/diario\/wp-content\/uploads\/2023\/08\/medio-maraton-.jpg","jetpack_shortlink":"https:\/\/wp.me\/p62QDO-akg","jetpack_sharing_enabled":true,"amp_enabled":true,"_links":{"self":[{"href":"https:\/\/armstrongyregion.com.ar\/diario\/wp-json\/wp\/v2\/posts\/39696","targetHints":{"allow":["GET"]}}],"collection":[{"href":"https:\/\/armstrongyregion.com.ar\/diario\/wp-json\/wp\/v2\/posts"}],"about":[{"href":"https:\/\/armstrongyregion.com.ar\/diario\/wp-json\/wp\/v2\/types\/post"}],"author":[{"embeddable":true,"href":"https:\/\/armstrongyregion.com.ar\/diario\/wp-json\/wp\/v2\/users\/1"}],"replies":[{"embeddable":true,"href":"https:\/\/armstrongyregion.com.ar\/diario\/wp-json\/wp\/v2\/comments?post=39696"}],"version-history":[{"count":1,"href":"https:\/\/armstrongyregion.com.ar\/diario\/wp-json\/wp\/v2\/posts\/39696\/revisions"}],"predecessor-version":[{"id":39698,"href":"https:\/\/armstrongyregion.com.ar\/diario\/wp-json\/wp\/v2\/posts\/39696\/revisions\/39698"}],"wp:featuredmedia":[{"embeddable":true,"href":"https:\/\/armstrongyregion.com.ar\/diario\/wp-json\/wp\/v2\/media\/39697"}],"wp:attachment":[{"href":"https:\/\/armstrongyregion.com.ar\/diario\/wp-json\/wp\/v2\/media?parent=39696"}],"wp:term":[{"taxonomy":"category","embeddable":true,"href":"https:\/\/armstrongyregion.com.ar\/diario\/wp-json\/wp\/v2\/categories?post=39696"},{"taxonomy":"post_tag","embeddable":true,"href":"https:\/\/armstrongyregion.com.ar\/diario\/wp-json\/wp\/v2\/tags?post=39696"}],"curies":[{"name":"wp","href":"https:\/\/api.w.org\/{rel}","templated":true}]}}