{"id":39662,"date":"2023-08-04T19:49:45","date_gmt":"2023-08-04T19:49:45","guid":{"rendered":"https:\/\/armstrongyregion.com.ar\/diario\/?p=39662"},"modified":"2023-08-04T19:49:48","modified_gmt":"2023-08-04T19:49:48","slug":"casalegno-presento-el-plan-de-seguridad-ciudadana","status":"publish","type":"post","link":"https:\/\/armstrongyregion.com.ar\/diario\/casalegno-presento-el-plan-de-seguridad-ciudadana\/","title":{"rendered":"Casalegno present\u00f3 el plan de seguridad ciudadana."},"content":{"rendered":"\n<figure class=\"wp-block-image size-full\"><a href=\"http:\/\/armstrongyregion.com.ar\/diario\/wp-content\/uploads\/2023\/08\/casalegno-plan.seguridad.jpg\"><img loading=\"lazy\" decoding=\"async\" width=\"400\" height=\"300\" src=\"http:\/\/armstrongyregion.com.ar\/diario\/wp-content\/uploads\/2023\/08\/casalegno-plan.seguridad.jpg\" alt=\"\" class=\"wp-image-39663\" srcset=\"https:\/\/armstrongyregion.com.ar\/diario\/wp-content\/uploads\/2023\/08\/casalegno-plan.seguridad.jpg 400w, https:\/\/armstrongyregion.com.ar\/diario\/wp-content\/uploads\/2023\/08\/casalegno-plan.seguridad-300x225.jpg 300w\" sizes=\"auto, (max-width: 400px) 100vw, 400px\" \/><\/a><\/figure>\n\n\n\n<p>Marcelo Casalegno present\u00f3 su nuevo plan de seguridad ciudadana con diferentes acciones e iniciativas que ya comienzan a entrar en vigencia, con el objetivo de colaborar desde la gesti\u00f3n municipal con la polic\u00eda en la prevenci\u00f3n del delito.<\/p>\n\n\n\n<p>En este marco, hizo p\u00fablico dos m\u00f3viles que se destinar\u00e1n al patrullaje por las calles de la ciudad, como parte de la \u201cGuardia Urbana de Prevenci\u00f3n. \u201cEscuchamos las demandas de los vecinos ante cada hecho de inseguridad. Estoy aqu\u00ed para hacerme cargo de las demandas y de las soluciones. Por lo que consider\u00e9 que era necesario tener presencia en las calles con estos m\u00f3viles y motocicletas que se sumar\u00e1n a las recorridas y personal que alertar\u00e1 a la polic\u00eda\u201d.<\/p>\n\n\n\n<p>Adem\u00e1s, hizo referencia a un proyecto de ordenanza que se present\u00f3 ayer con el objetivo de destinar un porcentaje de los ingresos a un fondo de seguridad ciudadana. \u201cNo es una acci\u00f3n aislada sino parte de un programa de seguridad que estamos implementando\u201d, agreg\u00f3.<\/p>\n\n\n\n<p>Finalmente, hizo referencia a la puesta en funcionamiento del Centro de Monitoreo Urbano, con personal propio del Municipio para monitorear el sistema de video vigilancia. \u201cVamos a instalar m\u00e1s fibra \u00f3ptica e incorporaremos un software de inteligencia artificial, adem\u00e1s de trabajar coordinadamente con la polic\u00eda en controles a los accesos de la ciudad\u201d.&nbsp;<\/p>\n","protected":false},"excerpt":{"rendered":"<p>Marcelo Casalegno present\u00f3 su nuevo plan de seguridad ciudadana con diferentes acciones e iniciativas que ya comienzan a entrar en vigencia, con el objetivo de colaborar desde la gesti\u00f3n municipal con la polic\u00eda en la prevenci\u00f3n del delito. En este marco, hizo p\u00fablico dos m\u00f3viles que se destinar\u00e1n al patrullaje por las calles de la <a href=\"https:\/\/armstrongyregion.com.ar\/diario\/casalegno-presento-el-plan-de-seguridad-ciudadana\/\" title=\"Read more\" >&#8230;<\/a><\/p>\n","protected":false},"author":1,"featured_media":39663,"comment_status":"open","ping_status":"open","sticky":false,"template":"","format":"image","meta":{"_jetpack_memberships_contains_paid_content":false,"footnotes":"","jetpack_publicize_message":"","jetpack_publicize_feature_enabled":true,"jetpack_social_post_already_shared":true,"jetpack_social_options":{"image_generator_settings":{"template":"highway","default_image_id":0,"enabled":false},"version":2}},"categories":[8,1,2,7,3],"tags":[588,9070,19,177,8991],"class_list":["post-39662","post","type-post","status-publish","format-image","has-post-thumbnail","hentry","category-deliberando","category-diario-armstrong","category-locales","category-politica","category-region","tag-casalegno","tag-ciudadana-2","tag-de","tag-plan","tag-seguridad-2","post_format-post-format-image"],"jetpack_publicize_connections":[],"jetpack_featured_media_url":"https:\/\/armstrongyregion.com.ar\/diario\/wp-content\/uploads\/2023\/08\/casalegno-plan.seguridad.jpg","jetpack_shortlink":"https:\/\/wp.me\/p62QDO-ajI","jetpack_sharing_enabled":true,"amp_enabled":true,"_links":{"self":[{"href":"https:\/\/armstrongyregion.com.ar\/diario\/wp-json\/wp\/v2\/posts\/39662","targetHints":{"allow":["GET"]}}],"collection":[{"href":"https:\/\/armstrongyregion.com.ar\/diario\/wp-json\/wp\/v2\/posts"}],"about":[{"href":"https:\/\/armstrongyregion.com.ar\/diario\/wp-json\/wp\/v2\/types\/post"}],"author":[{"embeddable":true,"href":"https:\/\/armstrongyregion.com.ar\/diario\/wp-json\/wp\/v2\/users\/1"}],"replies":[{"embeddable":true,"href":"https:\/\/armstrongyregion.com.ar\/diario\/wp-json\/wp\/v2\/comments?post=39662"}],"version-history":[{"count":1,"href":"https:\/\/armstrongyregion.com.ar\/diario\/wp-json\/wp\/v2\/posts\/39662\/revisions"}],"predecessor-version":[{"id":39664,"href":"https:\/\/armstrongyregion.com.ar\/diario\/wp-json\/wp\/v2\/posts\/39662\/revisions\/39664"}],"wp:featuredmedia":[{"embeddable":true,"href":"https:\/\/armstrongyregion.com.ar\/diario\/wp-json\/wp\/v2\/media\/39663"}],"wp:attachment":[{"href":"https:\/\/armstrongyregion.com.ar\/diario\/wp-json\/wp\/v2\/media?parent=39662"}],"wp:term":[{"taxonomy":"category","embeddable":true,"href":"https:\/\/armstrongyregion.com.ar\/diario\/wp-json\/wp\/v2\/categories?post=39662"},{"taxonomy":"post_tag","embeddable":true,"href":"https:\/\/armstrongyregion.com.ar\/diario\/wp-json\/wp\/v2\/tags?post=39662"}],"curies":[{"name":"wp","href":"https:\/\/api.w.org\/{rel}","templated":true}]}}