{"id":39656,"date":"2023-08-04T19:43:05","date_gmt":"2023-08-04T19:43:05","guid":{"rendered":"https:\/\/armstrongyregion.com.ar\/diario\/?p=39656"},"modified":"2023-08-04T19:43:08","modified_gmt":"2023-08-04T19:43:08","slug":"garcia-y-pullaro-encabezaron-el-primer-encuentro-de-unidos-rumbo-al-10-de-septiembre","status":"publish","type":"post","link":"https:\/\/armstrongyregion.com.ar\/diario\/garcia-y-pullaro-encabezaron-el-primer-encuentro-de-unidos-rumbo-al-10-de-septiembre\/","title":{"rendered":"Garc\u00eda y Pullaro encabezaron el primer encuentro de Unidos rumbo al 10 de septiembre."},"content":{"rendered":"\n<figure class=\"wp-block-image size-full\"><a href=\"http:\/\/armstrongyregion.com.ar\/diario\/wp-content\/uploads\/2023\/08\/pullaro-1-2-3-.jpg\"><img loading=\"lazy\" decoding=\"async\" width=\"320\" height=\"170\" src=\"http:\/\/armstrongyregion.com.ar\/diario\/wp-content\/uploads\/2023\/08\/pullaro-1-2-3-.jpg\" alt=\"\" class=\"wp-image-39657\" srcset=\"https:\/\/armstrongyregion.com.ar\/diario\/wp-content\/uploads\/2023\/08\/pullaro-1-2-3-.jpg 320w, https:\/\/armstrongyregion.com.ar\/diario\/wp-content\/uploads\/2023\/08\/pullaro-1-2-3--300x159.jpg 300w\" sizes=\"auto, (max-width: 320px) 100vw, 320px\" \/><\/a><\/figure>\n\n\n\n<h2 class=\"wp-block-heading\"><em>Con la presencia de la f\u00f3rmula a gobernador y vice y todos los integrantes de la lista de diputados y diputadas, el frente se mostr\u00f3 s\u00f3lido y comprometido con el objetivo de vencer al actual gobernador Perotti y garantizar la gobernabilidad de la pr\u00f3xima gesti\u00f3n.<\/em><\/h2>\n\n\n\n<p>Clara Garc\u00eda y Maximiliano Pullaro encabezaron este mi\u00e9rcoles en la capital provincial el primer encuentro de la f\u00f3rmula a gobernador y vice y la lista de diputadas y diputados provinciales del Frente Unidos para cambiar Santa Fe que surgiera tras las elecciones internas del pasado 16 de julio.&nbsp;<\/p>\n\n\n\n<p>Junto con el candidato a gobernador y a primera diputada provincial estuvieron la compa\u00f1era de f\u00f3rmula de Pullaro, Gisela Scaglia; y el resto de los candidatos a legisladores: Jos\u00e9 Corral, Dionisio Scarpin, Antonio Bonfatti, Rosana Bellati, Pablo Far\u00edas, Silvana Di Stefano, Ximena Sola, Joaqu\u00edn Blanco, Marcelo Gonz\u00e1lez, Varinia Drisun, Ariel Berm\u00fadez, Lionella Cattalini, Astrid Hummel, Gisel Mahmud, Walter Ghione, Leonardo Calaianov, Sof\u00eda Galnares, Mart\u00edn Ros\u00faa, Rub\u00e9n Galassi, Mar\u00eda Mancini, Fab\u00edan Bast\u00eda, Mar\u00eda Castellani, Mariano Cuvertino, Jimena Senn, Sergio Rojas y Sof\u00eda Masutti. Ximena Garc\u00eda, estuvo ausente por motivos de salud.<\/p>\n\n\n\n<p>\u201cTras la interna, todos miramos hacia adelante con un objetivo superior, que es llevar adelante un cambio de gobierno y de modelo pol\u00edtico en la provincia de Santa Fe\u201d, resalt\u00f3 Pullaro. \u201cLogramos un triunfo colectivo porque cre\u00edmos en el di\u00e1logo, el consenso, en que era importante acercar las diferencias entre partidos que ya hab\u00edamos compartido gobierno, como el radicalismo, el socialismo y el PDP, con otros que no. Entendimos que ten\u00edamos que estar juntos para ganar el gobierno provincial y obtuvimos 980 mil votos en una elecci\u00f3n primaria. El primer objetivo es asegurar esos votos; el segundo es construir la mayor\u00eda en las c\u00e1maras de Diputados y Senadores para llevar adelante los cambios que nos proponemos\u201d.&nbsp;<\/p>\n\n\n\n<p>Al respecto, Garc\u00eda remarc\u00f3: \u201cNuestro trabajo, el de los militantes territoriales y la gente que nos sigue tiene por objetivo primordial que Maxi y Gisela sean el pr\u00f3ximo gobernador y vicegobernadora de Santa Fe y tambi\u00e9n que cada uno de los 28 diputados seamos los leales custodios de la gobernabilidad de su gesti\u00f3n. Queremos que la Legislatura le brinde el apoyo en sus proyectos, las leyes que necesita, la aprobaci\u00f3n del presupuesto, el di\u00e1logo pol\u00edtico, el consenso y los acuerdos. Por eso el objetivo tambi\u00e9n es ganarle a (Omar) Perotti para que tengamos esa mayor\u00eda necesaria para llevar adelante las transformaciones que la provincia necesita\u201d.<\/p>\n\n\n\n<p>En el encuentro se defini\u00f3 conformar una coordinaci\u00f3n \u00fanica de la campa\u00f1a y buscar potenciar al m\u00e1ximo la diversidad pol\u00edtica y territorial de la lista de legisladores, con recorridas y presencia en el territorio, en conjunto con los candidatos a senadores departamentales, para obtener tambi\u00e9n acompa\u00f1amiento en el Senado para avanzar en \u201clas transformaciones pendientes que tiene la provincia de Santa Fe\u201d, que encarar\u00e1 la pr\u00f3xima gesti\u00f3n que tendr\u00e1 a Pullaro como gobernador.<\/p>\n\n\n\n<p>A su turno, Scaglia felicit\u00f3 a los distintos sectores que participaron de la interna y destac\u00f3 que \u201cla suma de votos habla de una situaci\u00f3n muy competitiva y hay que retener el voto de confianza de todos esos santafesinos. Trabajemos m\u00e1s que nunca; el gran desaf\u00edo es seguir trabajando todos los d\u00edas en el territorio para ganar la provincia y para que la pr\u00f3xima C\u00e1mara de Diputadas y Diputados tenga sinton\u00eda con el pr\u00f3ximo gobernador de la provincia\u201d.<\/p>\n\n\n\n<p>Jos\u00e9 Corral confi\u00f3 en que \u201cel 10 de septiembre terminar\u00e1 con un triunfo de Maxi y Gisela, de la lista de diputados y de la mayor cantidad de senadores posibles. Todos hicimos un aporte muy relevante pero el desaf\u00edo es crecer todo lo posible y captar es expresi\u00f3n de cambio que obtuvo la f\u00f3rmula de gobernador con todas sus listas, que casi lleg\u00f3 al mill\u00f3n de votos\u201d. &nbsp; &nbsp;<\/p>\n\n\n\n<p>A su turno, Dionisio Scarp\u00edn asegur\u00f3: \u201cEste equipo va a dar la pelea y va a ganar la C\u00e1mara de Diputadas y Diputados. Vamos ser mayor\u00eda para asegurar las transformaciones que necesita Santa Fe y tambi\u00e9n estoy convencido de que vamos a sumar senadores para tener mayor\u00eda en el Senado y terminar con el que ha sido el peor gobierno de la historia de la provincia\u201d.<\/p>\n\n\n\n<p>Antonio Bonfatti resalt\u00f3 que los 28 diputados y diputadas electos est\u00e9n \u201creunidos junto a Maxi y Gisela. No es menor la tarea para consolidar los valores de un proyecto pol\u00edtico que nos une, a pesar de los distintos or\u00edgenes partidarios. Tenemos que darles a nuestro gobernador y vicegobernadora la seguridad de que vamos a dialogar mucho y que podemos tener matices pero el objetivo es transformar la provincia de Santa Fe\u201d.<\/p>\n","protected":false},"excerpt":{"rendered":"<p>Con la presencia de la f\u00f3rmula a gobernador y vice y todos los integrantes de la lista de diputados y diputadas, el frente se mostr\u00f3 s\u00f3lido y comprometido con el objetivo de vencer al actual gobernador Perotti y garantizar la gobernabilidad de la pr\u00f3xima gesti\u00f3n. Clara Garc\u00eda y Maximiliano Pullaro encabezaron este mi\u00e9rcoles en la <a href=\"https:\/\/armstrongyregion.com.ar\/diario\/garcia-y-pullaro-encabezaron-el-primer-encuentro-de-unidos-rumbo-al-10-de-septiembre\/\" title=\"Read more\" >&#8230;<\/a><\/p>\n","protected":false},"author":1,"featured_media":39657,"comment_status":"open","ping_status":"open","sticky":false,"template":"","format":"image","meta":{"_jetpack_memberships_contains_paid_content":false,"footnotes":"","jetpack_publicize_message":"","jetpack_publicize_feature_enabled":true,"jetpack_social_post_already_shared":true,"jetpack_social_options":{"image_generator_settings":{"template":"highway","default_image_id":0,"enabled":false},"version":2}},"categories":[8,1,2,7,3],"tags":[19,9690,63,8616,2846,1448,13],"class_list":["post-39656","post","type-post","status-publish","format-image","has-post-thumbnail","hentry","category-deliberando","category-diario-armstrong","category-locales","category-politica","category-region","tag-de","tag-encabezaron","tag-encuentro","tag-garcia-2","tag-pullaro","tag-unidos","tag-y","post_format-post-format-image"],"jetpack_publicize_connections":[],"jetpack_featured_media_url":"https:\/\/armstrongyregion.com.ar\/diario\/wp-content\/uploads\/2023\/08\/pullaro-1-2-3-.jpg","jetpack_shortlink":"https:\/\/wp.me\/p62QDO-ajC","jetpack_sharing_enabled":true,"amp_enabled":true,"_links":{"self":[{"href":"https:\/\/armstrongyregion.com.ar\/diario\/wp-json\/wp\/v2\/posts\/39656","targetHints":{"allow":["GET"]}}],"collection":[{"href":"https:\/\/armstrongyregion.com.ar\/diario\/wp-json\/wp\/v2\/posts"}],"about":[{"href":"https:\/\/armstrongyregion.com.ar\/diario\/wp-json\/wp\/v2\/types\/post"}],"author":[{"embeddable":true,"href":"https:\/\/armstrongyregion.com.ar\/diario\/wp-json\/wp\/v2\/users\/1"}],"replies":[{"embeddable":true,"href":"https:\/\/armstrongyregion.com.ar\/diario\/wp-json\/wp\/v2\/comments?post=39656"}],"version-history":[{"count":1,"href":"https:\/\/armstrongyregion.com.ar\/diario\/wp-json\/wp\/v2\/posts\/39656\/revisions"}],"predecessor-version":[{"id":39658,"href":"https:\/\/armstrongyregion.com.ar\/diario\/wp-json\/wp\/v2\/posts\/39656\/revisions\/39658"}],"wp:featuredmedia":[{"embeddable":true,"href":"https:\/\/armstrongyregion.com.ar\/diario\/wp-json\/wp\/v2\/media\/39657"}],"wp:attachment":[{"href":"https:\/\/armstrongyregion.com.ar\/diario\/wp-json\/wp\/v2\/media?parent=39656"}],"wp:term":[{"taxonomy":"category","embeddable":true,"href":"https:\/\/armstrongyregion.com.ar\/diario\/wp-json\/wp\/v2\/categories?post=39656"},{"taxonomy":"post_tag","embeddable":true,"href":"https:\/\/armstrongyregion.com.ar\/diario\/wp-json\/wp\/v2\/tags?post=39656"}],"curies":[{"name":"wp","href":"https:\/\/api.w.org\/{rel}","templated":true}]}}