{"id":39646,"date":"2023-08-03T01:56:27","date_gmt":"2023-08-03T01:56:27","guid":{"rendered":"https:\/\/armstrongyregion.com.ar\/diario\/?p=39646"},"modified":"2023-08-03T01:56:30","modified_gmt":"2023-08-03T01:56:30","slug":"debate-en-el-concejo-municipal-sobre-las-bombas-de-estruendo-tiradas-por-la-uom-en-el-reclamo-por-aumento-salarial-realizado-hace-algunos-dias","status":"publish","type":"post","link":"https:\/\/armstrongyregion.com.ar\/diario\/debate-en-el-concejo-municipal-sobre-las-bombas-de-estruendo-tiradas-por-la-uom-en-el-reclamo-por-aumento-salarial-realizado-hace-algunos-dias\/","title":{"rendered":"Debate en el Concejo Municipal sobre las bombas de estruendo tiradas por la UOM en el reclamo por aumento salarial realizado hace algunos d\u00edas."},"content":{"rendered":"\n<figure class=\"wp-block-image size-full\"><a href=\"http:\/\/armstrongyregion.com.ar\/diario\/wp-content\/uploads\/2023\/08\/ALE-PERTU.jpg\"><img loading=\"lazy\" decoding=\"async\" width=\"400\" height=\"295\" src=\"http:\/\/armstrongyregion.com.ar\/diario\/wp-content\/uploads\/2023\/08\/ALE-PERTU.jpg\" alt=\"\" class=\"wp-image-39647\" srcset=\"https:\/\/armstrongyregion.com.ar\/diario\/wp-content\/uploads\/2023\/08\/ALE-PERTU.jpg 400w, https:\/\/armstrongyregion.com.ar\/diario\/wp-content\/uploads\/2023\/08\/ALE-PERTU-300x221.jpg 300w\" sizes=\"auto, (max-width: 400px) 100vw, 400px\" \/><\/a><\/figure>\n\n\n\n<h2 class=\"wp-block-heading\"><strong>El bloque del oficialismo integrado por el Ing. Guillermo Luzzi y Prof. Alejandro Pertusati, presentaron una minuta de comunicaci\u00f3n sobre multas por uso y abuso de bombas de estruendo por parte de la UOM los d\u00edas 20 Y 21 de julio, tema que gener\u00f3 intenso debate en el recinto.<\/strong><\/h2>\n\n\n\n<p>Al t\u00e9rmino de la sesi\u00f3n Pertusati expres\u00f3; <strong>\u201c<\/strong><strong>P<\/strong><strong>arece que desde el 16 de julio hay un poco de nerviosismo en algunas fuer<\/strong><strong>z<\/strong><strong>a; lo <\/strong><strong>\u00fa<\/strong><strong>nico que presentamos fue un pedido de cumplimiento de una ordenan<\/strong><strong>z<\/strong><strong>a como tantas veces lo hemos hecho en este recinto.<\/strong> Dej\u00e9 en claro desde un principio que no estaba en contra de ninguna manifestacion de trabajadores, en cuanto las formas no ataquen ni hieran la paz social\u201d.<\/p>\n\n\n\n<p>Luego a\u00f1adi\u00f3: \u201cPor ahi lo que se pide tambi\u00e9n es el cumplimiento de la ordenana 1566 que trata sobre ruidos molestos ya que esta movilizaci\u00f3n tir\u00f3 bombas de estruendo por mas de 24 horas seguidas\u201d.<\/p>\n\n\n\n<p>Siguiendo la misma l\u00ednea de discurso el edil dijo: <strong>\u201c<\/strong><strong>Yo entiendo la postura del bloque de Renovaci\u00f3n por Armstrong que plantea que con di<\/strong><strong>\u00e1<\/strong><strong>logo todo se llega. Yo he convivido con una madre delegada de la seccional de <\/strong><strong>A<\/strong><strong>msaf<\/strong><strong>\u00e9<\/strong><strong> y nunca la vi tirar una bomba ni quema<\/strong><strong>r<\/strong><strong> cubiertas sobre el asfalto.<\/strong><\/p>\n\n\n\n<p>Lo que pedimos es que se ejecuten las multas correspondientes y se destinen los fondos al SAMCo local y a la agrupacion proteccionista de la ciudad. <strong>P<\/strong><strong>orque se ha hablado tanto en este concejo sobre ruidos molestos y lo mal que le hace a los animales, <\/strong><strong>a<\/strong><strong> personas con sen<\/strong><strong>s<\/strong><strong>ibilidad auditiva; <\/strong><strong>ni\u00f1os<\/strong><strong> con autismo, <\/strong><strong>sinceramente <\/strong><strong>pens<\/strong><strong>\u00e9<\/strong><strong> que iba a tener el acompa\u00f1amiento un<\/strong><strong>\u00e1<\/strong><strong>nime del concejo y una fuer<\/strong><strong>z<\/strong><strong>a se abstuvo; <\/strong><strong>R<\/strong><strong>enovacion por Armstrong <\/strong><strong>en este caso. Ante esta situaci\u00f3n o est\u00e1s<\/strong><strong> de acuerdo con una forma de manifestar o estas de acuerdo con otra <\/strong><strong>que tiene que ver con el dialogo y el sentido com\u00fan\u201d.<\/strong><\/p>\n","protected":false},"excerpt":{"rendered":"<p>El bloque del oficialismo integrado por el Ing. Guillermo Luzzi y Prof. Alejandro Pertusati, presentaron una minuta de comunicaci\u00f3n sobre multas por uso y abuso de bombas de estruendo por parte de la UOM los d\u00edas 20 Y 21 de julio, tema que gener\u00f3 intenso debate en el recinto. Al t\u00e9rmino de la sesi\u00f3n Pertusati <a href=\"https:\/\/armstrongyregion.com.ar\/diario\/debate-en-el-concejo-municipal-sobre-las-bombas-de-estruendo-tiradas-por-la-uom-en-el-reclamo-por-aumento-salarial-realizado-hace-algunos-dias\/\" title=\"Read more\" >&#8230;<\/a><\/p>\n","protected":false},"author":1,"featured_media":39647,"comment_status":"open","ping_status":"open","sticky":false,"template":"","format":"image","meta":{"_jetpack_memberships_contains_paid_content":false,"footnotes":"","jetpack_publicize_message":"","jetpack_publicize_feature_enabled":true,"jetpack_social_post_already_shared":true,"jetpack_social_options":{"image_generator_settings":{"template":"highway","default_image_id":0,"enabled":false},"version":2}},"categories":[8,1,2,7,3],"tags":[9688,868,19,1356,9689,8655,118],"class_list":["post-39646","post","type-post","status-publish","format-image","has-post-thumbnail","hentry","category-deliberando","category-diario-armstrong","category-locales","category-politica","category-region","tag-bombas","tag-concejo","tag-de","tag-debate","tag-estruendo","tag-municipal-2","tag-sobre","post_format-post-format-image"],"jetpack_publicize_connections":[],"jetpack_featured_media_url":"https:\/\/armstrongyregion.com.ar\/diario\/wp-content\/uploads\/2023\/08\/ALE-PERTU.jpg","jetpack_shortlink":"https:\/\/wp.me\/p62QDO-ajs","jetpack_sharing_enabled":true,"amp_enabled":true,"_links":{"self":[{"href":"https:\/\/armstrongyregion.com.ar\/diario\/wp-json\/wp\/v2\/posts\/39646","targetHints":{"allow":["GET"]}}],"collection":[{"href":"https:\/\/armstrongyregion.com.ar\/diario\/wp-json\/wp\/v2\/posts"}],"about":[{"href":"https:\/\/armstrongyregion.com.ar\/diario\/wp-json\/wp\/v2\/types\/post"}],"author":[{"embeddable":true,"href":"https:\/\/armstrongyregion.com.ar\/diario\/wp-json\/wp\/v2\/users\/1"}],"replies":[{"embeddable":true,"href":"https:\/\/armstrongyregion.com.ar\/diario\/wp-json\/wp\/v2\/comments?post=39646"}],"version-history":[{"count":1,"href":"https:\/\/armstrongyregion.com.ar\/diario\/wp-json\/wp\/v2\/posts\/39646\/revisions"}],"predecessor-version":[{"id":39648,"href":"https:\/\/armstrongyregion.com.ar\/diario\/wp-json\/wp\/v2\/posts\/39646\/revisions\/39648"}],"wp:featuredmedia":[{"embeddable":true,"href":"https:\/\/armstrongyregion.com.ar\/diario\/wp-json\/wp\/v2\/media\/39647"}],"wp:attachment":[{"href":"https:\/\/armstrongyregion.com.ar\/diario\/wp-json\/wp\/v2\/media?parent=39646"}],"wp:term":[{"taxonomy":"category","embeddable":true,"href":"https:\/\/armstrongyregion.com.ar\/diario\/wp-json\/wp\/v2\/categories?post=39646"},{"taxonomy":"post_tag","embeddable":true,"href":"https:\/\/armstrongyregion.com.ar\/diario\/wp-json\/wp\/v2\/tags?post=39646"}],"curies":[{"name":"wp","href":"https:\/\/api.w.org\/{rel}","templated":true}]}}